{"id":95707,"date":"2023-09-11T14:17:10","date_gmt":"2023-09-11T17:17:10","guid":{"rendered":"https:\/\/www.centraldenoticias.com.ar\/?p=95707"},"modified":"2023-09-11T14:17:10","modified_gmt":"2023-09-11T17:17:10","slug":"autoridades-de-feba-estuvieron-en-la-camara-empresaria","status":"publish","type":"post","link":"https:\/\/cdnoticias.com\/index.php\/2023\/09\/11\/autoridades-de-feba-estuvieron-en-la-camara-empresaria\/","title":{"rendered":"Autoridades de FEBA estuvieron en la C\u00e1mara Empresaria"},"content":{"rendered":"<p>Este lunes estuvieron el vicepresidente y el secretario de la Federaci\u00f3n Econ\u00f3mica de la Provincia de Buenos Aires, Carlos Cappelletti y Leonardo Tasca, respectivamente. Se destac\u00f3 el \u201ccompromiso de acciones conjuntas para potenciar al sector comercial local\u201d.<\/p>\n<p><!--more--><\/p>\n<hr \/>\n<p>La<strong> C\u00e1mara Empresaria de Olavarr\u00eda<\/strong> dio a conocer que <strong>recibi\u00f3 la visita de autoridades de la Federaci\u00f3n Econ\u00f3mica de la Provincia de Buenos Aires<\/strong> este lunes.<\/p>\n<p>&nbsp;<\/p>\n<p>Llegaron el <strong>vicepresidente de la entidad, Carlos Cappelletti<\/strong>, y el <strong>secretario, Leonardo Tasca<\/strong>, quienes fueron recibidos por el presidente de la organizaci\u00f3n local, Mario Antista.<\/p>\n<p>&nbsp;<\/p>\n<p>El titular de la C\u00e1mara Empresaria destac\u00f3 la<strong> importancia del v\u00ednculo que mantienen ambas instituciones<\/strong> y el arduo trabajo llevado a cabo en los 70 a\u00f1os de existencia de FEBA.<\/p>\n<p>&nbsp;<\/p>\n<p>Por su parte, <strong>Carlos Cappelletti resalt\u00f3 la labor que siempre ha realizado la entidad centenaria local<\/strong> y el esfuerzo que sus dirigentes realizan para solucionar inconvenientes y elevar propuestas de valor en las diferentes \u00e1reas productivas y empresariales de FEBA.<\/p>\n<p>&nbsp;<\/p>\n<p><img data-recalc-dims=\"1\" loading=\"lazy\" decoding=\"async\" class=\"size-full wp-image-95708 aligncenter\" src=\"https:\/\/i0.wp.com\/cdnoticias.com\/wp-content\/uploads\/2023\/09\/feba-camara-empresaria-01.jpg?resize=800%2C361&#038;ssl=1\" alt=\"\" width=\"800\" height=\"361\" srcset=\"https:\/\/i0.wp.com\/cdnoticias.com\/wp-content\/uploads\/2023\/09\/feba-camara-empresaria-01.jpg?w=800&amp;ssl=1 800w, https:\/\/i0.wp.com\/cdnoticias.com\/wp-content\/uploads\/2023\/09\/feba-camara-empresaria-01.jpg?resize=300%2C135&amp;ssl=1 300w, https:\/\/i0.wp.com\/cdnoticias.com\/wp-content\/uploads\/2023\/09\/feba-camara-empresaria-01.jpg?resize=768%2C347&amp;ssl=1 768w\" sizes=\"auto, (max-width: 800px) 100vw, 800px\" \/><\/p>\n<p>&nbsp;<\/p>\n<p>\u201cEl motivo de la visita tuvo como eje fundamental<strong> acordar una serie de acciones\u00a0 para cuidar y potenciar las actividades econ\u00f3micas de la Provincia<\/strong> y asegurar el compromiso de FEBA para que todas las instituciones empresariales, que la componen, puedan desenvolverse de la manera m\u00e1s eficaz\u201d inform\u00f3 la C\u00e1mara Empresaria sobre el encuentro.<\/p>\n<p>&nbsp;<\/p>\n<p>Para lograr estos objetivos se desarrollaron <strong>agendas regionales de actividades<\/strong> y una serie de jornadas dirigenciales y gerenciales, las que se suman a las capacitaciones y asesor\u00edas que ya se vienen realizando.<\/p>\n<p>&nbsp;<\/p>\n<blockquote><p>En el balance de la visita, los directivos locales valoraron que \u201cel encuentro fue muy productivo ya que los dirigentes provinciales se llevaron varias inquietudes de los empresarios locales que participaron de la reuni\u00f3n y se gener\u00f3 un importante compromiso de acciones conjuntas para potenciar al sector comercial local\u201d.<\/p><\/blockquote>\n","protected":false},"excerpt":{"rendered":"<p>Este lunes estuvieron el vicepresidente y el secretario de la Federaci\u00f3n Econ\u00f3mica de la Provincia de Buenos Aires, Carlos Cappelletti<\/p>\n","protected":false},"author":4,"featured_media":95709,"comment_status":"closed","ping_status":"closed","sticky":false,"template":"","format":"standard","meta":{"_jetpack_memberships_contains_paid_content":false,"footnotes":""},"categories":[5,1],"tags":[],"class_list":["post-95707","post","type-post","status-publish","format-standard","has-post-thumbnail","hentry","category-informacion-general","category-portada"],"jetpack_featured_media_url":"https:\/\/i0.wp.com\/cdnoticias.com\/wp-content\/uploads\/2023\/09\/feba-camara-empresaria-00.jpg?fit=800%2C445&ssl=1","jetpack_sharing_enabled":true,"_links":{"self":[{"href":"https:\/\/cdnoticias.com\/index.php\/wp-json\/wp\/v2\/posts\/95707","targetHints":{"allow":["GET"]}}],"collection":[{"href":"https:\/\/cdnoticias.com\/index.php\/wp-json\/wp\/v2\/posts"}],"about":[{"href":"https:\/\/cdnoticias.com\/index.php\/wp-json\/wp\/v2\/types\/post"}],"author":[{"embeddable":true,"href":"https:\/\/cdnoticias.com\/index.php\/wp-json\/wp\/v2\/users\/4"}],"replies":[{"embeddable":true,"href":"https:\/\/cdnoticias.com\/index.php\/wp-json\/wp\/v2\/comments?post=95707"}],"version-history":[{"count":0,"href":"https:\/\/cdnoticias.com\/index.php\/wp-json\/wp\/v2\/posts\/95707\/revisions"}],"wp:featuredmedia":[{"embeddable":true,"href":"https:\/\/cdnoticias.com\/index.php\/wp-json\/wp\/v2\/media\/95709"}],"wp:attachment":[{"href":"https:\/\/cdnoticias.com\/index.php\/wp-json\/wp\/v2\/media?parent=95707"}],"wp:term":[{"taxonomy":"category","embeddable":true,"href":"https:\/\/cdnoticias.com\/index.php\/wp-json\/wp\/v2\/categories?post=95707"},{"taxonomy":"post_tag","embeddable":true,"href":"https:\/\/cdnoticias.com\/index.php\/wp-json\/wp\/v2\/tags?post=95707"}],"curies":[{"name":"wp","href":"https:\/\/api.w.org\/{rel}","templated":true}]}}