{"id":95705,"date":"2023-09-11T10:48:26","date_gmt":"2023-09-11T13:48:26","guid":{"rendered":"https:\/\/www.centraldenoticias.com.ar\/?p=95705"},"modified":"2023-09-11T10:48:26","modified_gmt":"2023-09-11T13:48:26","slug":"la-tormenta-provoco-cortes-de-luz-en-distintos-puntos-de-olavarria","status":"publish","type":"post","link":"https:\/\/cdnoticias.com\/index.php\/2023\/09\/11\/la-tormenta-provoco-cortes-de-luz-en-distintos-puntos-de-olavarria\/","title":{"rendered":"La tormenta provoc\u00f3 cortes de luz en distintos puntos de Olavarr\u00eda"},"content":{"rendered":"<p>Personal de Coopelectric se encuentra trabajando para normalizar el servicio.<!--more--><\/p>\n<hr \/>\n<p>Producto de la tormenta que se registr\u00f3 este lunes por la ma\u00f1ana se produjeron<strong> cortes de luz en distintos puntos de la ciudad.<\/strong><\/p>\n<p>&nbsp;<\/p>\n<p>Desde Coopelectric se inform\u00f3 que se encuentra<strong> sin servicio el\u00e9ctrico un circuito correspondiente al barrio Hip\u00f3lito Yrigoyen.<\/strong><\/p>\n<p>&nbsp;<\/p>\n<p>Al mismo tiempo se registra la<strong> falta de una fase en Espigas y reclamos de derivaciones puntuales en los sistemas rurales.<\/strong><\/p>\n<p>&nbsp;<\/p>\n<p>El personal de Coopelectric se encuentra realizando tareas para poder <strong>normalizar el suministro.<\/strong><\/p>\n<p>&nbsp;<\/p>\n<p>Por \u00faltimo, recordaron a los usuarios que, para efectuar reclamos de Energ\u00eda El\u00e9ctrica pueden comunicarse al <strong>Tel. 412305\/306, WhastsApp 2284-230707 y SMS al 2284-680000.<\/strong><\/p>\n","protected":false},"excerpt":{"rendered":"<p>Personal de Coopelectric se encuentra trabajando para normalizar el servicio.<\/p>\n","protected":false},"author":5,"featured_media":41403,"comment_status":"closed","ping_status":"closed","sticky":false,"template":"","format":"standard","meta":{"_jetpack_memberships_contains_paid_content":false,"footnotes":""},"categories":[5,1],"tags":[],"class_list":["post-95705","post","type-post","status-publish","format-standard","has-post-thumbnail","hentry","category-informacion-general","category-portada"],"jetpack_featured_media_url":"https:\/\/i0.wp.com\/cdnoticias.com\/wp-content\/uploads\/2021\/12\/coopelectric-camion.jpg?fit=1600%2C890&ssl=1","jetpack_sharing_enabled":true,"_links":{"self":[{"href":"https:\/\/cdnoticias.com\/index.php\/wp-json\/wp\/v2\/posts\/95705","targetHints":{"allow":["GET"]}}],"collection":[{"href":"https:\/\/cdnoticias.com\/index.php\/wp-json\/wp\/v2\/posts"}],"about":[{"href":"https:\/\/cdnoticias.com\/index.php\/wp-json\/wp\/v2\/types\/post"}],"author":[{"embeddable":true,"href":"https:\/\/cdnoticias.com\/index.php\/wp-json\/wp\/v2\/users\/5"}],"replies":[{"embeddable":true,"href":"https:\/\/cdnoticias.com\/index.php\/wp-json\/wp\/v2\/comments?post=95705"}],"version-history":[{"count":0,"href":"https:\/\/cdnoticias.com\/index.php\/wp-json\/wp\/v2\/posts\/95705\/revisions"}],"wp:featuredmedia":[{"embeddable":true,"href":"https:\/\/cdnoticias.com\/index.php\/wp-json\/wp\/v2\/media\/41403"}],"wp:attachment":[{"href":"https:\/\/cdnoticias.com\/index.php\/wp-json\/wp\/v2\/media?parent=95705"}],"wp:term":[{"taxonomy":"category","embeddable":true,"href":"https:\/\/cdnoticias.com\/index.php\/wp-json\/wp\/v2\/categories?post=95705"},{"taxonomy":"post_tag","embeddable":true,"href":"https:\/\/cdnoticias.com\/index.php\/wp-json\/wp\/v2\/tags?post=95705"}],"curies":[{"name":"wp","href":"https:\/\/api.w.org\/{rel}","templated":true}]}}