{"id":95692,"date":"2023-09-11T10:24:59","date_gmt":"2023-09-11T13:24:59","guid":{"rendered":"https:\/\/www.centraldenoticias.com.ar\/?p=95692"},"modified":"2023-09-11T12:17:36","modified_gmt":"2023-09-11T15:17:36","slug":"lunes-de-tormenta-con-lluvia-viento-y-granizo-en-olavarria","status":"publish","type":"post","link":"https:\/\/cdnoticias.com\/index.php\/2023\/09\/11\/lunes-de-tormenta-con-lluvia-viento-y-granizo-en-olavarria\/","title":{"rendered":"Lunes de tormenta con lluvia, viento y granizo en Olavarr\u00eda"},"content":{"rendered":"<p>La Estaci\u00f3n Meteorol\u00f3gica local inform\u00f3 que el registro de lluvia fue de 27,5 mm a las 9 de la ma\u00f1ana. El viento sopl\u00f3 hasta 82 km\/h. Ca\u00edda de granizo en numerosos puntos del distrito.<\/p>\n<p><!--more--><\/p>\n<hr \/>\n<p>El <strong>registro de lluvia hasta las 9 de la ma\u00f1ana<\/strong> de este lunes es de<strong> 27,5 mil\u00edmetros en Olavarr\u00eda<\/strong> mientras la regi\u00f3n sigue bajo un <strong>alerta meteorol\u00f3gico por tormentas de nivel amarillo<\/strong>.<\/p>\n<p>&nbsp;<\/p>\n<p>El fen\u00f3meno incluy\u00f3 fuertes <strong>r\u00e1fagas de viento del sudeste que alcanzaron los 82 kil\u00f3metros por hora<\/strong> y <strong>ca\u00edda de granizo<\/strong> de variada intensidad.<\/p>\n<p>&nbsp;<\/p>\n<p><img data-recalc-dims=\"1\" loading=\"lazy\" decoding=\"async\" class=\"size-full wp-image-95703 aligncenter\" src=\"https:\/\/i0.wp.com\/cdnoticias.com\/wp-content\/uploads\/2023\/09\/tomenta-lluvia-05.jpg?resize=800%2C445&#038;ssl=1\" alt=\"\" width=\"800\" height=\"445\" srcset=\"https:\/\/i0.wp.com\/cdnoticias.com\/wp-content\/uploads\/2023\/09\/tomenta-lluvia-05.jpg?w=800&amp;ssl=1 800w, https:\/\/i0.wp.com\/cdnoticias.com\/wp-content\/uploads\/2023\/09\/tomenta-lluvia-05.jpg?resize=300%2C167&amp;ssl=1 300w, https:\/\/i0.wp.com\/cdnoticias.com\/wp-content\/uploads\/2023\/09\/tomenta-lluvia-05.jpg?resize=768%2C427&amp;ssl=1 768w\" sizes=\"auto, (max-width: 800px) 100vw, 800px\" \/><\/p>\n<p><img data-recalc-dims=\"1\" loading=\"lazy\" decoding=\"async\" class=\"size-full wp-image-95702 aligncenter\" src=\"https:\/\/i0.wp.com\/cdnoticias.com\/wp-content\/uploads\/2023\/09\/tomenta-lluvia-04.jpg?resize=800%2C445&#038;ssl=1\" alt=\"\" width=\"800\" height=\"445\" srcset=\"https:\/\/i0.wp.com\/cdnoticias.com\/wp-content\/uploads\/2023\/09\/tomenta-lluvia-04.jpg?w=800&amp;ssl=1 800w, https:\/\/i0.wp.com\/cdnoticias.com\/wp-content\/uploads\/2023\/09\/tomenta-lluvia-04.jpg?resize=300%2C167&amp;ssl=1 300w, https:\/\/i0.wp.com\/cdnoticias.com\/wp-content\/uploads\/2023\/09\/tomenta-lluvia-04.jpg?resize=768%2C427&amp;ssl=1 768w\" sizes=\"auto, (max-width: 800px) 100vw, 800px\" \/><\/p>\n<p>&nbsp;<\/p>\n<p>Para este lunes, la <strong>temperatura m\u00ednima registrada fue de 9,8\u00ba a las 7.30<\/strong> y m\u00e1xima prevista es de 16\u00ba. <strong>Se pronosticaron lluvias para casi todo el d\u00eda<\/strong>: tormentas fuertes para la madrugada y la ma\u00f1ana, y chaparrones para la tarde. Para la noche, nublado.<\/p>\n<p>&nbsp;<\/p>\n<p>La <strong>advertencia para tormentas fuertes, alerta amarilla, abarca a Olavarr\u00eda, La Madrid y Laprida<\/strong>. <em>\u201cEl \u00e1rea ser\u00e1 afectada por tormentas aisladas de variada intensidad, algunas de las cuales pueden ser fuertes. Se espera que est\u00e9n acompa\u00f1adas por fuertes r\u00e1fagas, intensa actividad el\u00e9ctrica, ocasional ca\u00edda de granizo y abundante ca\u00edda de agua en cortos per\u00edodos. Se estiman valores de precipitaci\u00f3n acumulada entre 20 y 40 mm, pudiendo ser superados de forma puntual\u201d<\/em> indic\u00f3 el Servicio Meteorol\u00f3gico Nacional.<\/p>\n<p>&nbsp;<\/p>\n<p><img data-recalc-dims=\"1\" loading=\"lazy\" decoding=\"async\" class=\"size-full wp-image-95701 aligncenter\" src=\"https:\/\/i0.wp.com\/cdnoticias.com\/wp-content\/uploads\/2023\/09\/tomenta-lluvia-03.jpg?resize=800%2C600&#038;ssl=1\" alt=\"\" width=\"800\" height=\"600\" srcset=\"https:\/\/i0.wp.com\/cdnoticias.com\/wp-content\/uploads\/2023\/09\/tomenta-lluvia-03.jpg?w=800&amp;ssl=1 800w, https:\/\/i0.wp.com\/cdnoticias.com\/wp-content\/uploads\/2023\/09\/tomenta-lluvia-03.jpg?resize=300%2C225&amp;ssl=1 300w, https:\/\/i0.wp.com\/cdnoticias.com\/wp-content\/uploads\/2023\/09\/tomenta-lluvia-03.jpg?resize=768%2C576&amp;ssl=1 768w\" sizes=\"auto, (max-width: 800px) 100vw, 800px\" \/><\/p>\n<p><img data-recalc-dims=\"1\" loading=\"lazy\" decoding=\"async\" class=\"size-full wp-image-95700 aligncenter\" src=\"https:\/\/i0.wp.com\/cdnoticias.com\/wp-content\/uploads\/2023\/09\/tomenta-lluvia-02.jpg?resize=800%2C445&#038;ssl=1\" alt=\"\" width=\"800\" height=\"445\" srcset=\"https:\/\/i0.wp.com\/cdnoticias.com\/wp-content\/uploads\/2023\/09\/tomenta-lluvia-02.jpg?w=800&amp;ssl=1 800w, https:\/\/i0.wp.com\/cdnoticias.com\/wp-content\/uploads\/2023\/09\/tomenta-lluvia-02.jpg?resize=300%2C167&amp;ssl=1 300w, https:\/\/i0.wp.com\/cdnoticias.com\/wp-content\/uploads\/2023\/09\/tomenta-lluvia-02.jpg?resize=768%2C427&amp;ssl=1 768w\" sizes=\"auto, (max-width: 800px) 100vw, 800px\" \/><\/p>\n<p>&nbsp;<\/p>\n<blockquote><p>La Estaci\u00f3n Meteorol\u00f3gica de Olavarr\u00eda ubicada en el aer\u00f3dromo inform\u00f3 que a las 9, el viento soplaba del sudeste a 44 kil\u00f3metros por hora con r\u00e1fagas de 82 kil\u00f3metros y la visibilidad estaba reducida por tormenta con lluvia a 8 kil\u00f3metros. El registro de precipitaci\u00f3n hasta esa hora era de 27,5 mil\u00edmetros.<\/p><\/blockquote>\n<p>&nbsp;<\/p>\n<p>A ra\u00edz de la fuerte ca\u00edda de agua en cortos lapsos de tiempo<strong> muchas calles se vieron anegadas<\/strong> durante algunos minutos durante la ma\u00f1ana en la ciudad de Olavarr\u00eda.<\/p>\n<p>&nbsp;<\/p>\n<p><img data-recalc-dims=\"1\" loading=\"lazy\" decoding=\"async\" class=\"size-full wp-image-95699 aligncenter\" src=\"https:\/\/i0.wp.com\/cdnoticias.com\/wp-content\/uploads\/2023\/09\/tomenta-lluvia-01.jpg?resize=800%2C445&#038;ssl=1\" alt=\"\" width=\"800\" height=\"445\" srcset=\"https:\/\/i0.wp.com\/cdnoticias.com\/wp-content\/uploads\/2023\/09\/tomenta-lluvia-01.jpg?w=800&amp;ssl=1 800w, https:\/\/i0.wp.com\/cdnoticias.com\/wp-content\/uploads\/2023\/09\/tomenta-lluvia-01.jpg?resize=300%2C167&amp;ssl=1 300w, https:\/\/i0.wp.com\/cdnoticias.com\/wp-content\/uploads\/2023\/09\/tomenta-lluvia-01.jpg?resize=768%2C427&amp;ssl=1 768w\" sizes=\"auto, (max-width: 800px) 100vw, 800px\" \/><\/p>\n<p><img data-recalc-dims=\"1\" loading=\"lazy\" decoding=\"async\" class=\"size-full wp-image-95698 aligncenter\" src=\"https:\/\/i0.wp.com\/cdnoticias.com\/wp-content\/uploads\/2023\/09\/tomenta-lluvia-00.jpg?resize=800%2C445&#038;ssl=1\" alt=\"\" width=\"800\" height=\"445\" srcset=\"https:\/\/i0.wp.com\/cdnoticias.com\/wp-content\/uploads\/2023\/09\/tomenta-lluvia-00.jpg?w=800&amp;ssl=1 800w, https:\/\/i0.wp.com\/cdnoticias.com\/wp-content\/uploads\/2023\/09\/tomenta-lluvia-00.jpg?resize=300%2C167&amp;ssl=1 300w, https:\/\/i0.wp.com\/cdnoticias.com\/wp-content\/uploads\/2023\/09\/tomenta-lluvia-00.jpg?resize=768%2C427&amp;ssl=1 768w\" sizes=\"auto, (max-width: 800px) 100vw, 800px\" \/><\/p>\n<p>&nbsp;<\/p>\n","protected":false},"excerpt":{"rendered":"<p>La Estaci\u00f3n Meteorol\u00f3gica local inform\u00f3 que el registro de lluvia fue de 27,5 mm a las 9 de la ma\u00f1ana.<\/p>\n","protected":false},"author":4,"featured_media":95697,"comment_status":"closed","ping_status":"closed","sticky":false,"template":"","format":"standard","meta":{"_jetpack_memberships_contains_paid_content":false,"footnotes":""},"categories":[5,1],"tags":[],"class_list":["post-95692","post","type-post","status-publish","format-standard","has-post-thumbnail","hentry","category-informacion-general","category-portada"],"jetpack_featured_media_url":"https:\/\/i0.wp.com\/cdnoticias.com\/wp-content\/uploads\/2023\/09\/tomenta-lluvia-0.jpg?fit=800%2C445&ssl=1","jetpack_sharing_enabled":true,"_links":{"self":[{"href":"https:\/\/cdnoticias.com\/index.php\/wp-json\/wp\/v2\/posts\/95692","targetHints":{"allow":["GET"]}}],"collection":[{"href":"https:\/\/cdnoticias.com\/index.php\/wp-json\/wp\/v2\/posts"}],"about":[{"href":"https:\/\/cdnoticias.com\/index.php\/wp-json\/wp\/v2\/types\/post"}],"author":[{"embeddable":true,"href":"https:\/\/cdnoticias.com\/index.php\/wp-json\/wp\/v2\/users\/4"}],"replies":[{"embeddable":true,"href":"https:\/\/cdnoticias.com\/index.php\/wp-json\/wp\/v2\/comments?post=95692"}],"version-history":[{"count":0,"href":"https:\/\/cdnoticias.com\/index.php\/wp-json\/wp\/v2\/posts\/95692\/revisions"}],"wp:featuredmedia":[{"embeddable":true,"href":"https:\/\/cdnoticias.com\/index.php\/wp-json\/wp\/v2\/media\/95697"}],"wp:attachment":[{"href":"https:\/\/cdnoticias.com\/index.php\/wp-json\/wp\/v2\/media?parent=95692"}],"wp:term":[{"taxonomy":"category","embeddable":true,"href":"https:\/\/cdnoticias.com\/index.php\/wp-json\/wp\/v2\/categories?post=95692"},{"taxonomy":"post_tag","embeddable":true,"href":"https:\/\/cdnoticias.com\/index.php\/wp-json\/wp\/v2\/tags?post=95692"}],"curies":[{"name":"wp","href":"https:\/\/api.w.org\/{rel}","templated":true}]}}