{"id":95685,"date":"2023-09-11T08:36:32","date_gmt":"2023-09-11T11:36:32","guid":{"rendered":"https:\/\/www.centraldenoticias.com.ar\/?p=95685"},"modified":"2023-09-11T08:36:32","modified_gmt":"2023-09-11T11:36:32","slug":"moreau-insto-a-llenar-de-ideas-y-esperanzas-las-propuestas-de-union-por-la-patria","status":"publish","type":"post","link":"https:\/\/cdnoticias.com\/index.php\/2023\/09\/11\/moreau-insto-a-llenar-de-ideas-y-esperanzas-las-propuestas-de-union-por-la-patria\/","title":{"rendered":"Moreau inst\u00f3 a llenar de ideas y esperanzas las propuestas de Uni\u00f3n por la Patria"},"content":{"rendered":"<p>La titular de la C\u00e1mara baja expres\u00f3 tambi\u00e9n que &#8220;no me imagino el escenario de Milei presidente, le tengo mucho miedo a que el 11 de diciembre\u201d.<!--more--><\/p>\n<hr \/>\n<p>La Presidenta de la C\u00e1mara de Diputados, Cecilia Moreau, inst\u00f3 hoy a &#8220;llenar de ideas y esperanzas las propuestas de Uni\u00f3n por la Patria y sobre todo un esp\u00edritu transformador&#8221; y agreg\u00f3 que &#8220;por eso el acto de Tucum\u00e1n fue muy importante para los argentinos&#8221;.<\/p>\n<p>&nbsp;<\/p>\n<p>En declaraciones radiales, se\u00f1al\u00f3 adem\u00e1s que &#8220;Sergio (Massa) lo que tiene b\u00e1sicamente es <strong>una impronta de trabajo distinta a la de cualquiera de nosotros<\/strong> que hace que cualquiera de nosotros trabaje el doble o el triple para seguir el ritmo&#8221;.<\/p>\n<p>&nbsp;<\/p>\n<p>En esa l\u00ednea, sostuvo que el Ministro de Econom\u00eda &#8220;<strong>tiene la humildad de pedir disculpas por lo que no se pudo hacer o por lo que se hizo mal, aunque no haya sido responsabilidad de \u00e9l, pero igualmente se hace cargo<\/strong>, porque eso lo hace dirigente pol\u00edtico y desde esa autocr\u00edtica mira el futuro y eso nos pone en un lugar distinto&#8221;.<\/p>\n<p>&nbsp;<\/p>\n<blockquote><p>Asimismo, dijo que Massa &#8220;tiene m\u00e1s claro que nadie que el verdadero desaf\u00edo en la Argentina es resolver esta puja distributiva tan inequitativa y sobre todo hoy lo urgente es recomponer el poder adquisitivo del salario. Ahora sabe que no es con magia ni rompiendo todo&#8221;.<\/p><\/blockquote>\n<p>&nbsp;<\/p>\n<p>La titular de la C\u00e1mara baja expres\u00f3 tambi\u00e9n que &#8220;no me imagino el escenario de Milei presidente, le tengo mucho miedo a que el 11 de diciembre, si algo as\u00ed llegase a suceder, al cumplirse el 40 aniversario de la democracia, <strong>los argentinos nos despertemos en una Argentina donde hayamos rifado la lucha,<\/strong> primero por la reconstrucci\u00f3n democr\u00e1tica y esos 40 a\u00f1os, sin derechos, una Argentina en crisis, una Argentina violenta&#8221;.<\/p>\n<p>&nbsp;<\/p>\n<p>En ese sentido, a\u00f1adi\u00f3 que el actual sistema pol\u00edtico <strong>&#8220;puede tener muchos errores y tiene muchas deudas, pero sin duda es el mejor sistema del mundo que es la democracia&#8221;.<\/strong><\/p>\n","protected":false},"excerpt":{"rendered":"<p>La titular de la C\u00e1mara baja expres\u00f3 tambi\u00e9n que &#8220;no me imagino el escenario de Milei presidente, le tengo mucho<\/p>\n","protected":false},"author":5,"featured_media":95686,"comment_status":"closed","ping_status":"closed","sticky":false,"template":"","format":"standard","meta":{"_jetpack_memberships_contains_paid_content":false,"footnotes":""},"categories":[6,1],"tags":[],"class_list":["post-95685","post","type-post","status-publish","format-standard","has-post-thumbnail","hentry","category-nacionales","category-portada"],"jetpack_featured_media_url":"https:\/\/i0.wp.com\/cdnoticias.com\/wp-content\/uploads\/2023\/09\/IMG-20230909-WA0035.jpg?fit=1170%2C540&ssl=1","jetpack_sharing_enabled":true,"_links":{"self":[{"href":"https:\/\/cdnoticias.com\/index.php\/wp-json\/wp\/v2\/posts\/95685","targetHints":{"allow":["GET"]}}],"collection":[{"href":"https:\/\/cdnoticias.com\/index.php\/wp-json\/wp\/v2\/posts"}],"about":[{"href":"https:\/\/cdnoticias.com\/index.php\/wp-json\/wp\/v2\/types\/post"}],"author":[{"embeddable":true,"href":"https:\/\/cdnoticias.com\/index.php\/wp-json\/wp\/v2\/users\/5"}],"replies":[{"embeddable":true,"href":"https:\/\/cdnoticias.com\/index.php\/wp-json\/wp\/v2\/comments?post=95685"}],"version-history":[{"count":0,"href":"https:\/\/cdnoticias.com\/index.php\/wp-json\/wp\/v2\/posts\/95685\/revisions"}],"wp:featuredmedia":[{"embeddable":true,"href":"https:\/\/cdnoticias.com\/index.php\/wp-json\/wp\/v2\/media\/95686"}],"wp:attachment":[{"href":"https:\/\/cdnoticias.com\/index.php\/wp-json\/wp\/v2\/media?parent=95685"}],"wp:term":[{"taxonomy":"category","embeddable":true,"href":"https:\/\/cdnoticias.com\/index.php\/wp-json\/wp\/v2\/categories?post=95685"},{"taxonomy":"post_tag","embeddable":true,"href":"https:\/\/cdnoticias.com\/index.php\/wp-json\/wp\/v2\/tags?post=95685"}],"curies":[{"name":"wp","href":"https:\/\/api.w.org\/{rel}","templated":true}]}}