{"id":95683,"date":"2023-09-11T08:21:42","date_gmt":"2023-09-11T11:21:42","guid":{"rendered":"https:\/\/www.centraldenoticias.com.ar\/?p=95683"},"modified":"2023-09-11T08:21:42","modified_gmt":"2023-09-11T11:21:42","slug":"se-suspendio-el-acto-protocolar-en-homenaje-a-sarmiento","status":"publish","type":"post","link":"https:\/\/cdnoticias.com\/index.php\/2023\/09\/11\/se-suspendio-el-acto-protocolar-en-homenaje-a-sarmiento\/","title":{"rendered":"Se suspendi\u00f3 el acto protocolar en homenaje a Sarmiento"},"content":{"rendered":"<p>Desde el Municipio se inform\u00f3 que fue suspendido el acto que iba a realizarse este lunes en V\u00e9lez S\u00e1rsfield y Cerrito, frente al monumento.<\/p>\n<p><!--more--><\/p>\n<hr \/>\n<p>El Municipio inform\u00f3 que <strong>qued\u00f3 suspendido el acto por el aniversario del fallecimiento de Sarmiento<\/strong> que iba a realizarse este lunes en V\u00e9lez S\u00e1rsfield y Cerrito en homenaje a la figura de cada maestro y maestra de nuestra comunidad.<\/p>\n<p>&nbsp;<\/p>\n<p>Este lunes, 11 de septiembre, se cumplen <strong>135 a\u00f1os del fallecimiento de Domingo Faustino Sarmiento.<\/strong><\/p>\n<p>&nbsp;<\/p>\n<p>El acto protocolar iba a llevarse a cabo en el monumento al pr\u00f3cer, como se realiza cada a\u00f1o tradicionalmente.<\/p>\n<p>&nbsp;<\/p>\n","protected":false},"excerpt":{"rendered":"<p>Desde el Municipio se inform\u00f3 que fue suspendido el acto que iba a realizarse este lunes en V\u00e9lez S\u00e1rsfield y<\/p>\n","protected":false},"author":4,"featured_media":32455,"comment_status":"closed","ping_status":"closed","sticky":false,"template":"","format":"standard","meta":{"_jetpack_memberships_contains_paid_content":false,"footnotes":""},"categories":[5,1],"tags":[],"class_list":["post-95683","post","type-post","status-publish","format-standard","has-post-thumbnail","hentry","category-informacion-general","category-portada"],"jetpack_featured_media_url":"https:\/\/i0.wp.com\/cdnoticias.com\/wp-content\/uploads\/2021\/09\/acto-sarmiento-01.jpg?fit=800%2C445&ssl=1","jetpack_sharing_enabled":true,"_links":{"self":[{"href":"https:\/\/cdnoticias.com\/index.php\/wp-json\/wp\/v2\/posts\/95683","targetHints":{"allow":["GET"]}}],"collection":[{"href":"https:\/\/cdnoticias.com\/index.php\/wp-json\/wp\/v2\/posts"}],"about":[{"href":"https:\/\/cdnoticias.com\/index.php\/wp-json\/wp\/v2\/types\/post"}],"author":[{"embeddable":true,"href":"https:\/\/cdnoticias.com\/index.php\/wp-json\/wp\/v2\/users\/4"}],"replies":[{"embeddable":true,"href":"https:\/\/cdnoticias.com\/index.php\/wp-json\/wp\/v2\/comments?post=95683"}],"version-history":[{"count":0,"href":"https:\/\/cdnoticias.com\/index.php\/wp-json\/wp\/v2\/posts\/95683\/revisions"}],"wp:featuredmedia":[{"embeddable":true,"href":"https:\/\/cdnoticias.com\/index.php\/wp-json\/wp\/v2\/media\/32455"}],"wp:attachment":[{"href":"https:\/\/cdnoticias.com\/index.php\/wp-json\/wp\/v2\/media?parent=95683"}],"wp:term":[{"taxonomy":"category","embeddable":true,"href":"https:\/\/cdnoticias.com\/index.php\/wp-json\/wp\/v2\/categories?post=95683"},{"taxonomy":"post_tag","embeddable":true,"href":"https:\/\/cdnoticias.com\/index.php\/wp-json\/wp\/v2\/tags?post=95683"}],"curies":[{"name":"wp","href":"https:\/\/api.w.org\/{rel}","templated":true}]}}