{"id":95671,"date":"2023-09-11T17:01:14","date_gmt":"2023-09-11T20:01:14","guid":{"rendered":"https:\/\/www.centraldenoticias.com.ar\/?p=95671"},"modified":"2023-09-11T17:01:14","modified_gmt":"2023-09-11T20:01:14","slug":"previaje-5-mas-de-medio-millon-de-inscriptos-y-los-lugares-mas-elegidos","status":"publish","type":"post","link":"https:\/\/cdnoticias.com\/index.php\/2023\/09\/11\/previaje-5-mas-de-medio-millon-de-inscriptos-y-los-lugares-mas-elegidos\/","title":{"rendered":"Previaje 5: m\u00e1s de medio mill\u00f3n de inscriptos y los lugares m\u00e1s elegidos"},"content":{"rendered":"<p>Se complet\u00f3 el presupuesto de $ 17.000 millones destinados a las bonificaciones. Los turistas viajar\u00e1n entre el 29 de septiembre y el 17 de octubre.<!--more--><\/p>\n<hr \/>\n<p>Un total de<strong> 520 mil personas se inscribieron en el Previaje 5<\/strong> por un valor total de <strong>$36.500 millones.<\/strong> Ahora, el Gobierno nacional deber\u00e1 hacer los reintegros correspondientes a los beneficiarios, otorgando una<strong> bonificaci\u00f3n del 50%<\/strong> para los usuarios generales y de hasta <strong>70% para los afiliados al PAMI,<\/strong> siempre con un tope de<strong> $100 mil por persona.<\/strong><\/p>\n<p>&nbsp;<\/p>\n<blockquote><p>En tanto, San Carlos de Bariloche, Puerto Iguaz\u00fa, Salta, Ciudad de Buenos Aires, Mar del Plata, Mendoza, Puerto Madryn, Ushuaia, El Calafate, Merlo, Termas de R\u00edo Hondo, San Rafael, Villa General Belgrano, C\u00f3rdoba y Federaci\u00f3n, fueron los destinos m\u00e1s elegidos en esta edici\u00f3n.<\/p><\/blockquote>\n<p>&nbsp;<\/p>\n<p>El 57% de los gastos iniciales correspondi\u00f3 a agencias de viajes, el 29% a alojamientos y el 14% restante a transporte y otros servicios tur\u00edsticos, precisaron desde la cartera de turismo. En tanto, \u201cm\u00e1s del 23%\u201d de los viajes correspondieron a personas afiliadas al PAMI.<\/p>\n<p>&nbsp;<\/p>\n<p>La quinta edici\u00f3n de Previaje abarca los paquetes tur\u00edsticos adquiridos para el periodo<strong> 29 de septiembre a 17 de octubre,<\/strong> incluyendo as\u00ed el<strong> \u00faltimo fin de semana \u201cextralargo\u201d del a\u00f1o<\/strong> por el D\u00eda del Respeto a la Diversidad Cultural entre el 13 y el 16 de octubre.<\/p>\n<p>&nbsp;<\/p>\n<p><em>\u201cPreViaje es una pol\u00edtica p\u00fablica en la que el Estado demostr\u00f3 que puede ser eficiente e innovador. Venimos de un 2022 sin temporada baja y, con el impulso de la cuarta y quinta edici\u00f3n del programa, vamos a repetir esa tendencia este a\u00f1o\u201d,<\/em> asegur\u00f3 el ministro de Turismo y Deportes de la Naci\u00f3n, <strong>Mat\u00edas Lammens.<\/strong><\/p>\n<p>&nbsp;<\/p>\n<p>En ese sentido, el funcionario destac\u00f3 que el turismo \u201ces el sector con mayor crecimiento en la generaci\u00f3n de empleo formal y el m\u00e1s din\u00e1mico en t\u00e9rminos de actividad econ\u00f3mica\u201d. Una vez cargados los comprobantes de la compra vinculada con el viaje, los beneficiarios tendr\u00e1n reintegrado el 50% del valor del viaje en una tarjeta precargada, ampli\u00e1ndose a un 70% en el caso de jubilados afiliados al PAMI.<\/p>\n<p>&nbsp;<\/p>\n<p>La misma se podr\u00e1 utilizar desde la fecha de inicio de la escapada hasta el pr\u00f3ximo 31 de octubre, tanto en servicios del sector (agencias de viajes y excursiones, alojamientos, alquiler de autos y equipamiento, gastronom\u00eda, transporte a\u00e9reo de cabotaje, terrestre de larga distancia y tur\u00edstico) como en consumos culturales (artesan\u00edas, cine, galer\u00edas, museos, productos regionales, recitales y teatros) de todo el pa\u00eds.<\/p>\n<p>&nbsp;<\/p>\n<p>No es necesario que el local tur\u00edstico est\u00e9 registrado en PreViaje para recibir pagos con la tarjeta. El programa abarc\u00f3 ya a <strong>7,5 millones de turistas en sus cinco ediciones<\/strong>, con un impacto superior a $ 710.000 millones para las econom\u00edas regionales, medidos a pesos constantes de julio de 2023.<\/p>\n<p>&nbsp;<\/p>\n<p><strong>La nueva edici\u00f3n fue recibida de forma positiva en el sector tur\u00edstico.<\/strong><\/p>\n<p>&nbsp;<\/p>\n<p>El vicepresidente de la Federaci\u00f3n Argentina de Asociaciones de Agencias de Viajes y Turismo (Faevyt), <strong>Fabi\u00e1n Lattanzio,<\/strong> consider\u00f3 que<strong> la iniciativa es una de los \u201cm\u00e1s exitosas de los programas del gobierno<\/strong>\u201d, y remarc\u00f3 que fue \u201cun salvavidas muy importante post pandemia\u201d.<\/p>\n<p>&nbsp;<\/p>\n<p>\u201cEstamos peleando para que el Previaje sea una pol\u00edtica de Estado y que si cambia el color pol\u00edtico el programa siga porque realmente fue un programa exitoso\u201d, agreg\u00f3.<\/p>\n<p>&nbsp;<\/p>\n<p>Lattanzio remarc\u00f3 que no se trata de un mero \u201csubsidio\u201d, porque los prestadores pagan en impuestos \u201c35% de ganancias, 21 % IVA y 8% bruto de acuerdo a la provincia\u201d por lo que \u201cel dinero vuelve al Estado al 100% con una movilidad social muy importante\u201d.<\/p>\n<p>&nbsp;<\/p>\n<p><em>Fuente:DIB<\/em><\/p>\n","protected":false},"excerpt":{"rendered":"<p>Se complet\u00f3 el presupuesto de $ 17.000 millones destinados a las bonificaciones. Los turistas viajar\u00e1n entre el 29 de septiembre<\/p>\n","protected":false},"author":6,"featured_media":39491,"comment_status":"closed","ping_status":"closed","sticky":false,"template":"","format":"standard","meta":{"_jetpack_memberships_contains_paid_content":false,"footnotes":""},"categories":[6,1],"tags":[],"class_list":["post-95671","post","type-post","status-publish","format-standard","has-post-thumbnail","hentry","category-nacionales","category-portada"],"jetpack_featured_media_url":"https:\/\/i0.wp.com\/cdnoticias.com\/wp-content\/uploads\/2021\/11\/previaje.jpg?fit=767%2C430&ssl=1","jetpack_sharing_enabled":true,"_links":{"self":[{"href":"https:\/\/cdnoticias.com\/index.php\/wp-json\/wp\/v2\/posts\/95671","targetHints":{"allow":["GET"]}}],"collection":[{"href":"https:\/\/cdnoticias.com\/index.php\/wp-json\/wp\/v2\/posts"}],"about":[{"href":"https:\/\/cdnoticias.com\/index.php\/wp-json\/wp\/v2\/types\/post"}],"author":[{"embeddable":true,"href":"https:\/\/cdnoticias.com\/index.php\/wp-json\/wp\/v2\/users\/6"}],"replies":[{"embeddable":true,"href":"https:\/\/cdnoticias.com\/index.php\/wp-json\/wp\/v2\/comments?post=95671"}],"version-history":[{"count":0,"href":"https:\/\/cdnoticias.com\/index.php\/wp-json\/wp\/v2\/posts\/95671\/revisions"}],"wp:featuredmedia":[{"embeddable":true,"href":"https:\/\/cdnoticias.com\/index.php\/wp-json\/wp\/v2\/media\/39491"}],"wp:attachment":[{"href":"https:\/\/cdnoticias.com\/index.php\/wp-json\/wp\/v2\/media?parent=95671"}],"wp:term":[{"taxonomy":"category","embeddable":true,"href":"https:\/\/cdnoticias.com\/index.php\/wp-json\/wp\/v2\/categories?post=95671"},{"taxonomy":"post_tag","embeddable":true,"href":"https:\/\/cdnoticias.com\/index.php\/wp-json\/wp\/v2\/tags?post=95671"}],"curies":[{"name":"wp","href":"https:\/\/api.w.org\/{rel}","templated":true}]}}