{"id":95667,"date":"2023-09-10T21:26:50","date_gmt":"2023-09-11T00:26:50","guid":{"rendered":"https:\/\/www.centraldenoticias.com.ar\/?p=95667"},"modified":"2023-09-11T09:58:48","modified_gmt":"2023-09-11T12:58:48","slug":"mocchi-o-el-incomparable-encanto-de-las-canciones-tristes","status":"publish","type":"post","link":"https:\/\/cdnoticias.com\/index.php\/2023\/09\/10\/mocchi-o-el-incomparable-encanto-de-las-canciones-tristes\/","title":{"rendered":"Mocchi o el incomparable encanto de las canciones tristes"},"content":{"rendered":"<p>En el regreso de Vibra el aire en Punto de Giro, una transformaci\u00f3n del dolor en canciones. Y en un show con invitados, mucho por decir y mucho por liberar.<!--more--><\/p>\n<hr \/>\n<p><em>Por Francisco Ferrari | @panchoferrari<\/em><\/p>\n<p>&nbsp;<\/p>\n<p>Situaciones dolorosas nos tocan a todos en alg\u00fan momento de la vida. Hasta ah\u00ed no hay nada novedoso<strong>.<\/strong> El tema es qu\u00e9 hacemos con eso a partir de ah\u00ed.<\/p>\n<p>&nbsp;<\/p>\n<p>Algunos las dramatizan hasta el hartazgo, otros se sacuden un poco despu\u00e9s del golpe y se paran para seguir, y otros agarran la guitarra y el cuaderno y lo hacen canci\u00f3n.<\/p>\n<p>&nbsp;<\/p>\n<p>Me quedo con los \u00faltimos, claro. Bueno, <strong>es cierto que cada uno procesa las cosas como puede pero estos del \u00faltimo grupo, que apelan al arte, conmueven.<\/strong> Los otros a lo sumo damos ejemplos de coraje ante la adversidad o simplemente l\u00e1stima.<\/p>\n<p>&nbsp;<\/p>\n<p>Las tamizan con su talento, le ponen m\u00fasica y voz y salen a contar \/ cantar sus dolores en giras interminables.<\/p>\n<p>&nbsp;<\/p>\n<p><img data-recalc-dims=\"1\" loading=\"lazy\" decoding=\"async\" class=\"aligncenter wp-image-95678 size-full\" src=\"https:\/\/i0.wp.com\/cdnoticias.com\/wp-content\/uploads\/2023\/09\/mochi-1.jpeg?resize=800%2C463&#038;ssl=1\" alt=\"\" width=\"800\" height=\"463\" srcset=\"https:\/\/i0.wp.com\/cdnoticias.com\/wp-content\/uploads\/2023\/09\/mochi-1.jpeg?w=1024&amp;ssl=1 1024w, https:\/\/i0.wp.com\/cdnoticias.com\/wp-content\/uploads\/2023\/09\/mochi-1.jpeg?resize=300%2C174&amp;ssl=1 300w, https:\/\/i0.wp.com\/cdnoticias.com\/wp-content\/uploads\/2023\/09\/mochi-1.jpeg?resize=768%2C445&amp;ssl=1 768w\" sizes=\"auto, (max-width: 800px) 100vw, 800px\" \/><\/p>\n<p>&nbsp;<\/p>\n<p>Y ser\u00e1 que son canciones hermosas o que sus dolores en el fondo son m\u00e1s o menos los mismos que todos tienen, hayas nacido en Montevideo o en Olavarr\u00eda, pero la cosa es que <strong>se produce una conexi\u00f3n dif\u00edcil de explicar.<\/strong><\/p>\n<p>&nbsp;<\/p>\n<p>Como con <strong>Mocchi, que se plant\u00f3 el s\u00e1bado a la noche en el escenario de un Punto de Giro<\/strong> llen\u00f3 y sacudi\u00f3 a todos con sus letras y sus formas de decirlas, con mucho talento suyo, claro, y el de Rom\u00e1n Cea que lo acompa\u00f1\u00f3 en el piano tambi\u00e9n, y el de Gabriel Larraz que abri\u00f3 el juego.<\/p>\n<p>&nbsp;<\/p>\n<blockquote><p>El caj\u00f3n de la abuela muerta, el amigo perdido por la pasta base, una crianza sin l\u00edmites, los excesos, los desbordes, el tener que estar todo el tiempo dejando cosas.<\/p><\/blockquote>\n<p>&nbsp;<\/p>\n<p><strong>A todo lo que le pasa, Mocchi lo hace canci\u00f3n. Y te las tira por la cabeza una atr\u00e1s de otra. Tantas que no pod\u00e9s saber bien cu\u00e1l fue tu preferida y ten\u00e9s que volver a escucharlo para empezar a decidir.<\/strong><\/p>\n<p>&nbsp;<\/p>\n<p><img data-recalc-dims=\"1\" loading=\"lazy\" decoding=\"async\" class=\"aligncenter wp-image-95676 size-full\" src=\"https:\/\/i0.wp.com\/cdnoticias.com\/wp-content\/uploads\/2023\/09\/mochi-2.jpeg?resize=800%2C600&#038;ssl=1\" alt=\"\" width=\"800\" height=\"600\" srcset=\"https:\/\/i0.wp.com\/cdnoticias.com\/wp-content\/uploads\/2023\/09\/mochi-2.jpeg?w=1024&amp;ssl=1 1024w, https:\/\/i0.wp.com\/cdnoticias.com\/wp-content\/uploads\/2023\/09\/mochi-2.jpeg?resize=300%2C225&amp;ssl=1 300w, https:\/\/i0.wp.com\/cdnoticias.com\/wp-content\/uploads\/2023\/09\/mochi-2.jpeg?resize=768%2C576&amp;ssl=1 768w\" sizes=\"auto, (max-width: 800px) 100vw, 800px\" \/><\/p>\n<p>&nbsp;<\/p>\n<p>Fue un gran concierto. Y fue en el regreso de las Vibra el Arte que se hab\u00edan guardado desde la pandemia y volvieron con todo.<\/p>\n<p>&nbsp;<\/p>\n<p>Ahora trajeron a Mocchi, otra propuesta que sali\u00f3 m\u00e1s que bien. Una apuesta dif\u00edcil, como dijo \u00e9l, la de <strong>promover a los m\u00fasicos independientes<\/strong>, un riesgo que toman <strong>los que est\u00e1n en el camino de la revoluci\u00f3n,<\/strong> dijo y se fue. A seguir tocando qui\u00e9n sabe d\u00f3nde ahora.<\/p>\n<p>&nbsp;<\/p>\n<p><img data-recalc-dims=\"1\" loading=\"lazy\" decoding=\"async\" class=\"aligncenter wp-image-95669 size-full\" src=\"https:\/\/i0.wp.com\/cdnoticias.com\/wp-content\/uploads\/2023\/09\/WhatsApp-Image-2023-09-10-at-18.24.49.jpeg?resize=800%2C420&#038;ssl=1\" alt=\"\" width=\"800\" height=\"420\" srcset=\"https:\/\/i0.wp.com\/cdnoticias.com\/wp-content\/uploads\/2023\/09\/WhatsApp-Image-2023-09-10-at-18.24.49.jpeg?w=979&amp;ssl=1 979w, https:\/\/i0.wp.com\/cdnoticias.com\/wp-content\/uploads\/2023\/09\/WhatsApp-Image-2023-09-10-at-18.24.49.jpeg?resize=300%2C158&amp;ssl=1 300w, https:\/\/i0.wp.com\/cdnoticias.com\/wp-content\/uploads\/2023\/09\/WhatsApp-Image-2023-09-10-at-18.24.49.jpeg?resize=768%2C403&amp;ssl=1 768w, https:\/\/i0.wp.com\/cdnoticias.com\/wp-content\/uploads\/2023\/09\/WhatsApp-Image-2023-09-10-at-18.24.49.jpeg?resize=390%2C205&amp;ssl=1 390w\" sizes=\"auto, (max-width: 800px) 100vw, 800px\" \/><\/p>\n<p>&nbsp;<\/p>\n<p><em>Fotos: Vibra el Aire\u00a0<\/em><\/p>\n","protected":false},"excerpt":{"rendered":"<p>En el regreso de Vibra el aire en Punto de Giro, una transformaci\u00f3n del dolor en canciones. Y en un<\/p>\n","protected":false},"author":6,"featured_media":95677,"comment_status":"closed","ping_status":"closed","sticky":false,"template":"","format":"standard","meta":{"_jetpack_memberships_contains_paid_content":false,"footnotes":""},"categories":[9,1],"tags":[],"class_list":["post-95667","post","type-post","status-publish","format-standard","has-post-thumbnail","hentry","category-cultura","category-portada"],"jetpack_featured_media_url":"https:\/\/i0.wp.com\/cdnoticias.com\/wp-content\/uploads\/2023\/09\/mochi-3.jpeg?fit=1024%2C578&ssl=1","jetpack_sharing_enabled":true,"_links":{"self":[{"href":"https:\/\/cdnoticias.com\/index.php\/wp-json\/wp\/v2\/posts\/95667","targetHints":{"allow":["GET"]}}],"collection":[{"href":"https:\/\/cdnoticias.com\/index.php\/wp-json\/wp\/v2\/posts"}],"about":[{"href":"https:\/\/cdnoticias.com\/index.php\/wp-json\/wp\/v2\/types\/post"}],"author":[{"embeddable":true,"href":"https:\/\/cdnoticias.com\/index.php\/wp-json\/wp\/v2\/users\/6"}],"replies":[{"embeddable":true,"href":"https:\/\/cdnoticias.com\/index.php\/wp-json\/wp\/v2\/comments?post=95667"}],"version-history":[{"count":0,"href":"https:\/\/cdnoticias.com\/index.php\/wp-json\/wp\/v2\/posts\/95667\/revisions"}],"wp:featuredmedia":[{"embeddable":true,"href":"https:\/\/cdnoticias.com\/index.php\/wp-json\/wp\/v2\/media\/95677"}],"wp:attachment":[{"href":"https:\/\/cdnoticias.com\/index.php\/wp-json\/wp\/v2\/media?parent=95667"}],"wp:term":[{"taxonomy":"category","embeddable":true,"href":"https:\/\/cdnoticias.com\/index.php\/wp-json\/wp\/v2\/categories?post=95667"},{"taxonomy":"post_tag","embeddable":true,"href":"https:\/\/cdnoticias.com\/index.php\/wp-json\/wp\/v2\/tags?post=95667"}],"curies":[{"name":"wp","href":"https:\/\/api.w.org\/{rel}","templated":true}]}}