{"id":95573,"date":"2023-09-09T13:14:27","date_gmt":"2023-09-09T16:14:27","guid":{"rendered":"https:\/\/www.centraldenoticias.com.ar\/?p=95573"},"modified":"2023-09-09T13:14:27","modified_gmt":"2023-09-09T16:14:27","slug":"se-llevo-a-cabo-una-reunion-de-la-mesa-de-paritarias","status":"publish","type":"post","link":"https:\/\/cdnoticias.com\/index.php\/2023\/09\/09\/se-llevo-a-cabo-una-reunion-de-la-mesa-de-paritarias\/","title":{"rendered":"Se llev\u00f3 a cabo una reuni\u00f3n de la Mesa de Paritarias"},"content":{"rendered":"<p>Durante la reuni\u00f3n, Galli y Stuppia &#8220;coincidieron en el dif\u00edcil momento econ\u00f3mico y social que vive Argentina&#8221; y acordaron volver a reunirse la semana pr\u00f3xima.<!--more--><\/p>\n<hr \/>\n<p>En la tarde de este viernes el <strong>intendente Ezequiel Galli<\/strong> y el <strong>Secretario General del Sindicato de Trabajadores Municipales Jos\u00e9 Stuppia<\/strong> encabezaron la <strong>primera reuni\u00f3n de paritarias.<\/strong><\/p>\n<p>&nbsp;<\/p>\n<p>Adem\u00e1s de Galli y Stuppia, participaron de la reuni\u00f3n en el Sal\u00f3n Blanco del palacio San Mart\u00edn funcionarios municipales y representantes del Sindicato de Trabajadores Municipales.<\/p>\n<p>&nbsp;<\/p>\n<p>El encuentro ya hab\u00eda sido acordado en el cierre del acuerdo paritario anterior, que estableci\u00f3 incrementos salariales para los meses de julio y agosto del corriente a\u00f1o.<\/p>\n<p>&nbsp;<\/p>\n<p>Durante la reuni\u00f3n, Galli y Stuppia <em><strong>&#8220;coincidieron en el dif\u00edcil momento econ\u00f3mico y social que vive Argentina<\/strong><\/em>&#8221; y acordaron <strong>volver a reunirse la semana pr\u00f3xima.<\/strong><\/p>\n","protected":false},"excerpt":{"rendered":"<p>Durante la reuni\u00f3n, Galli y Stuppia &#8220;coincidieron en el dif\u00edcil momento econ\u00f3mico y social que vive Argentina&#8221; y acordaron volver<\/p>\n","protected":false},"author":6,"featured_media":95574,"comment_status":"closed","ping_status":"closed","sticky":false,"template":"","format":"standard","meta":{"_jetpack_memberships_contains_paid_content":false,"footnotes":""},"categories":[5,1],"tags":[],"class_list":["post-95573","post","type-post","status-publish","format-standard","has-post-thumbnail","hentry","category-informacion-general","category-portada"],"jetpack_featured_media_url":"https:\/\/i0.wp.com\/cdnoticias.com\/wp-content\/uploads\/2023\/09\/Reunion-Paritarias-Septiembre-2023-1-1024x685-1.jpg?fit=1024%2C685&ssl=1","jetpack_sharing_enabled":true,"_links":{"self":[{"href":"https:\/\/cdnoticias.com\/index.php\/wp-json\/wp\/v2\/posts\/95573","targetHints":{"allow":["GET"]}}],"collection":[{"href":"https:\/\/cdnoticias.com\/index.php\/wp-json\/wp\/v2\/posts"}],"about":[{"href":"https:\/\/cdnoticias.com\/index.php\/wp-json\/wp\/v2\/types\/post"}],"author":[{"embeddable":true,"href":"https:\/\/cdnoticias.com\/index.php\/wp-json\/wp\/v2\/users\/6"}],"replies":[{"embeddable":true,"href":"https:\/\/cdnoticias.com\/index.php\/wp-json\/wp\/v2\/comments?post=95573"}],"version-history":[{"count":0,"href":"https:\/\/cdnoticias.com\/index.php\/wp-json\/wp\/v2\/posts\/95573\/revisions"}],"wp:featuredmedia":[{"embeddable":true,"href":"https:\/\/cdnoticias.com\/index.php\/wp-json\/wp\/v2\/media\/95574"}],"wp:attachment":[{"href":"https:\/\/cdnoticias.com\/index.php\/wp-json\/wp\/v2\/media?parent=95573"}],"wp:term":[{"taxonomy":"category","embeddable":true,"href":"https:\/\/cdnoticias.com\/index.php\/wp-json\/wp\/v2\/categories?post=95573"},{"taxonomy":"post_tag","embeddable":true,"href":"https:\/\/cdnoticias.com\/index.php\/wp-json\/wp\/v2\/tags?post=95573"}],"curies":[{"name":"wp","href":"https:\/\/api.w.org\/{rel}","templated":true}]}}