{"id":95570,"date":"2023-09-09T19:26:37","date_gmt":"2023-09-09T22:26:37","guid":{"rendered":"https:\/\/www.centraldenoticias.com.ar\/?p=95570"},"modified":"2023-09-09T19:26:37","modified_gmt":"2023-09-09T22:26:37","slug":"convocatoria-de-la-minga-para-la-feria-del-dia-de-la-madre","status":"publish","type":"post","link":"https:\/\/cdnoticias.com\/index.php\/2023\/09\/09\/convocatoria-de-la-minga-para-la-feria-del-dia-de-la-madre\/","title":{"rendered":"Convocatoria de La Minga para la Feria del D\u00eda de la Madre"},"content":{"rendered":"<p>La Entidad de Bien P\u00fablico seleccionar\u00e1 feriantes para participar del evento que tendr\u00e1 lugar los d\u00edas 12, 13 y 14 de octubre en la plaza central.<!--more--><\/p>\n<hr \/>\n<p><strong>La Minga,<\/strong> Entidad de Bien P\u00fablico que nuclea a <strong>emprendedoras y emprendedores<\/strong>\u00a0se encuentra realizando una <strong>nueva selecci\u00f3n de feriantes<\/strong> para participar de la <strong>Feria del D\u00eda de la Madre<\/strong> en la plaza del centro sobre calle Vicente L\u00f3pez.<\/p>\n<p>&nbsp;<\/p>\n<p>La propuesta se llevar\u00e1 a cabo los d\u00edas<strong> 12,13 y 14 de octubre<\/strong> en el horario de <strong>09:00 a 20:00.<\/strong> Aquellos feriantes que deseen participar pueden anotarse comunic\u00e1ndose al tel\u00e9fono <strong>2284-612514.<\/strong><\/p>\n<p>&nbsp;<\/p>\n<blockquote><p>En la Feria del D\u00eda de la Madre se podr\u00e1n encontrar puestos de artesan\u00edas, incluyendo productos textiles, accesorios, marroquiner\u00eda, equipos de mate, art\u00edculos de librer\u00eda, art\u00edculos para mascotas, carpinter\u00eda, alimentos, bijouterie, plantas y plantones, juguetes para ni\u00f1os y ni\u00f1as, entre otros.<\/p><\/blockquote>\n<p>&nbsp;<\/p>\n<p><strong>Patricia Bahl<\/strong>, principal referente del espacio, indic\u00f3 que \u201ceste a\u00f1o se cumplen <strong>12 a\u00f1os consecutivos de feriar en dicho espacio<\/strong>, siendo una fecha muy significativa para toda la organizaci\u00f3n en la que emprendedores sociales, artesanos y manualistas tendr\u00e1n la oportunidad de exponer y comercializar sus productos o servicios. La centralidad de las ferias radica en fomentar el compre local, el precio justo y el consumo responsable\u201d, agreg\u00f3.<\/p>\n<p>&nbsp;<\/p>\n<p>\u201cComo hemos expresado en otras oportunidades, al comprar un producto hecho por manos olavarrienses hacemos algo m\u00e1s que consumir: estamos <strong>ayudando a consolidar una econom\u00eda que nos incluye a todos<\/strong>, y fortalecemos el desarrollo econ\u00f3mico local de nuestra comunidad\u201d destac\u00f3 la referente de La Minga.<\/p>\n<p>&nbsp;<\/p>\n<p>La elecci\u00f3n de la plaza del centro se fundamenta en que \u201ces un espacio sentido, elegido y estrat\u00e9gicamente fortalecido para la venta de nuestros productos y servicios. Se trata de espacios de comercializaci\u00f3n en los que emprendedores de la econom\u00eda social ofrecen sus art\u00edculos, los que representan la cultura, la historia, los valores y los saberes con el sello del lugar al que pertenecen\u201d, se\u00f1al\u00f3 Bahl.<\/p>\n<p>&nbsp;<\/p>\n<p>Los<strong> principales objetivos de La Minga<\/strong> son: difundir los valores inherentes al Emprendedurismo y a la Econom\u00eda Social y Solidaria, promover espacios de venta, fortalecer experiencias territoriales y capacitar e impulsar nuevos proyectos. En la actualidad la organizaci\u00f3n se encuentra acompa\u00f1ando a m\u00e1s de 200 experiencias en ejecuci\u00f3n del ecosistema emprendedor.<\/p>\n<p>&nbsp;<\/p>\n","protected":false},"excerpt":{"rendered":"<p>La Entidad de Bien P\u00fablico seleccionar\u00e1 feriantes para participar del evento que tendr\u00e1 lugar los d\u00edas 12, 13 y 14<\/p>\n","protected":false},"author":6,"featured_media":73242,"comment_status":"closed","ping_status":"closed","sticky":false,"template":"","format":"standard","meta":{"_jetpack_memberships_contains_paid_content":false,"footnotes":""},"categories":[5,1],"tags":[],"class_list":["post-95570","post","type-post","status-publish","format-standard","has-post-thumbnail","hentry","category-informacion-general","category-portada"],"jetpack_featured_media_url":"https:\/\/i0.wp.com\/cdnoticias.com\/wp-content\/uploads\/2022\/12\/minga-10.jpg?fit=1600%2C890&ssl=1","jetpack_sharing_enabled":true,"_links":{"self":[{"href":"https:\/\/cdnoticias.com\/index.php\/wp-json\/wp\/v2\/posts\/95570","targetHints":{"allow":["GET"]}}],"collection":[{"href":"https:\/\/cdnoticias.com\/index.php\/wp-json\/wp\/v2\/posts"}],"about":[{"href":"https:\/\/cdnoticias.com\/index.php\/wp-json\/wp\/v2\/types\/post"}],"author":[{"embeddable":true,"href":"https:\/\/cdnoticias.com\/index.php\/wp-json\/wp\/v2\/users\/6"}],"replies":[{"embeddable":true,"href":"https:\/\/cdnoticias.com\/index.php\/wp-json\/wp\/v2\/comments?post=95570"}],"version-history":[{"count":0,"href":"https:\/\/cdnoticias.com\/index.php\/wp-json\/wp\/v2\/posts\/95570\/revisions"}],"wp:featuredmedia":[{"embeddable":true,"href":"https:\/\/cdnoticias.com\/index.php\/wp-json\/wp\/v2\/media\/73242"}],"wp:attachment":[{"href":"https:\/\/cdnoticias.com\/index.php\/wp-json\/wp\/v2\/media?parent=95570"}],"wp:term":[{"taxonomy":"category","embeddable":true,"href":"https:\/\/cdnoticias.com\/index.php\/wp-json\/wp\/v2\/categories?post=95570"},{"taxonomy":"post_tag","embeddable":true,"href":"https:\/\/cdnoticias.com\/index.php\/wp-json\/wp\/v2\/tags?post=95570"}],"curies":[{"name":"wp","href":"https:\/\/api.w.org\/{rel}","templated":true}]}}