{"id":9557,"date":"2020-12-21T17:31:07","date_gmt":"2020-12-21T20:31:07","guid":{"rendered":"http:\/\/www.centraldenoticias.com.ar\/?p=9557"},"modified":"2020-12-21T17:36:00","modified_gmt":"2020-12-21T20:36:00","slug":"covid19-en-la-region-tambien-se-registra-un-crecimiento-de-casos","status":"publish","type":"post","link":"https:\/\/cdnoticias.com\/index.php\/2020\/12\/21\/covid19-en-la-region-tambien-se-registra-un-crecimiento-de-casos\/","title":{"rendered":"Covid19: En la regi\u00f3n tambi\u00e9n se registra un crecimiento de casos"},"content":{"rendered":"<p>La particularidad est\u00e1 dada en que son los distritos que mejor situaci\u00f3n hab\u00edan registrado los que ahora presentan mayores complicaciones. No obstante, murieron pacientes en Azul y Tandil.<\/p>\n<p><!--more--><\/p>\n<hr \/>\n<p>Mientras desde Europa llegan noticias que dan cuenta de los serios inconvenientes derivados de <a href=\"https:\/\/cdnoticias.com\/index.php\/2020\/12\/21\/haran-seguimiento-telefonico-de-quienes-ingresaron-desde-gran-bretana\/\" target=\"_blank\" rel=\"noopener\">la nueva cepa de coronavirus<\/a>, por estas latitudes la preocupaci\u00f3n a\u00fan sigue focalizada en el Covid 19 y en el tan ansiado arribo de la vacuna. <strong>La cercan\u00eda con las fiestas y la flexibilizaci\u00f3n de las medidas sanitarias hace que las cifras sean seguidas cada vez m\u00e1s de cerca y con cierta preocupaci\u00f3n<\/strong>.<\/p>\n<p>&nbsp;<\/p>\n<p><img data-recalc-dims=\"1\" loading=\"lazy\" decoding=\"async\" class=\"alignnone size-large wp-image-9412\" src=\"https:\/\/i0.wp.com\/cdnoticias.com\/wp-content\/uploads\/2020\/12\/parte-12.jpg?resize=800%2C402&#038;ssl=1\" alt=\"\" width=\"800\" height=\"402\" srcset=\"https:\/\/i0.wp.com\/cdnoticias.com\/wp-content\/uploads\/2020\/12\/parte-12.jpg?resize=1024%2C515&amp;ssl=1 1024w, https:\/\/i0.wp.com\/cdnoticias.com\/wp-content\/uploads\/2020\/12\/parte-12.jpg?resize=300%2C151&amp;ssl=1 300w, https:\/\/i0.wp.com\/cdnoticias.com\/wp-content\/uploads\/2020\/12\/parte-12.jpg?resize=768%2C386&amp;ssl=1 768w, https:\/\/i0.wp.com\/cdnoticias.com\/wp-content\/uploads\/2020\/12\/parte-12.jpg?w=1214&amp;ssl=1 1214w\" sizes=\"auto, (max-width: 800px) 100vw, 800px\" \/><\/p>\n<p>&nbsp;<\/p>\n<p>Como sucede desde hace ya varias semanas, Olavarr\u00eda no emite parte los domingos, por lo que hay que ir hasta el s\u00e1bado pasado para rastrear los datos m\u00e1s recientes acerca de la situaci\u00f3n local. Seg\u00fan ese registro,<strong> son 216 los pacientes activos, una cifra que ha crecido considerablemente teniendo en cuenta los partes emitidos a inicios del presente mes<\/strong>.<\/p>\n<p>&nbsp;<\/p>\n<p>Una recorrida para conocer la situaci\u00f3n de la regi\u00f3n impone comenzar por dos distritos quiz\u00e1s impensados teniendo en cuenta el cuadro que presentaban hace tan solo algunas semanas. El caso m\u00e1s significativo es el de<strong> Bol\u00edvar<\/strong>, que seg\u00fan el parte emitido este lunes presente <strong>407 casos activos, siendo la cifra m\u00e1s alta de la regi\u00f3n, superando holgadamente, por ejemplo, no s\u00f3lo a Olavarr\u00eda sino tambi\u00e9n a Tandil<\/strong>, situaci\u00f3n particular que ser\u00e1 repasada l\u00edneas m\u00e1s abajo.<\/p>\n<p>&nbsp;<\/p>\n<p><img data-recalc-dims=\"1\" loading=\"lazy\" decoding=\"async\" class=\"alignnone size-large wp-image-3945\" src=\"https:\/\/i0.wp.com\/cdnoticias.com\/wp-content\/uploads\/2020\/10\/20200413101554-fortalecimiento-social-y-prodiaba-atend.jpg?resize=800%2C533&#038;ssl=1\" alt=\"\" width=\"800\" height=\"533\" srcset=\"https:\/\/i0.wp.com\/cdnoticias.com\/wp-content\/uploads\/2020\/10\/20200413101554-fortalecimiento-social-y-prodiaba-atend.jpg?resize=1024%2C682&amp;ssl=1 1024w, https:\/\/i0.wp.com\/cdnoticias.com\/wp-content\/uploads\/2020\/10\/20200413101554-fortalecimiento-social-y-prodiaba-atend.jpg?resize=300%2C200&amp;ssl=1 300w, https:\/\/i0.wp.com\/cdnoticias.com\/wp-content\/uploads\/2020\/10\/20200413101554-fortalecimiento-social-y-prodiaba-atend.jpg?resize=768%2C511&amp;ssl=1 768w, https:\/\/i0.wp.com\/cdnoticias.com\/wp-content\/uploads\/2020\/10\/20200413101554-fortalecimiento-social-y-prodiaba-atend.jpg?resize=272%2C182&amp;ssl=1 272w, https:\/\/i0.wp.com\/cdnoticias.com\/wp-content\/uploads\/2020\/10\/20200413101554-fortalecimiento-social-y-prodiaba-atend.jpg?w=1200&amp;ssl=1 1200w\" sizes=\"auto, (max-width: 800px) 100vw, 800px\" \/><\/p>\n<p>&nbsp;<\/p>\n<p>El dato que sirve para tomar dimensi\u00f3n de lo que sucede en el municipio vecino es que <strong>son 665 el total de pacientes que han tenido desde el inicio de la pandemia<\/strong>. En las \u00faltimas horas se detectaron 57 nuevos, sumado a que son 256 los casos sospechosos en estudio<\/p>\n<p>&nbsp;<\/p>\n<p>Igual de particular es lo que viene sucediendo en <a href=\"https:\/\/cdnoticias.com\/index.php\/2020\/12\/15\/general-la-madrid-la-situacion-esta-pasando-a-un-tono-oscuro\/\" target=\"_blank\" rel=\"noopener\"><strong>General La Madrid<\/strong><\/a>, que en las \u00faltimas horas sum\u00f3 un nuevo caso positivo. El dato es que actualmente son <strong>29 las personas que se encuentran atravesando la enfermedad<\/strong>. Similar a lo que sucede en Bol\u00edvar,<strong> la mayor\u00eda de los casos los han registrado en los \u00faltimos d\u00edas, ya que es 106 contagios el total desde el inicio de la pandemia<\/strong>. A la par, se aguarda por el resultado de 23 casos sospechosos.<\/p>\n<p>&nbsp;<\/p>\n<p><img data-recalc-dims=\"1\" loading=\"lazy\" decoding=\"async\" class=\"alignnone size-full wp-image-9065\" src=\"https:\/\/i0.wp.com\/cdnoticias.com\/wp-content\/uploads\/2020\/12\/la-madrid.jpg?resize=637%2C354&#038;ssl=1\" alt=\"\" width=\"637\" height=\"354\" srcset=\"https:\/\/i0.wp.com\/cdnoticias.com\/wp-content\/uploads\/2020\/12\/la-madrid.jpg?w=637&amp;ssl=1 637w, https:\/\/i0.wp.com\/cdnoticias.com\/wp-content\/uploads\/2020\/12\/la-madrid.jpg?resize=300%2C167&amp;ssl=1 300w\" sizes=\"auto, (max-width: 637px) 100vw, 637px\" \/><\/p>\n<p>&nbsp;<\/p>\n<p><strong>Laprida<\/strong>, por su parte, tambi\u00e9n tuvo un importante incremento de casos en las \u00faltimas horas. Fueron <strong>10 los casos positivos confirmados, lo que elev\u00f3 a 14 la cifra actual de pacientes activos<\/strong>. El municipio vecino cuenta a la par con 8 casos en estudio y 14 fallecimientos.<\/p>\n<p>&nbsp;<\/p>\n<p>Si a muertes por la pandemia nos referimos, se impone ahora hablar de <strong>Tandil<\/strong>, distrito con m\u00e1s fallecimientos en la regi\u00f3n. Son 107 en total, cifra que trep\u00f3 en las \u00faltimas horas a ra\u00edz\u00a0 del<strong> fallecimiento de un paciente de 69 a\u00f1os.<\/strong><\/p>\n<p>&nbsp;<\/p>\n<p><img data-recalc-dims=\"1\" loading=\"lazy\" decoding=\"async\" class=\"alignnone size-large wp-image-1114\" src=\"https:\/\/i0.wp.com\/cdnoticias.com\/wp-content\/uploads\/2020\/09\/HospitalTandil.jpg?resize=800%2C600&#038;ssl=1\" alt=\"\" width=\"800\" height=\"600\" srcset=\"https:\/\/i0.wp.com\/cdnoticias.com\/wp-content\/uploads\/2020\/09\/HospitalTandil.jpg?resize=1024%2C768&amp;ssl=1 1024w, https:\/\/i0.wp.com\/cdnoticias.com\/wp-content\/uploads\/2020\/09\/HospitalTandil.jpg?resize=300%2C225&amp;ssl=1 300w, https:\/\/i0.wp.com\/cdnoticias.com\/wp-content\/uploads\/2020\/09\/HospitalTandil.jpg?resize=768%2C576&amp;ssl=1 768w, https:\/\/i0.wp.com\/cdnoticias.com\/wp-content\/uploads\/2020\/09\/HospitalTandil.jpg?w=1200&amp;ssl=1 1200w\" sizes=\"auto, (max-width: 800px) 100vw, 800px\" \/><\/p>\n<p>&nbsp;<\/p>\n<p>La ciudad serrana registr\u00f3 20 nuevos positivos seg\u00fan la \u00faltima comunicaci\u00f3n oficial, en la que tambi\u00e9n se detall\u00f3 que son <strong>317 los casos activos. Cuentan adem\u00e1s con 20 personas hospitalizadas, 7 de las cuales permanecen en el \u00e1rea de terapia.<\/strong><\/p>\n<p>&nbsp;<\/p>\n<p>Por \u00faltimo vale la menci\u00f3n de <strong>Azul<\/strong>, que tambi\u00e9n registr\u00f3 la <strong>muerte de una paciente que hab\u00eda dado positivo de Covid19<\/strong>. La mujer ten\u00eda 75 a\u00f1os y se encontraba internada en el Hospital Pintos. Ese municipio registra ya 86 fallecimientos.<\/p>\n<p>&nbsp;<\/p>\n<p>El dato alentador es que se trata del \u00fanico de la regi\u00f3n que no registro nuevos casos positivos, inclusive 5 pacientes fueron dados de alta. <strong>Actualmente son 137 las personas que transitan la enfermedad<\/strong>.<\/p>\n<p>&nbsp;<\/p>\n","protected":false},"excerpt":{"rendered":"<p>La particularidad est\u00e1 dada en que son los distritos que mejor situaci\u00f3n hab\u00edan registrado los que ahora presentan mayores complicaciones.<\/p>\n","protected":false},"author":3,"featured_media":9560,"comment_status":"closed","ping_status":"closed","sticky":false,"template":"","format":"standard","meta":{"_jetpack_memberships_contains_paid_content":false,"footnotes":""},"categories":[6,1],"tags":[],"class_list":["post-9557","post","type-post","status-publish","format-standard","has-post-thumbnail","hentry","category-nacionales","category-portada"],"jetpack_featured_media_url":"https:\/\/i0.wp.com\/cdnoticias.com\/wp-content\/uploads\/2020\/12\/covid19.jpg?fit=1004%2C565&ssl=1","jetpack_sharing_enabled":true,"_links":{"self":[{"href":"https:\/\/cdnoticias.com\/index.php\/wp-json\/wp\/v2\/posts\/9557","targetHints":{"allow":["GET"]}}],"collection":[{"href":"https:\/\/cdnoticias.com\/index.php\/wp-json\/wp\/v2\/posts"}],"about":[{"href":"https:\/\/cdnoticias.com\/index.php\/wp-json\/wp\/v2\/types\/post"}],"author":[{"embeddable":true,"href":"https:\/\/cdnoticias.com\/index.php\/wp-json\/wp\/v2\/users\/3"}],"replies":[{"embeddable":true,"href":"https:\/\/cdnoticias.com\/index.php\/wp-json\/wp\/v2\/comments?post=9557"}],"version-history":[{"count":0,"href":"https:\/\/cdnoticias.com\/index.php\/wp-json\/wp\/v2\/posts\/9557\/revisions"}],"wp:featuredmedia":[{"embeddable":true,"href":"https:\/\/cdnoticias.com\/index.php\/wp-json\/wp\/v2\/media\/9560"}],"wp:attachment":[{"href":"https:\/\/cdnoticias.com\/index.php\/wp-json\/wp\/v2\/media?parent=9557"}],"wp:term":[{"taxonomy":"category","embeddable":true,"href":"https:\/\/cdnoticias.com\/index.php\/wp-json\/wp\/v2\/categories?post=9557"},{"taxonomy":"post_tag","embeddable":true,"href":"https:\/\/cdnoticias.com\/index.php\/wp-json\/wp\/v2\/tags?post=9557"}],"curies":[{"name":"wp","href":"https:\/\/api.w.org\/{rel}","templated":true}]}}