{"id":95497,"date":"2023-09-08T14:20:02","date_gmt":"2023-09-08T17:20:02","guid":{"rendered":"https:\/\/www.centraldenoticias.com.ar\/?p=95497"},"modified":"2023-09-08T14:40:11","modified_gmt":"2023-09-08T17:40:11","slug":"el-ultimo-dibujo-de-marianela","status":"publish","type":"post","link":"https:\/\/cdnoticias.com\/index.php\/2023\/09\/08\/el-ultimo-dibujo-de-marianela\/","title":{"rendered":"El \u00faltimo dibujo de Marianela"},"content":{"rendered":"<p>Una olavarriense pint\u00f3 un cuadro que perdi\u00f3 el 14 de agosto. Marianela falleci\u00f3 y amigos y amigas quieren recuperar la obra que tiene un gran valor afectivo.<!--more--><\/p>\n<hr \/>\n<p><em>Imagen ilustrativa.<\/em><\/p>\n<p>&nbsp;<\/p>\n<p>Un grupo de personas se uni\u00f3 en la <strong>b\u00fasqueda de un cuadro que tiene un gran valor afectivo.<\/strong> Fue pintado el 14 de agosto por Marianela, una olavarriense que falleci\u00f3 esta semana.<\/p>\n<p>&nbsp;<\/p>\n<p>Marianela era docente, estudiaba el profesorado de Filosof\u00eda y escrib\u00eda poemas.<strong> \u201cEse cuadro es muy significativo porque lo pint\u00f3 en una clase de est\u00e9tica de la Facultad y representaba la enfermedad que estaba atravesando\u201d<\/strong>, se\u00f1al\u00f3 una de sus compa\u00f1eras.<\/p>\n<p>&nbsp;<\/p>\n<p>La intenci\u00f3n es recuperarlo para que forme parte de las presentaciones de las carreras que habitualmente se realizan para los estudiantes de secundaria. <strong>\u201cSi lo llegamos a encontrar ser\u00eda muy especial\u201d<\/strong>, indicaron.<\/p>\n<p>&nbsp;<\/p>\n<blockquote><p>El cuadro ten\u00eda una dimensi\u00f3n de 21&#215;21 y recuerdan que era abstracto: \u201cten\u00eda c\u00edrculos, marrones, un fondo verde y una especie de ave blanca\u201d.<\/p><\/blockquote>\n<p>&nbsp;<\/p>\n<p>Fue perdido el mismo d\u00eda que se cre\u00f3, el 14 de agosto, en un posible recorrido desde el colegio San Antonio hasta la Terminal. Quienes puedan aportar datos comunicarse al<strong> 2284 22-6182. \u00a0<\/strong><\/p>\n","protected":false},"excerpt":{"rendered":"<p>Una olavarriense pint\u00f3 un cuadro que perdi\u00f3 el 14 de agosto. Marianela falleci\u00f3 y amigos y amigas quieren recuperar la<\/p>\n","protected":false},"author":5,"featured_media":95498,"comment_status":"closed","ping_status":"closed","sticky":false,"template":"","format":"standard","meta":{"_jetpack_memberships_contains_paid_content":false,"footnotes":""},"categories":[5,1],"tags":[],"class_list":["post-95497","post","type-post","status-publish","format-standard","has-post-thumbnail","hentry","category-informacion-general","category-portada"],"jetpack_featured_media_url":"https:\/\/i0.wp.com\/cdnoticias.com\/wp-content\/uploads\/2023\/09\/cuadro-marianela.jpg?fit=1600%2C1200&ssl=1","jetpack_sharing_enabled":true,"_links":{"self":[{"href":"https:\/\/cdnoticias.com\/index.php\/wp-json\/wp\/v2\/posts\/95497","targetHints":{"allow":["GET"]}}],"collection":[{"href":"https:\/\/cdnoticias.com\/index.php\/wp-json\/wp\/v2\/posts"}],"about":[{"href":"https:\/\/cdnoticias.com\/index.php\/wp-json\/wp\/v2\/types\/post"}],"author":[{"embeddable":true,"href":"https:\/\/cdnoticias.com\/index.php\/wp-json\/wp\/v2\/users\/5"}],"replies":[{"embeddable":true,"href":"https:\/\/cdnoticias.com\/index.php\/wp-json\/wp\/v2\/comments?post=95497"}],"version-history":[{"count":0,"href":"https:\/\/cdnoticias.com\/index.php\/wp-json\/wp\/v2\/posts\/95497\/revisions"}],"wp:featuredmedia":[{"embeddable":true,"href":"https:\/\/cdnoticias.com\/index.php\/wp-json\/wp\/v2\/media\/95498"}],"wp:attachment":[{"href":"https:\/\/cdnoticias.com\/index.php\/wp-json\/wp\/v2\/media?parent=95497"}],"wp:term":[{"taxonomy":"category","embeddable":true,"href":"https:\/\/cdnoticias.com\/index.php\/wp-json\/wp\/v2\/categories?post=95497"},{"taxonomy":"post_tag","embeddable":true,"href":"https:\/\/cdnoticias.com\/index.php\/wp-json\/wp\/v2\/tags?post=95497"}],"curies":[{"name":"wp","href":"https:\/\/api.w.org\/{rel}","templated":true}]}}