{"id":95459,"date":"2023-09-08T08:49:16","date_gmt":"2023-09-08T11:49:16","guid":{"rendered":"https:\/\/www.centraldenoticias.com.ar\/?p=95459"},"modified":"2023-09-08T08:49:16","modified_gmt":"2023-09-08T11:49:16","slug":"encuentro-de-teatro-olavarria-se-suspendio-la-obra-de-gerardo-romano","status":"publish","type":"post","link":"https:\/\/cdnoticias.com\/index.php\/2023\/09\/08\/encuentro-de-teatro-olavarria-se-suspendio-la-obra-de-gerardo-romano\/","title":{"rendered":"Encuentro de Teatro Olavarr\u00eda: Se suspendi\u00f3 la obra de Gerardo Romano"},"content":{"rendered":"<p>La presentaci\u00f3n se iba a realizar este viernes a las 21:30. El resto de la programaci\u00f3n contin\u00faa con normalidad. La apertura del evento ser\u00e1 a las 18:00 en Punto de Giro.<!--more--><\/p>\n<hr \/>\n<p>Este viernes se inform\u00f3 que \u201cpor problemas ajenos a la organizaci\u00f3n\u201d <strong>se suspendi\u00f3 la presentaci\u00f3n del actor Gerardo Romano en el marco del Encuentro de Teatro Olavarr\u00eda.<\/strong> La funci\u00f3n de la obra \u201cUn Jud\u00edo Com\u00fan y Corriente\u201d se iba a concretar este viernes a las 21:30.<\/p>\n<p>&nbsp;<\/p>\n<p>Se\u00f1alaron que las personas que hab\u00edan adquirido la entrada con antelaci\u00f3n ya fueron avisadas de la suspensi\u00f3n.<\/p>\n<p>&nbsp;<\/p>\n<p>Asimismo, se record\u00f3 que<strong> el resto de la programaci\u00f3n se mantiene y la apertura ser\u00e1 a las 18:00 en \u201cPunto de Giro\u201d.<\/strong> El Encuentro se realizar\u00e1 este 8, 9 y 10 de septiembre en \u201cPunto de Giro\u201d, \u201cInsurgente\u201d y \u201cChamula\u201d con el acompa\u00f1amiento del Instituto Cultural de la Provincia.<\/p>\n<p>&nbsp;<\/p>\n<h2>Cronograma completo<\/h2>\n<p>&nbsp;<\/p>\n<p><strong>\u00a0Viernes 8 en Punto de Giro (Maip\u00fa 3446)<\/strong><\/p>\n<p>&nbsp;<\/p>\n<p>18:00- Apertura<\/p>\n<p>&nbsp;<\/p>\n<p>18:30- \u201cLa Edad de la ciruela\u201d Direcci\u00f3n: Pato Farias. Actuaci\u00f3n: Anal\u00eda Giulietti \u2013 Mariana Thimot\u00e9e.<\/p>\n<p>&nbsp;<\/p>\n<p>20:00- \u201cLa sustancia de los otros\u201d Direcci\u00f3n: Pablo Fredes. Actuaci\u00f3n: Laura Gonzales \u2013 Juan Scipione \u2013 Martin Padin \u2013 Florencia Ciocchini.<\/p>\n<p>&nbsp;<\/p>\n<p>&nbsp;<\/p>\n<p><strong>S\u00e1bado 9 en Insurgente (Belgrano 3345)<\/strong><\/p>\n<p>&nbsp;<\/p>\n<p>15:00- Taller te\u00f3rico \u201cTeatro, territorio e identidad comunitaria\u201d por Carlos Fos, te\u00f3rico, investigador e historiador teatral.<\/p>\n<p>&nbsp;<\/p>\n<p>19:00- Concierto Teatral \u201cMelaza\u201d con Flavia Salto y Rom\u00e1n Cea<\/p>\n<p>&nbsp;<\/p>\n<p>21:00- \u201cContrariedades\u201d Direcci\u00f3n: Cristian Bernardo. Actuaci\u00f3n: Guillermo Bastarrechea \u2013 Miguel Irastorza<\/p>\n<p>&nbsp;<\/p>\n<p>&nbsp;<\/p>\n<p><strong>Domingo 10 en \u201cChamula\u201d Tierra de las Artes (Maip\u00fa 3756)<\/strong><\/p>\n<p>&nbsp;<\/p>\n<p>15:30- Teatro de T\u00edteres \u201cEl caballero sin Caballo\u201d de Producciones Pizzicato. Actuaci\u00f3n: Gerardo Capobianco.<\/p>\n<p>&nbsp;<\/p>\n<p>18:00- \u201cPostales\u201d Direcci\u00f3n: Pablo Fredes. Actuaci\u00f3n: Laura Tropea \u2013 Fernanda Moraga.<\/p>\n<p>&nbsp;<\/p>\n<p>20:00- Cierre con Obra Teatral \u201cContrapunto\u201d de Trifulca Producciones. Actuaci\u00f3n: Pedro Chirino.<\/p>\n<p>&nbsp;<\/p>\n<blockquote class=\"wp-embedded-content\" data-secret=\"Hu1gQQZKMw\"><p><a href=\"https:\/\/cdnoticias.com\/index.php\/2023\/09\/07\/los-espacios-culturales-independientes-sostuvieron-una-agenda-teatral-desde-la-autogestion\/\">\u201cLos espacios culturales independientes sostuvieron una agenda teatral desde la autogesti\u00f3n\u201d<\/a><\/p><\/blockquote>\n<p><iframe loading=\"lazy\" class=\"wp-embedded-content\" sandbox=\"allow-scripts\" security=\"restricted\" style=\"position: absolute; clip: rect(1px, 1px, 1px, 1px);\" title=\"&#8220;\u201cLos espacios culturales independientes sostuvieron una agenda teatral desde la autogesti\u00f3n\u201d&#8221; &#8212; Central de Noticias | Olavarr\u00eda\" src=\"https:\/\/cdnoticias.com\/index.php\/2023\/09\/07\/los-espacios-culturales-independientes-sostuvieron-una-agenda-teatral-desde-la-autogestion\/embed\/#?secret=mZWzxlSAEF#?secret=Hu1gQQZKMw\" data-secret=\"Hu1gQQZKMw\" width=\"600\" height=\"338\" frameborder=\"0\" marginwidth=\"0\" marginheight=\"0\" scrolling=\"no\"><\/iframe><\/p>\n","protected":false},"excerpt":{"rendered":"<p>La presentaci\u00f3n se iba a realizar este viernes a las 21:30. El resto de la programaci\u00f3n contin\u00faa con normalidad. La<\/p>\n","protected":false},"author":5,"featured_media":95460,"comment_status":"closed","ping_status":"closed","sticky":false,"template":"","format":"standard","meta":{"_jetpack_memberships_contains_paid_content":false,"footnotes":""},"categories":[9,1],"tags":[],"class_list":["post-95459","post","type-post","status-publish","format-standard","has-post-thumbnail","hentry","category-cultura","category-portada"],"jetpack_featured_media_url":"https:\/\/i0.wp.com\/cdnoticias.com\/wp-content\/uploads\/2023\/09\/romano-gerardo.jpg?fit=800%2C445&ssl=1","jetpack_sharing_enabled":true,"_links":{"self":[{"href":"https:\/\/cdnoticias.com\/index.php\/wp-json\/wp\/v2\/posts\/95459","targetHints":{"allow":["GET"]}}],"collection":[{"href":"https:\/\/cdnoticias.com\/index.php\/wp-json\/wp\/v2\/posts"}],"about":[{"href":"https:\/\/cdnoticias.com\/index.php\/wp-json\/wp\/v2\/types\/post"}],"author":[{"embeddable":true,"href":"https:\/\/cdnoticias.com\/index.php\/wp-json\/wp\/v2\/users\/5"}],"replies":[{"embeddable":true,"href":"https:\/\/cdnoticias.com\/index.php\/wp-json\/wp\/v2\/comments?post=95459"}],"version-history":[{"count":0,"href":"https:\/\/cdnoticias.com\/index.php\/wp-json\/wp\/v2\/posts\/95459\/revisions"}],"wp:featuredmedia":[{"embeddable":true,"href":"https:\/\/cdnoticias.com\/index.php\/wp-json\/wp\/v2\/media\/95460"}],"wp:attachment":[{"href":"https:\/\/cdnoticias.com\/index.php\/wp-json\/wp\/v2\/media?parent=95459"}],"wp:term":[{"taxonomy":"category","embeddable":true,"href":"https:\/\/cdnoticias.com\/index.php\/wp-json\/wp\/v2\/categories?post=95459"},{"taxonomy":"post_tag","embeddable":true,"href":"https:\/\/cdnoticias.com\/index.php\/wp-json\/wp\/v2\/tags?post=95459"}],"curies":[{"name":"wp","href":"https:\/\/api.w.org\/{rel}","templated":true}]}}