{"id":95451,"date":"2023-09-08T18:06:36","date_gmt":"2023-09-08T21:06:36","guid":{"rendered":"https:\/\/www.centraldenoticias.com.ar\/?p=95451"},"modified":"2023-09-08T18:06:36","modified_gmt":"2023-09-08T21:06:36","slug":"un-hombre-fue-aprehendido-tras-intentar-robar-bebidas-de-un-supermercado","status":"publish","type":"post","link":"https:\/\/cdnoticias.com\/index.php\/2023\/09\/08\/un-hombre-fue-aprehendido-tras-intentar-robar-bebidas-de-un-supermercado\/","title":{"rendered":"Un hombre fue aprehendido tras intentar robar bebidas de un supermercado"},"content":{"rendered":"<p>Fue sorprendido en el interior de un comercio c\u00e9ntrico.<!--more--><\/p>\n<hr \/>\n<p>Un hombre de 39 a\u00f1os fue aprehendido durante la jornada del jueves cuando<strong> intent\u00f3 robar bebidas alcoh\u00f3licas de un supermercado c\u00e9ntrico.<\/strong><\/p>\n<p>&nbsp;<\/p>\n<p>Personal de Motopolicias fue alertado de la situaci\u00f3n y aprehendi\u00f3 al hombre que <strong>se encontraba en el interior del comercio.<\/strong><\/p>\n<p>&nbsp;<\/p>\n<p>Secuestraron una lata de cerveza Andes y dos botellas de Corona.<\/p>\n<p>&nbsp;<\/p>\n<p>Fue trasladado a la Comisar\u00eda Primera. La causa est\u00e1 caratulada como <strong>\u201churto en grado de tentativa infraganti delito\u201d<\/strong> a cargo de la UFI N\u00b0 4.<\/p>\n","protected":false},"excerpt":{"rendered":"<p>Fue sorprendido en el interior de un comercio c\u00e9ntrico.<\/p>\n","protected":false},"author":5,"featured_media":95452,"comment_status":"closed","ping_status":"closed","sticky":false,"template":"","format":"standard","meta":{"_jetpack_memberships_contains_paid_content":false,"footnotes":""},"categories":[14],"tags":[],"class_list":["post-95451","post","type-post","status-publish","format-standard","has-post-thumbnail","hentry","category-policiales"],"jetpack_featured_media_url":"https:\/\/i0.wp.com\/cdnoticias.com\/wp-content\/uploads\/2023\/09\/aprehendido-bebidas-supermercado.jpg?fit=928%2C516&ssl=1","jetpack_sharing_enabled":true,"_links":{"self":[{"href":"https:\/\/cdnoticias.com\/index.php\/wp-json\/wp\/v2\/posts\/95451","targetHints":{"allow":["GET"]}}],"collection":[{"href":"https:\/\/cdnoticias.com\/index.php\/wp-json\/wp\/v2\/posts"}],"about":[{"href":"https:\/\/cdnoticias.com\/index.php\/wp-json\/wp\/v2\/types\/post"}],"author":[{"embeddable":true,"href":"https:\/\/cdnoticias.com\/index.php\/wp-json\/wp\/v2\/users\/5"}],"replies":[{"embeddable":true,"href":"https:\/\/cdnoticias.com\/index.php\/wp-json\/wp\/v2\/comments?post=95451"}],"version-history":[{"count":0,"href":"https:\/\/cdnoticias.com\/index.php\/wp-json\/wp\/v2\/posts\/95451\/revisions"}],"wp:featuredmedia":[{"embeddable":true,"href":"https:\/\/cdnoticias.com\/index.php\/wp-json\/wp\/v2\/media\/95452"}],"wp:attachment":[{"href":"https:\/\/cdnoticias.com\/index.php\/wp-json\/wp\/v2\/media?parent=95451"}],"wp:term":[{"taxonomy":"category","embeddable":true,"href":"https:\/\/cdnoticias.com\/index.php\/wp-json\/wp\/v2\/categories?post=95451"},{"taxonomy":"post_tag","embeddable":true,"href":"https:\/\/cdnoticias.com\/index.php\/wp-json\/wp\/v2\/tags?post=95451"}],"curies":[{"name":"wp","href":"https:\/\/api.w.org\/{rel}","templated":true}]}}