{"id":95440,"date":"2023-09-07T19:52:17","date_gmt":"2023-09-07T22:52:17","guid":{"rendered":"https:\/\/www.centraldenoticias.com.ar\/?p=95440"},"modified":"2023-09-07T21:04:21","modified_gmt":"2023-09-08T00:04:21","slug":"galli-y-los-intendentes-de-juntos-por-el-cambio-pidieron-una-reunion-urgente-con-kicillof","status":"publish","type":"post","link":"https:\/\/cdnoticias.com\/index.php\/2023\/09\/07\/galli-y-los-intendentes-de-juntos-por-el-cambio-pidieron-una-reunion-urgente-con-kicillof\/","title":{"rendered":"Galli y los intendentes de Juntos por el Cambio pidieron una reuni\u00f3n \u201curgente\u201d con Kicillof"},"content":{"rendered":"<p>Buscar\u00e1n \u201cabordar la problem\u00e1tica del financiamiento de diversos programas y actividades\u201d entre IOMA, Torneos Bonaerenses, Obras, entre otros.<!--more--><\/p>\n<hr \/>\n<p>Este jueves, <strong>el intendente Ezequiel Galli junto al Foro de intendentes de Juntos por el Cambio solicit\u00f3 con car\u00e1cter de urgencia una reuni\u00f3n al Gobernador Axel Kicillof<\/strong> para poder abordar la problem\u00e1tica del financiamiento de diversos programas y actividades.<\/p>\n<p>&nbsp;<\/p>\n<p>El mencionado pedido se realiz\u00f3, seg\u00fan explicaron los intendentes,<strong> en el marco del complejo contexto econ\u00f3mico por el que atraviesa el pa\u00eds.<\/strong><\/p>\n<p>&nbsp;<\/p>\n<p><em>\u201cNuestros municipios necesitan respuestas frente a la deuda de IOMA, el env\u00edo de fondos necesario para hacer frente a la participaci\u00f3n de nuestras delegaciones en los Torneos Bonaerenses, la agilizaci\u00f3n y pago en relaci\u00f3n a los diferentes programas de obras, entre otros temas, es lo que se pretende abordar con el gobernador\u201d<\/em>, manifestaron.<\/p>\n<p>&nbsp;<\/p>\n<p>Por otra parte, los jefes comunales expresaron: <strong><em>\u201cel anuncio efectuado por el ministro Massa requiere para su implementaci\u00f3n en los municipios de una herramienta distinta a la planteada por el gobierno provincial, por lo que necesitamos la ampliaci\u00f3n del Fondo Especial de Asignaciones Extraordinarias Salariales para Municipios que prev\u00e9 la cobertura s\u00f3lo del 50% del costo de la medida y que el mismo no deba reembolsarse durante el ejercicio\u201d.<\/em><\/strong><\/p>\n","protected":false},"excerpt":{"rendered":"<p>Buscar\u00e1n \u201cabordar la problem\u00e1tica del financiamiento de diversos programas y actividades\u201d entre IOMA, Torneos Bonaerenses, Obras, entre otros.<\/p>\n","protected":false},"author":2,"featured_media":95441,"comment_status":"closed","ping_status":"closed","sticky":false,"template":"","format":"standard","meta":{"_jetpack_memberships_contains_paid_content":false,"footnotes":""},"categories":[4,1],"tags":[],"class_list":["post-95440","post","type-post","status-publish","format-standard","has-post-thumbnail","hentry","category-politica","category-portada"],"jetpack_featured_media_url":"https:\/\/i0.wp.com\/cdnoticias.com\/wp-content\/uploads\/2023\/09\/WhatsApp-Image-2023-09-07-at-18.08.51.jpeg?fit=1024%2C683&ssl=1","jetpack_sharing_enabled":true,"_links":{"self":[{"href":"https:\/\/cdnoticias.com\/index.php\/wp-json\/wp\/v2\/posts\/95440","targetHints":{"allow":["GET"]}}],"collection":[{"href":"https:\/\/cdnoticias.com\/index.php\/wp-json\/wp\/v2\/posts"}],"about":[{"href":"https:\/\/cdnoticias.com\/index.php\/wp-json\/wp\/v2\/types\/post"}],"author":[{"embeddable":true,"href":"https:\/\/cdnoticias.com\/index.php\/wp-json\/wp\/v2\/users\/2"}],"replies":[{"embeddable":true,"href":"https:\/\/cdnoticias.com\/index.php\/wp-json\/wp\/v2\/comments?post=95440"}],"version-history":[{"count":0,"href":"https:\/\/cdnoticias.com\/index.php\/wp-json\/wp\/v2\/posts\/95440\/revisions"}],"wp:featuredmedia":[{"embeddable":true,"href":"https:\/\/cdnoticias.com\/index.php\/wp-json\/wp\/v2\/media\/95441"}],"wp:attachment":[{"href":"https:\/\/cdnoticias.com\/index.php\/wp-json\/wp\/v2\/media?parent=95440"}],"wp:term":[{"taxonomy":"category","embeddable":true,"href":"https:\/\/cdnoticias.com\/index.php\/wp-json\/wp\/v2\/categories?post=95440"},{"taxonomy":"post_tag","embeddable":true,"href":"https:\/\/cdnoticias.com\/index.php\/wp-json\/wp\/v2\/tags?post=95440"}],"curies":[{"name":"wp","href":"https:\/\/api.w.org\/{rel}","templated":true}]}}