{"id":9542,"date":"2020-12-21T15:24:40","date_gmt":"2020-12-21T18:24:40","guid":{"rendered":"http:\/\/www.centraldenoticias.com.ar\/?p=9542"},"modified":"2020-12-21T15:24:40","modified_gmt":"2020-12-21T18:24:40","slug":"neil-raquel-vazquez-de-ippolito-q-e-p-d","status":"publish","type":"post","link":"https:\/\/cdnoticias.com\/index.php\/2020\/12\/21\/neil-raquel-vazquez-de-ippolito-q-e-p-d\/","title":{"rendered":"Neil Raquel V\u00e1zquez De Ippolito (Q.E.P.D.)"},"content":{"rendered":"<p>Falleci\u00f3 en Olavarr\u00eda el d\u00eda 21 de Diciembre de 2020 a los 92 a\u00f1os de edad. Sus hijos Carlos Alberto y Mar\u00eda Susana Ippolito, sus hijos pol\u00edticos Adriana Molla, Enrique Brigante, sus nietos Erika Marina, Mart\u00edn Ignacio, Joaqu\u00edn y Nicol\u00e1s Agust\u00edn Ippolito, sus nietos pol\u00edticos Carlos Enrique Blando, Luciana De Negri, sus bisnietos Emilio y Catalina Blando, Mart\u00edn Ignacio y Greta Ippolito, sus asistentes Mirian, Mar\u00eda, Marisol y Valeria despedimos con mucho amor a nuestra querida mam\u00e1 y a la Abu. Rogamos una oraci\u00f3n por su eterno descanso. Rogamos no enviar flores y destinar los fondos al Hogar de Ni\u00f1as San Jos\u00e9.<\/p>\n<p>&nbsp;<\/p>\n<p>No se realizar\u00e1 velatorio. Sus restos ser\u00e1n inhumados este martes a las 10.30 en el cementerio Loma de Paz, servicio adherido a Coopelectric.<\/p>\n","protected":false},"excerpt":{"rendered":"<p>Falleci\u00f3 en Olavarr\u00eda el d\u00eda 21 de Diciembre de 2020 a los 92 a\u00f1os de edad. Sus hijos Carlos Alberto<\/p>\n","protected":false},"author":3,"featured_media":0,"comment_status":"closed","ping_status":"closed","sticky":false,"template":"","format":"standard","meta":{"_jetpack_memberships_contains_paid_content":false,"footnotes":""},"categories":[10],"tags":[],"class_list":["post-9542","post","type-post","status-publish","format-standard","hentry","category-necrologicas"],"jetpack_featured_media_url":"","jetpack_sharing_enabled":true,"_links":{"self":[{"href":"https:\/\/cdnoticias.com\/index.php\/wp-json\/wp\/v2\/posts\/9542","targetHints":{"allow":["GET"]}}],"collection":[{"href":"https:\/\/cdnoticias.com\/index.php\/wp-json\/wp\/v2\/posts"}],"about":[{"href":"https:\/\/cdnoticias.com\/index.php\/wp-json\/wp\/v2\/types\/post"}],"author":[{"embeddable":true,"href":"https:\/\/cdnoticias.com\/index.php\/wp-json\/wp\/v2\/users\/3"}],"replies":[{"embeddable":true,"href":"https:\/\/cdnoticias.com\/index.php\/wp-json\/wp\/v2\/comments?post=9542"}],"version-history":[{"count":0,"href":"https:\/\/cdnoticias.com\/index.php\/wp-json\/wp\/v2\/posts\/9542\/revisions"}],"wp:attachment":[{"href":"https:\/\/cdnoticias.com\/index.php\/wp-json\/wp\/v2\/media?parent=9542"}],"wp:term":[{"taxonomy":"category","embeddable":true,"href":"https:\/\/cdnoticias.com\/index.php\/wp-json\/wp\/v2\/categories?post=9542"},{"taxonomy":"post_tag","embeddable":true,"href":"https:\/\/cdnoticias.com\/index.php\/wp-json\/wp\/v2\/tags?post=9542"}],"curies":[{"name":"wp","href":"https:\/\/api.w.org\/{rel}","templated":true}]}}