{"id":95416,"date":"2023-09-07T19:57:32","date_gmt":"2023-09-07T22:57:32","guid":{"rendered":"https:\/\/www.centraldenoticias.com.ar\/?p=95416"},"modified":"2023-09-07T19:57:32","modified_gmt":"2023-09-07T22:57:32","slug":"el-relato-la-madame-que-canta-victoria-logro-su-primera-mencion-en-un-concurso-literario","status":"publish","type":"post","link":"https:\/\/cdnoticias.com\/index.php\/2023\/09\/07\/el-relato-la-madame-que-canta-victoria-logro-su-primera-mencion-en-un-concurso-literario\/","title":{"rendered":"El relato \u201cLa Madame que canta victoria\u201d logr\u00f3 su primera menci\u00f3n en un concurso literario"},"content":{"rendered":"<p>Se llevar\u00e1 a cabo la publicaci\u00f3n del tercer libro, llamado \u201cEllas no fueron contadas\u201d. El escrito de Yanela Alves relata \u201cla historia de la primera mujer trans en ocupar un lugar en el Sindicato de Trabajadores Municipales de la ciudad de Olavarr\u00eda\u201d.<!--more--><\/p>\n<hr \/>\n<p>El<strong> lunes 18 de septiembre<\/strong> se llevar\u00e1 a cabo la<strong> publicaci\u00f3n del tercer libro<\/strong>\u00a0<em><strong>\u201cEllas no fueron contadas\u201d<\/strong><\/em> con los relatos ganadores del <strong>concurso de escritura sobre mujeres y LGTBI+ bonaerenses.<\/strong><\/p>\n<p>&nbsp;<\/p>\n<p>El escrito de <strong>Yanela Alves<\/strong> relata \u201c<em>la historia de la primera mujer trans en ocupar un lugar en el Sindicato de Trabajadores Municipales de la ciudad de Olavarr\u00eda\u201d.<\/em><\/p>\n<p>&nbsp;<\/p>\n<p>El concurso literario est\u00e1 organizado por el Ministerio de las Mujeres, Pol\u00edticas de G\u00e9nero y Diversidad Sexual de la provincia de Buenos Aires. Las juradas Julia Rosemberg, Sandra Russo y Claudia Bernazza dieron a conocer su decisi\u00f3n sobre el conjunto de <strong>159 obras recibidas.<\/strong> Los textos corresponden a tres categor\u00edas: Historia de vida, Ficci\u00f3n en clave de g\u00e9nero y En primera persona, el Estado en tu vida.<\/p>\n<p>&nbsp;<\/p>\n<p>Para cada una de esas categor\u00edas se han otorgado<strong> tres premios y dos menciones<\/strong>. Los reconocimientos se han adecuado a las pautas establecidas por la organizaci\u00f3n del concurso, fundamentalmente la autor\u00eda de mujeres y LGTBI+, la ubicaci\u00f3n de los relatos en las diferentes geograf\u00edas de la provincia, su aporte a la identidad bonaerense, la perspectiva de g\u00e9nero y la calidad literaria.<\/p>\n","protected":false},"excerpt":{"rendered":"<p>Se llevar\u00e1 a cabo la publicaci\u00f3n del tercer libro, llamado \u201cEllas no fueron contadas\u201d. El escrito de Yanela Alves relata<\/p>\n","protected":false},"author":6,"featured_media":95418,"comment_status":"closed","ping_status":"closed","sticky":false,"template":"","format":"standard","meta":{"_jetpack_memberships_contains_paid_content":false,"footnotes":""},"categories":[3,1],"tags":[],"class_list":["post-95416","post","type-post","status-publish","format-standard","has-post-thumbnail","hentry","category-genero","category-portada"],"jetpack_featured_media_url":"https:\/\/i0.wp.com\/cdnoticias.com\/wp-content\/uploads\/2023\/09\/WhatsApp-Image-2023-09-07-at-18.11.11-e1694122990889.jpeg?fit=1280%2C578&ssl=1","jetpack_sharing_enabled":true,"_links":{"self":[{"href":"https:\/\/cdnoticias.com\/index.php\/wp-json\/wp\/v2\/posts\/95416","targetHints":{"allow":["GET"]}}],"collection":[{"href":"https:\/\/cdnoticias.com\/index.php\/wp-json\/wp\/v2\/posts"}],"about":[{"href":"https:\/\/cdnoticias.com\/index.php\/wp-json\/wp\/v2\/types\/post"}],"author":[{"embeddable":true,"href":"https:\/\/cdnoticias.com\/index.php\/wp-json\/wp\/v2\/users\/6"}],"replies":[{"embeddable":true,"href":"https:\/\/cdnoticias.com\/index.php\/wp-json\/wp\/v2\/comments?post=95416"}],"version-history":[{"count":0,"href":"https:\/\/cdnoticias.com\/index.php\/wp-json\/wp\/v2\/posts\/95416\/revisions"}],"wp:featuredmedia":[{"embeddable":true,"href":"https:\/\/cdnoticias.com\/index.php\/wp-json\/wp\/v2\/media\/95418"}],"wp:attachment":[{"href":"https:\/\/cdnoticias.com\/index.php\/wp-json\/wp\/v2\/media?parent=95416"}],"wp:term":[{"taxonomy":"category","embeddable":true,"href":"https:\/\/cdnoticias.com\/index.php\/wp-json\/wp\/v2\/categories?post=95416"},{"taxonomy":"post_tag","embeddable":true,"href":"https:\/\/cdnoticias.com\/index.php\/wp-json\/wp\/v2\/tags?post=95416"}],"curies":[{"name":"wp","href":"https:\/\/api.w.org\/{rel}","templated":true}]}}