{"id":95393,"date":"2023-09-07T17:49:31","date_gmt":"2023-09-07T20:49:31","guid":{"rendered":"https:\/\/www.centraldenoticias.com.ar\/?p=95393"},"modified":"2023-09-07T19:52:26","modified_gmt":"2023-09-07T22:52:26","slug":"choque-entre-una-motocicleta-y-un-auto-dejo-un-herido","status":"publish","type":"post","link":"https:\/\/cdnoticias.com\/index.php\/2023\/09\/07\/choque-entre-una-motocicleta-y-un-auto-dejo-un-herido\/","title":{"rendered":"Choque entre una motocicleta y un auto dej\u00f3 un herido"},"content":{"rendered":"<p>Ocurri\u00f3 este jueves por la tarde en Ayacucho y Sargento Cabral. Personal policial trabaj\u00f3 en el lugar. <!--more--><\/p>\n<hr \/>\n<p>Este jueves por la tarde<strong> una motocicleta choc\u00f3 contra un auto<\/strong> en<strong> Ayacucho y Sargento Cabral.<\/strong><\/p>\n<p>&nbsp;<\/p>\n<p>Espec\u00edficamente, se trat\u00f3 de una motocicleta Yamaha de motomandados contra un auto Nissan Tiida. El <strong>motociclista fue trasladado<\/strong> al Hospital Municipal por una ambulancia del SAME.<\/p>\n<p>&nbsp;<\/p>\n<p><img data-recalc-dims=\"1\" loading=\"lazy\" decoding=\"async\" class=\"aligncenter wp-image-95394 size-full\" src=\"https:\/\/i0.wp.com\/cdnoticias.com\/wp-content\/uploads\/2023\/09\/choque-7-9-ayacucho-2.png?resize=800%2C445&#038;ssl=1\" alt=\"\" width=\"800\" height=\"445\" srcset=\"https:\/\/i0.wp.com\/cdnoticias.com\/wp-content\/uploads\/2023\/09\/choque-7-9-ayacucho-2.png?w=936&amp;ssl=1 936w, https:\/\/i0.wp.com\/cdnoticias.com\/wp-content\/uploads\/2023\/09\/choque-7-9-ayacucho-2.png?resize=300%2C167&amp;ssl=1 300w, https:\/\/i0.wp.com\/cdnoticias.com\/wp-content\/uploads\/2023\/09\/choque-7-9-ayacucho-2.png?resize=768%2C427&amp;ssl=1 768w, https:\/\/i0.wp.com\/cdnoticias.com\/wp-content\/uploads\/2023\/09\/choque-7-9-ayacucho-2.png?resize=800%2C445&amp;ssl=1 800w\" sizes=\"auto, (max-width: 800px) 100vw, 800px\" \/><\/p>\n<p>&nbsp;<\/p>\n<p>En el lugar <strong>trabaj\u00f3 personal policial<\/strong> y realiz\u00f3 un corte de calle, por lo cual el tr\u00e1nsito se encuentra interrumpido.<\/p>\n","protected":false},"excerpt":{"rendered":"<p>Ocurri\u00f3 este jueves por la tarde en Ayacucho y Sargento Cabral. Personal policial trabaj\u00f3 en el lugar.<\/p>\n","protected":false},"author":6,"featured_media":95395,"comment_status":"closed","ping_status":"closed","sticky":false,"template":"","format":"standard","meta":{"_jetpack_memberships_contains_paid_content":false,"footnotes":""},"categories":[14,1],"tags":[],"class_list":["post-95393","post","type-post","status-publish","format-standard","has-post-thumbnail","hentry","category-policiales","category-portada"],"jetpack_featured_media_url":"https:\/\/i0.wp.com\/cdnoticias.com\/wp-content\/uploads\/2023\/09\/choque-7-9-ayacucho-1.png?fit=819%2C456&ssl=1","jetpack_sharing_enabled":true,"_links":{"self":[{"href":"https:\/\/cdnoticias.com\/index.php\/wp-json\/wp\/v2\/posts\/95393","targetHints":{"allow":["GET"]}}],"collection":[{"href":"https:\/\/cdnoticias.com\/index.php\/wp-json\/wp\/v2\/posts"}],"about":[{"href":"https:\/\/cdnoticias.com\/index.php\/wp-json\/wp\/v2\/types\/post"}],"author":[{"embeddable":true,"href":"https:\/\/cdnoticias.com\/index.php\/wp-json\/wp\/v2\/users\/6"}],"replies":[{"embeddable":true,"href":"https:\/\/cdnoticias.com\/index.php\/wp-json\/wp\/v2\/comments?post=95393"}],"version-history":[{"count":0,"href":"https:\/\/cdnoticias.com\/index.php\/wp-json\/wp\/v2\/posts\/95393\/revisions"}],"wp:featuredmedia":[{"embeddable":true,"href":"https:\/\/cdnoticias.com\/index.php\/wp-json\/wp\/v2\/media\/95395"}],"wp:attachment":[{"href":"https:\/\/cdnoticias.com\/index.php\/wp-json\/wp\/v2\/media?parent=95393"}],"wp:term":[{"taxonomy":"category","embeddable":true,"href":"https:\/\/cdnoticias.com\/index.php\/wp-json\/wp\/v2\/categories?post=95393"},{"taxonomy":"post_tag","embeddable":true,"href":"https:\/\/cdnoticias.com\/index.php\/wp-json\/wp\/v2\/tags?post=95393"}],"curies":[{"name":"wp","href":"https:\/\/api.w.org\/{rel}","templated":true}]}}