{"id":95354,"date":"2023-09-06T20:36:15","date_gmt":"2023-09-06T23:36:15","guid":{"rendered":"https:\/\/www.centraldenoticias.com.ar\/?p=95354"},"modified":"2023-09-06T20:36:15","modified_gmt":"2023-09-06T23:36:15","slug":"bomberos-de-olavarria-firmo-un-importante-convenio-con-una-empresa-de-combustibles","status":"publish","type":"post","link":"https:\/\/cdnoticias.com\/index.php\/2023\/09\/06\/bomberos-de-olavarria-firmo-un-importante-convenio-con-una-empresa-de-combustibles\/","title":{"rendered":"Bomberos de Olavarr\u00eda firm\u00f3 un importante convenio con una empresa de combustibles"},"content":{"rendered":"<p>A partir de este mes, todos los bomberos y bomberas de la asociaci\u00f3n podr\u00e1n ir con sus veh\u00edculos particulares a la estaci\u00f3n &#8220;Voy&#8221; y cargar cualquiera de los combustibles a la venta y obtener un descuento presentando el DNI. <!--more--><\/p>\n<hr \/>\n<p>Esta semana el Presidente de la<strong> Asociaci\u00f3n de Bomberos Voluntarios<\/strong> de Olavarr\u00eda<strong> Hugo Fayan\u00e1s,<\/strong> y el Gerente de la empresa de combustibles<em><strong> &#8220;Voy&#8221;<\/strong> <\/em><strong>Fernando Giretti,<\/strong> participaron de una reuni\u00f3n en la que se realiz\u00f3 la firma de un convenio que nuclea a ambas instituciones.<\/p>\n<p>&nbsp;<\/p>\n<p>A partir de este mes, todos los <strong>bomberos y bomberas de la asociaci\u00f3n podr\u00e1n ir con sus veh\u00edculos particulares a la estaci\u00f3n <em>&#8220;Voy&#8221;,<\/em><\/strong> ubicada en avenida Pringles, y <strong>cargar cualquiera de los combustibles a la venta<\/strong> y obtener un descuento presentando el DNI.<\/p>\n<p>&nbsp;<\/p>\n<p><em>&#8220;Este beneficio es un logro del Consejo Directivo y sus integrantes, que buscan la mejora continua del cuartel, los destacamentos, el personal y la asociaci\u00f3n toda&#8221;<\/em> expresaron desde Bomberos Voluntarios.<\/p>\n","protected":false},"excerpt":{"rendered":"<p>A partir de este mes, todos los bomberos y bomberas de la asociaci\u00f3n podr\u00e1n ir con sus veh\u00edculos particulares a<\/p>\n","protected":false},"author":6,"featured_media":95356,"comment_status":"closed","ping_status":"closed","sticky":false,"template":"","format":"standard","meta":{"_jetpack_memberships_contains_paid_content":false,"footnotes":""},"categories":[5,1],"tags":[],"class_list":["post-95354","post","type-post","status-publish","format-standard","has-post-thumbnail","hentry","category-informacion-general","category-portada"],"jetpack_featured_media_url":"https:\/\/i0.wp.com\/cdnoticias.com\/wp-content\/uploads\/2023\/09\/WhatsApp-Image-2023-09-06-at-16.27.17.jpeg?fit=1600%2C900&ssl=1","jetpack_sharing_enabled":true,"_links":{"self":[{"href":"https:\/\/cdnoticias.com\/index.php\/wp-json\/wp\/v2\/posts\/95354","targetHints":{"allow":["GET"]}}],"collection":[{"href":"https:\/\/cdnoticias.com\/index.php\/wp-json\/wp\/v2\/posts"}],"about":[{"href":"https:\/\/cdnoticias.com\/index.php\/wp-json\/wp\/v2\/types\/post"}],"author":[{"embeddable":true,"href":"https:\/\/cdnoticias.com\/index.php\/wp-json\/wp\/v2\/users\/6"}],"replies":[{"embeddable":true,"href":"https:\/\/cdnoticias.com\/index.php\/wp-json\/wp\/v2\/comments?post=95354"}],"version-history":[{"count":0,"href":"https:\/\/cdnoticias.com\/index.php\/wp-json\/wp\/v2\/posts\/95354\/revisions"}],"wp:featuredmedia":[{"embeddable":true,"href":"https:\/\/cdnoticias.com\/index.php\/wp-json\/wp\/v2\/media\/95356"}],"wp:attachment":[{"href":"https:\/\/cdnoticias.com\/index.php\/wp-json\/wp\/v2\/media?parent=95354"}],"wp:term":[{"taxonomy":"category","embeddable":true,"href":"https:\/\/cdnoticias.com\/index.php\/wp-json\/wp\/v2\/categories?post=95354"},{"taxonomy":"post_tag","embeddable":true,"href":"https:\/\/cdnoticias.com\/index.php\/wp-json\/wp\/v2\/tags?post=95354"}],"curies":[{"name":"wp","href":"https:\/\/api.w.org\/{rel}","templated":true}]}}