{"id":95345,"date":"2023-09-06T20:36:26","date_gmt":"2023-09-06T23:36:26","guid":{"rendered":"https:\/\/www.centraldenoticias.com.ar\/?p=95345"},"modified":"2023-09-07T08:01:08","modified_gmt":"2023-09-07T11:01:08","slug":"es-un-compromiso-mas-para-seguir-adelante-te-genera-mas-ganas","status":"publish","type":"post","link":"https:\/\/cdnoticias.com\/index.php\/2023\/09\/06\/es-un-compromiso-mas-para-seguir-adelante-te-genera-mas-ganas\/","title":{"rendered":"&#8220;Es un compromiso m\u00e1s para seguir adelante, te genera m\u00e1s ganas&#8221;"},"content":{"rendered":"<p>Artedanza participar\u00e1 de un festival organizado por la Fundaci\u00f3n Julio Bocca este domingo en la Ciudad Aut\u00f3noma de Buenos Aires. Mart\u00edn Soler, referente del espacio, dialog\u00f3 con Central de Noticias y brind\u00f3 detalles del encuentro. <!--more--><\/p>\n<hr \/>\n<p>Este domingo, la <strong>Fundaci\u00f3n Julio Bocca<\/strong> realizar\u00e1 en el marco de los<strong> festejos por su 25\u00ba aniversario<\/strong>, el primer <strong>Festival Interdisplinario,<\/strong> donde 20 estudios homologados de los 60 que se encuentran en actividad actualmente, han sido<strong> seleccionados para bailar<\/strong> en el Teatro ND Ateneo de la Ciudad Aut\u00f3noma de Buenos Aires.<\/p>\n<p>&nbsp;<\/p>\n<p>Uno de los estudios seleccionados para participar en el festival de los 25 a\u00f1os de la Fundaci\u00f3n fue <strong>Artedanza, tu lugar de expresi\u00f3n.<\/strong> Durante el transcurso de la Gala se presentar\u00e1n dos coreograf\u00edas: una de Jazz Adultos y otra de Lyrical Jazz.<\/p>\n<p>&nbsp;<\/p>\n<p><strong>Mart\u00edn Soler,<\/strong> referente del espacio, dialog\u00f3 con <em>Central de Noticias<\/em> y brind\u00f3 detalles de encuentro. &#8220;<em>Por ser estudio homologado te van evaluando permanente y en base a las evaluaciones te invitan para participar de forma gratuita.\u00a0 Eval\u00faan las clases por zoom, eval\u00faan cuando vienen a visitar Olavarr\u00eda, los seminarios de los profesores y profesoras&#8221;.<\/em><\/p>\n<p>&nbsp;<\/p>\n<p>&#8220;Decidimos llevar a un grupo de mayores de 40 a\u00f1os porque <strong>la danza es para todas las edades,<\/strong> y un grupo de chicos por su esfuerzo en la danza&#8221; expres\u00f3 Soler, en cuanto a los participantes locales donde tambi\u00e9n bailar\u00e1 <strong>Valeria Potes<\/strong>, maestra y referenta del espacio. El festival comenzar\u00e1 con su gala a las 18:30 y terminar\u00e1 a las 20:30.<\/p>\n<p>&nbsp;<\/p>\n<blockquote><p>&#8220;Es un compromiso m\u00e1s para seguir adelante, te genera m\u00e1s ganas. Tambi\u00e9n te genera ansiedad porque vamos a estar en un Meet &amp; Greet con el mism\u00edsimo Julio Bocca, considerado uno de los mejores bailarines de la historia de la danza. Ser\u00e1 una charla de todos los alumnos con el d\u00f3nde se van a enviar preguntas y el va a contestarlas, dura dos horas y es un cara a cara con \u00e9l&#8221; subray\u00f3 Soler.<\/p><\/blockquote>\n<p>&nbsp;<\/p>\n<p>Por \u00faltimo, Soler cerr\u00f3: &#8220;<em><strong>Estamos felices porque aparte conoces gente de todo el pa\u00eds, de otros estudios, compart\u00eds, lo bueno que tiene esto es que no es una competencia. Es un encuentro de danza y eso es lo que m\u00e1s nos gusta a nosotros&#8221;.<\/strong><\/em><\/p>\n<p>&nbsp;<\/p>\n","protected":false},"excerpt":{"rendered":"<p>Artedanza participar\u00e1 de un festival organizado por la Fundaci\u00f3n Julio Bocca este domingo en la Ciudad Aut\u00f3noma de Buenos Aires.<\/p>\n","protected":false},"author":6,"featured_media":67402,"comment_status":"closed","ping_status":"closed","sticky":false,"template":"","format":"standard","meta":{"_jetpack_memberships_contains_paid_content":false,"footnotes":""},"categories":[9,1],"tags":[],"class_list":["post-95345","post","type-post","status-publish","format-standard","has-post-thumbnail","hentry","category-cultura","category-portada"],"jetpack_featured_media_url":"https:\/\/i0.wp.com\/cdnoticias.com\/wp-content\/uploads\/2022\/10\/artedanzacdn.jpg?fit=800%2C445&ssl=1","jetpack_sharing_enabled":true,"_links":{"self":[{"href":"https:\/\/cdnoticias.com\/index.php\/wp-json\/wp\/v2\/posts\/95345","targetHints":{"allow":["GET"]}}],"collection":[{"href":"https:\/\/cdnoticias.com\/index.php\/wp-json\/wp\/v2\/posts"}],"about":[{"href":"https:\/\/cdnoticias.com\/index.php\/wp-json\/wp\/v2\/types\/post"}],"author":[{"embeddable":true,"href":"https:\/\/cdnoticias.com\/index.php\/wp-json\/wp\/v2\/users\/6"}],"replies":[{"embeddable":true,"href":"https:\/\/cdnoticias.com\/index.php\/wp-json\/wp\/v2\/comments?post=95345"}],"version-history":[{"count":0,"href":"https:\/\/cdnoticias.com\/index.php\/wp-json\/wp\/v2\/posts\/95345\/revisions"}],"wp:featuredmedia":[{"embeddable":true,"href":"https:\/\/cdnoticias.com\/index.php\/wp-json\/wp\/v2\/media\/67402"}],"wp:attachment":[{"href":"https:\/\/cdnoticias.com\/index.php\/wp-json\/wp\/v2\/media?parent=95345"}],"wp:term":[{"taxonomy":"category","embeddable":true,"href":"https:\/\/cdnoticias.com\/index.php\/wp-json\/wp\/v2\/categories?post=95345"},{"taxonomy":"post_tag","embeddable":true,"href":"https:\/\/cdnoticias.com\/index.php\/wp-json\/wp\/v2\/tags?post=95345"}],"curies":[{"name":"wp","href":"https:\/\/api.w.org\/{rel}","templated":true}]}}