{"id":95318,"date":"2023-09-07T08:00:53","date_gmt":"2023-09-07T11:00:53","guid":{"rendered":"https:\/\/www.centraldenoticias.com.ar\/?p=95318"},"modified":"2023-09-07T10:32:22","modified_gmt":"2023-09-07T13:32:22","slug":"jornada-para-migrantes-en-el-marco-de-el-estado-cerca-tuyo-2","status":"publish","type":"post","link":"https:\/\/cdnoticias.com\/index.php\/2023\/09\/07\/jornada-para-migrantes-en-el-marco-de-el-estado-cerca-tuyo-2\/","title":{"rendered":"Jornada para Migrantes en el marco de &#8220;El Estado Cerca Tuyo&#8221;"},"content":{"rendered":"<p>Ser\u00e1 este s\u00e1bado 9 de septiembre de 10 a 13 horas. Se podr\u00e1n realizar distintas consultas y tr\u00e1mites ante organismos provinciales y nacionales.<!--more--><\/p>\n<hr \/>\n<p>Este <strong>s\u00e1bado 9 de septiembre<\/strong> se llevar\u00e1 a cabo una <strong>nueva jornada para migrantes<\/strong> en el marco de &#8220;<strong>El Estado Cerca Tuyo<\/strong>&#8220;, una pol\u00edtica p\u00fablica de descentralizaci\u00f3n impulsada por <strong>Maximiliano Wesner.<\/strong><\/p>\n<p>&nbsp;<\/p>\n<p>La jornada estar\u00e1 destinada espec\u00edficamente a la <strong>poblaci\u00f3n migrante de Olavarr\u00eda<\/strong> que podr\u00e1 atenderse con la <strong>Direcci\u00f3n Nacional de Migraciones<\/strong> y tambi\u00e9n realizar distintas consultas y tr\u00e1mites ante organismos provinciales y nacionales.<\/p>\n<p>&nbsp;<\/p>\n<p><img data-recalc-dims=\"1\" loading=\"lazy\" decoding=\"async\" class=\"aligncenter wp-image-95329 size-full\" src=\"https:\/\/i0.wp.com\/cdnoticias.com\/wp-content\/uploads\/2023\/09\/WhatsApp-Image-2023-09-06-at-09.51.01.jpeg?resize=800%2C800&#038;ssl=1\" alt=\"\" width=\"800\" height=\"800\" srcset=\"https:\/\/i0.wp.com\/cdnoticias.com\/wp-content\/uploads\/2023\/09\/WhatsApp-Image-2023-09-06-at-09.51.01.jpeg?w=1024&amp;ssl=1 1024w, https:\/\/i0.wp.com\/cdnoticias.com\/wp-content\/uploads\/2023\/09\/WhatsApp-Image-2023-09-06-at-09.51.01.jpeg?resize=300%2C300&amp;ssl=1 300w, https:\/\/i0.wp.com\/cdnoticias.com\/wp-content\/uploads\/2023\/09\/WhatsApp-Image-2023-09-06-at-09.51.01.jpeg?resize=150%2C150&amp;ssl=1 150w, https:\/\/i0.wp.com\/cdnoticias.com\/wp-content\/uploads\/2023\/09\/WhatsApp-Image-2023-09-06-at-09.51.01.jpeg?resize=768%2C768&amp;ssl=1 768w\" sizes=\"auto, (max-width: 800px) 100vw, 800px\" \/><\/p>\n<p>&nbsp;<\/p>\n<p>Este operativo de atenci\u00f3n ser\u00e1 en el horario de<strong> 10 a 13 horas en la sede de ARBO<\/strong> (Asociaci\u00f3n de residentes Bolivianos en Olavarr\u00eda), <strong>Santa Cruz y Pelegrino.<\/strong> Participar\u00e1n el Centro de Acceso a la Justicia, ANSES, Migraciones, Ministerio de Trabajo PBA, Regi\u00f3n Sanitaria IX, Hospital Provincial de Oncolog\u00eda, INADI, Migraciones, Ministerio de Desarrollo Social de la Naci\u00f3n y Registro Provincial de las Personas.<\/p>\n<p>&nbsp;<\/p>\n<p><em>&#8220;El objetivo de esta iniciativa es descentralizar y dar respuestas de manera sistematizadas a las diferentes consultas que tienen los vecinos y vecinas para que no tengan trasladarse a las oficinas de cada organismo<\/em>&#8221; expresaron desde el \u00e1rea.<\/p>\n","protected":false},"excerpt":{"rendered":"<p>Ser\u00e1 este s\u00e1bado 9 de septiembre de 10 a 13 horas. Se podr\u00e1n realizar distintas consultas y tr\u00e1mites ante organismos<\/p>\n","protected":false},"author":6,"featured_media":95319,"comment_status":"closed","ping_status":"closed","sticky":false,"template":"","format":"standard","meta":{"_jetpack_memberships_contains_paid_content":false,"footnotes":""},"categories":[5,1],"tags":[],"class_list":["post-95318","post","type-post","status-publish","format-standard","has-post-thumbnail","hentry","category-informacion-general","category-portada"],"jetpack_featured_media_url":"https:\/\/i0.wp.com\/cdnoticias.com\/wp-content\/uploads\/2023\/09\/WhatsApp-Image-2023-09-06-at-09.51.08.jpeg?fit=1286%2C789&ssl=1","jetpack_sharing_enabled":true,"_links":{"self":[{"href":"https:\/\/cdnoticias.com\/index.php\/wp-json\/wp\/v2\/posts\/95318","targetHints":{"allow":["GET"]}}],"collection":[{"href":"https:\/\/cdnoticias.com\/index.php\/wp-json\/wp\/v2\/posts"}],"about":[{"href":"https:\/\/cdnoticias.com\/index.php\/wp-json\/wp\/v2\/types\/post"}],"author":[{"embeddable":true,"href":"https:\/\/cdnoticias.com\/index.php\/wp-json\/wp\/v2\/users\/6"}],"replies":[{"embeddable":true,"href":"https:\/\/cdnoticias.com\/index.php\/wp-json\/wp\/v2\/comments?post=95318"}],"version-history":[{"count":0,"href":"https:\/\/cdnoticias.com\/index.php\/wp-json\/wp\/v2\/posts\/95318\/revisions"}],"wp:featuredmedia":[{"embeddable":true,"href":"https:\/\/cdnoticias.com\/index.php\/wp-json\/wp\/v2\/media\/95319"}],"wp:attachment":[{"href":"https:\/\/cdnoticias.com\/index.php\/wp-json\/wp\/v2\/media?parent=95318"}],"wp:term":[{"taxonomy":"category","embeddable":true,"href":"https:\/\/cdnoticias.com\/index.php\/wp-json\/wp\/v2\/categories?post=95318"},{"taxonomy":"post_tag","embeddable":true,"href":"https:\/\/cdnoticias.com\/index.php\/wp-json\/wp\/v2\/tags?post=95318"}],"curies":[{"name":"wp","href":"https:\/\/api.w.org\/{rel}","templated":true}]}}