{"id":95314,"date":"2023-09-06T17:36:23","date_gmt":"2023-09-06T20:36:23","guid":{"rendered":"https:\/\/www.centraldenoticias.com.ar\/?p=95314"},"modified":"2023-09-06T20:39:17","modified_gmt":"2023-09-06T23:39:17","slug":"el-proximo-3-de-octubre-licitaran-las-obras-del-polo-cultural-en-la-ex-estacion-el-provincial","status":"publish","type":"post","link":"https:\/\/cdnoticias.com\/index.php\/2023\/09\/06\/el-proximo-3-de-octubre-licitaran-las-obras-del-polo-cultural-en-la-ex-estacion-el-provincial\/","title":{"rendered":"El pr\u00f3ximo 3 de octubre licitar\u00e1n las obras del \u201cPolo Cultural\u201d en la ex Estaci\u00f3n El Provincial"},"content":{"rendered":"<p>Fue anunciado por el Municipio. Recibir\u00e1n propuestas hasta el 28 de septiembre. El Presupuesto Oficial es de 191 millones de pesos.<!--more--><\/p>\n<hr \/>\n<p>El Municipio inform\u00f3 este mi\u00e9rcoles que<strong> el pr\u00f3ximo 3 de octubre realizar\u00e1n la apertura de cotizaciones para las obras de refuncionalizaci\u00f3n y puesta en valor de la ex Estaci\u00f3n de Ferrocarril Provincial de Olavarr\u00eda en un \u201cPolo Cultural\u201d.<\/strong><\/p>\n<p>&nbsp;<\/p>\n<blockquote><p>El acto comenzar\u00e1 a partir de las 10 horas, pero la fecha l\u00edmite para el entrego de pliegos ser\u00e1 el 28 de septiembre. El presupuesto oficial es de $191.609.775,99 pesos.<\/p><\/blockquote>\n<p>&nbsp;<\/p>\n<blockquote class=\"wp-embedded-content\" data-secret=\"NiF4ypmiaQ\"><p><a href=\"https:\/\/cdnoticias.com\/index.php\/2022\/06\/22\/firmaron-el-convenio-de-traspaso-y-la-estacion-de-el-provincial-sera-un-polo-cultural\/\">Firmaron el convenio de traspaso y la Estaci\u00f3n de El Provincial ser\u00e1 \u201cun Polo Cultural\u201d<\/a><\/p><\/blockquote>\n<p><iframe loading=\"lazy\" class=\"wp-embedded-content\" sandbox=\"allow-scripts\" security=\"restricted\" style=\"position: absolute; clip: rect(1px, 1px, 1px, 1px);\" title=\"&#8220;Firmaron el convenio de traspaso y la Estaci\u00f3n de El Provincial ser\u00e1 \u201cun Polo Cultural\u201d&#8221; &#8212; Central de Noticias | Olavarr\u00eda\" src=\"https:\/\/cdnoticias.com\/index.php\/2022\/06\/22\/firmaron-el-convenio-de-traspaso-y-la-estacion-de-el-provincial-sera-un-polo-cultural\/embed\/#?secret=gOGq1KRdyq#?secret=NiF4ypmiaQ\" data-secret=\"NiF4ypmiaQ\" width=\"600\" height=\"338\" frameborder=\"0\" marginwidth=\"0\" marginheight=\"0\" scrolling=\"no\"><\/iframe><\/p>\n<p>&nbsp;<\/p>\n<p>El objetivo<strong><em> \u201ces la recuperaci\u00f3n tanto del inmueble como espacios exteriores, para con ello crear un lugar de encuentro con actividades para toda la comunidad de Olavarr\u00eda y sus zonas aleda\u00f1as\u201d.<\/em><\/strong><\/p>\n<p>&nbsp;<\/p>\n<p>Adem\u00e1s, el proyecto contempla la creaci\u00f3n de <strong>un Centro Cultural con un amplio Auditorio<\/strong>, para lo cual se proponen diversos espacios interiores, entre ellos, una amplia sala, varias \u00e1reas de exposiciones y <strong>una sala de conferencias y\/o auditorio con capacidad para 80 personas apto para desarrollar charlas, capacitaciones, conciertos, danzas, muestras escolares, entre otras.<\/strong><\/p>\n<p>&nbsp;<\/p>\n<blockquote class=\"wp-embedded-content\" data-secret=\"VIxyISpaeP\"><p><a href=\"https:\/\/cdnoticias.com\/index.php\/2023\/07\/04\/wesner-y-katopodis-confirmaron-el-financiamiento-de-un-polo-cultural-en-la-ex-estacion-provincial\/\">Wesner y Katopodis confirmaron el financiamiento de un Polo Cultural en la ex Estaci\u00f3n Provincial<\/a><\/p><\/blockquote>\n<p><iframe loading=\"lazy\" class=\"wp-embedded-content\" sandbox=\"allow-scripts\" security=\"restricted\" style=\"position: absolute; clip: rect(1px, 1px, 1px, 1px);\" title=\"&#8220;Wesner y Katopodis confirmaron el financiamiento de un Polo Cultural en la ex Estaci\u00f3n Provincial&#8221; &#8212; Central de Noticias | Olavarr\u00eda\" src=\"https:\/\/cdnoticias.com\/index.php\/2023\/07\/04\/wesner-y-katopodis-confirmaron-el-financiamiento-de-un-polo-cultural-en-la-ex-estacion-provincial\/embed\/#?secret=zk2qsgKszT#?secret=VIxyISpaeP\" data-secret=\"VIxyISpaeP\" width=\"600\" height=\"338\" frameborder=\"0\" marginwidth=\"0\" marginheight=\"0\" scrolling=\"no\"><\/iframe><\/p>\n<p>&nbsp;<\/p>\n<p>En detalle,<strong> en la planta baja se proyecta labores para la construcci\u00f3n de acceso, \u00e1reas de exposiciones, sala, auditorio para 80 personas, camar\u00edn y\/o dep\u00f3sito y sanitarios con ingreso desde el interior para p\u00fablico en general.<\/strong><\/p>\n<p>&nbsp;<\/p>\n<p>En cuanto a la planta alta, se contempla la realizaci\u00f3n de <strong>sector administrativo con oficinas, espacios din\u00e1micos para diversas actividades y terraza.<\/strong><\/p>\n<p>&nbsp;<\/p>\n<p>Por \u00faltimo, con respecto a las \u00e1reas exteriores,<strong> se buscar\u00e1 la recuperaci\u00f3n de galer\u00edas semicubiertas, veredas con equipamiento, sector de juegos infantiles y un anfiteatro al aire libre.<\/strong><\/p>\n","protected":false},"excerpt":{"rendered":"<p>Fue anunciado por el Municipio. Recibir\u00e1n propuestas hasta el 28 de septiembre. El Presupuesto Oficial es de 191 millones de<\/p>\n","protected":false},"author":2,"featured_media":27173,"comment_status":"closed","ping_status":"closed","sticky":false,"template":"","format":"standard","meta":{"_jetpack_memberships_contains_paid_content":false,"footnotes":""},"categories":[5,1],"tags":[],"class_list":["post-95314","post","type-post","status-publish","format-standard","has-post-thumbnail","hentry","category-informacion-general","category-portada"],"jetpack_featured_media_url":"https:\/\/i0.wp.com\/cdnoticias.com\/wp-content\/uploads\/2021\/07\/WhatsApp-Image-2021-07-18-at-14.18.36.jpeg?fit=1280%2C960&ssl=1","jetpack_sharing_enabled":true,"_links":{"self":[{"href":"https:\/\/cdnoticias.com\/index.php\/wp-json\/wp\/v2\/posts\/95314","targetHints":{"allow":["GET"]}}],"collection":[{"href":"https:\/\/cdnoticias.com\/index.php\/wp-json\/wp\/v2\/posts"}],"about":[{"href":"https:\/\/cdnoticias.com\/index.php\/wp-json\/wp\/v2\/types\/post"}],"author":[{"embeddable":true,"href":"https:\/\/cdnoticias.com\/index.php\/wp-json\/wp\/v2\/users\/2"}],"replies":[{"embeddable":true,"href":"https:\/\/cdnoticias.com\/index.php\/wp-json\/wp\/v2\/comments?post=95314"}],"version-history":[{"count":0,"href":"https:\/\/cdnoticias.com\/index.php\/wp-json\/wp\/v2\/posts\/95314\/revisions"}],"wp:featuredmedia":[{"embeddable":true,"href":"https:\/\/cdnoticias.com\/index.php\/wp-json\/wp\/v2\/media\/27173"}],"wp:attachment":[{"href":"https:\/\/cdnoticias.com\/index.php\/wp-json\/wp\/v2\/media?parent=95314"}],"wp:term":[{"taxonomy":"category","embeddable":true,"href":"https:\/\/cdnoticias.com\/index.php\/wp-json\/wp\/v2\/categories?post=95314"},{"taxonomy":"post_tag","embeddable":true,"href":"https:\/\/cdnoticias.com\/index.php\/wp-json\/wp\/v2\/tags?post=95314"}],"curies":[{"name":"wp","href":"https:\/\/api.w.org\/{rel}","templated":true}]}}