{"id":95301,"date":"2023-09-06T14:02:33","date_gmt":"2023-09-06T17:02:33","guid":{"rendered":"https:\/\/www.centraldenoticias.com.ar\/?p=95301"},"modified":"2023-09-06T17:36:52","modified_gmt":"2023-09-06T20:36:52","slug":"insisten-en-las-denuncias-por-contaminacion-del-arroyo-tapalque","status":"publish","type":"post","link":"https:\/\/cdnoticias.com\/index.php\/2023\/09\/06\/insisten-en-las-denuncias-por-contaminacion-del-arroyo-tapalque\/","title":{"rendered":"Insisten en las denuncias por contaminaci\u00f3n del arroyo Tapalqu\u00e9"},"content":{"rendered":"<p>Expusieron el estado actual de la denuncia contra Coopelectric y se\u00f1alaron contaminaci\u00f3n tambi\u00e9n por parte de las unidades carcelarias. Adem\u00e1s, apuntaron contra el funcionamiento del relleno sanitario y la inacci\u00f3n de los intendentes de Olavarr\u00eda, Tapalqu\u00e9 y Alvear.<!--more--><\/p>\n<hr \/>\n<p>En conferencia de prensa, <strong>Mart\u00edn Acosta vecino de Tapalqu\u00e9, Fabi\u00e1n Rodr\u00edguez ex empleado de la planta depuradora de l\u00edquidos cloacales a cargo de Coopelectric, Daniel Rom\u00e1n vecino de Olavarr\u00eda y el abogado C\u00e9sar Garc\u00eda<\/strong> presentaron en conferencia de prensa el estado actual de la denuncia contra Coopelectric por contaminaci\u00f3n del arroyo Tapalqu\u00e9. Adem\u00e1s, se\u00f1alaron contaminaci\u00f3n por parte de las unidades penales de Sierra Chica y apuntaron contra la falta de intervenci\u00f3n de los intendentes de Olavarr\u00eda, Tapalqu\u00e9 y Alvear.<\/p>\n<p>&nbsp;<\/p>\n<p>El doctor <strong>C\u00e9sar Garc\u00eda<\/strong> inici\u00f3 la exposici\u00f3n con un recorrido de la actuado hasta el momento y se\u00f1al\u00f3 que \u201c<strong>ac\u00e1 hay dos causas penales.<\/strong> Una es la 2371 del 2022 aculada con la 5864 del 2022. Lo que se est\u00e1 denunciando espec\u00edficamente es c<strong>ontaminaci\u00f3n por parte de la empresa Coopelectric al cauce de agua del arrroyo Tapalqu\u00e9\u201d.<\/strong><\/p>\n<p>&nbsp;<\/p>\n<blockquote><p>Agreg\u00f3 que \u201cesta contaminaci\u00f3n <strong>se produce a trav\u00e9s de los bypass y genera abundancia de bacterias Escherichia coli<\/strong>, que es espec\u00edficamente excremento, ya sea humano o animal. Las bacterias son tres: Klebsiella, Citrobacter y Enterobacter\u201d.<\/p><\/blockquote>\n<p>&nbsp;<\/p>\n<p>En ese sentido, el letrado ampli\u00f3 que \u201cen Tapalqu\u00e9 y en Alvear parte del agua del cauce del arroyo Tapaqu\u00e9 lo utilizan, lo potabilizan y lo distribuyen en la red de corriente el\u00e9ctrica. De esa manera llega a los hogares, pero est\u00e1 potabilizado, eso no quiere decir que est\u00e1 eliminada esta bacteria. Esto consta expediente y lo que estamos diciendo es que cese la contaminaci\u00f3n actual y a futuro. <strong>El \u00f3rgano contralor es la Municipalidad de Olavarr\u00eda y deber\u00eda solicitar un estudio de impacto ambiental y con estos resultados generar medidas<\/strong> para que esto no se produzca de ac\u00e1 al futuro\u201d.<\/p>\n<p>&nbsp;<\/p>\n<p>Las denuncias se realizaron hace m\u00e1s de un a\u00f1o y est\u00e1n alojadas en fiscal\u00edas locales. Adem\u00e1s, Garc\u00eda expres\u00f3 que en cada una de las protestas realizadas han recibido <strong>\u201ccoacciones y amenazas\u201d.<\/strong> Incluso, en la \u00faltima protesta se colg\u00f3 un pasacalle en la vereda de Coopelectric y \u201cun inspector municipal lo mult\u00f3 (a Mart\u00edn Acosta). La ordenanza limita los pasacalles que est\u00e9n atados, a una determinada altura y que sean de tinte pol\u00edtico. Me gustar\u00eda que sepan que hay pasacalles en las rutas del Pro o Cambiemos. Es una tonter\u00eda y tratan de coaccionarlo\u201d y agreg\u00f3 que tambi\u00e9n <strong>\u201cha recibido amenazas de muerte de un empleado de Coopelectric que trabaja en la planta depuradora. Est\u00e1 denunciado tambi\u00e9n en fiscal\u00eda\u201d.<\/strong><\/p>\n<p>&nbsp;<\/p>\n<blockquote class=\"wp-embedded-content\" data-secret=\"k3as4TTqNE\"><p><a href=\"https:\/\/cdnoticias.com\/index.php\/2023\/04\/21\/desde-tapalque-denuncian-amenazas-en-la-protesta-en-coopelectric-contra-contaminacion-del-arroyo\/\">Desde Tapalqu\u00e9 denuncian amenazas en la protesta en Coopelectric contra contaminaci\u00f3n del arroyo<\/a><\/p><\/blockquote>\n<p><iframe loading=\"lazy\" class=\"wp-embedded-content\" sandbox=\"allow-scripts\" security=\"restricted\" style=\"position: absolute; visibility: hidden;\" title=\"&#8220;Desde Tapalqu\u00e9 denuncian amenazas en la protesta en Coopelectric contra contaminaci\u00f3n del arroyo&#8221; &#8212; Central de Noticias | Olavarr\u00eda\" src=\"https:\/\/cdnoticias.com\/index.php\/2023\/04\/21\/desde-tapalque-denuncian-amenazas-en-la-protesta-en-coopelectric-contra-contaminacion-del-arroyo\/embed\/#?secret=v2YNKYWiAA#?secret=k3as4TTqNE\" data-secret=\"k3as4TTqNE\" width=\"600\" height=\"338\" frameborder=\"0\" marginwidth=\"0\" marginheight=\"0\" scrolling=\"no\"><\/iframe><\/p>\n<p>&nbsp;<\/p>\n<p><img data-recalc-dims=\"1\" loading=\"lazy\" decoding=\"async\" class=\"aligncenter size-full wp-image-95305\" src=\"https:\/\/i0.wp.com\/cdnoticias.com\/wp-content\/uploads\/2023\/09\/denuncia-contaminacion-arroyo-03.jpg?resize=800%2C445&#038;ssl=1\" alt=\"\" width=\"800\" height=\"445\" srcset=\"https:\/\/i0.wp.com\/cdnoticias.com\/wp-content\/uploads\/2023\/09\/denuncia-contaminacion-arroyo-03.jpg?w=800&amp;ssl=1 800w, https:\/\/i0.wp.com\/cdnoticias.com\/wp-content\/uploads\/2023\/09\/denuncia-contaminacion-arroyo-03.jpg?resize=300%2C167&amp;ssl=1 300w, https:\/\/i0.wp.com\/cdnoticias.com\/wp-content\/uploads\/2023\/09\/denuncia-contaminacion-arroyo-03.jpg?resize=768%2C427&amp;ssl=1 768w\" sizes=\"auto, (max-width: 800px) 100vw, 800px\" \/><\/p>\n<p>&nbsp;<\/p>\n<h2>La denuncia contra las unidades penales<\/h2>\n<p>&nbsp;<\/p>\n<p>Garc\u00eda tambi\u00e9n se\u00f1al\u00f3 que este tipo de vertidos tambi\u00e9n se realizan en las unidades 2, 27 y 38. Mart\u00edn Acosta afirm\u00f3 que \u201carrojan las aguas servidas a un canal clandestino. Nosotros hemos recorrido hace mucho tiempo atr\u00e1s. Incluso estamos trabajando en una presentaci\u00f3n judicial a la brevedad\u201d.<\/p>\n<p>&nbsp;<\/p>\n<p>\u201cTenemos pruebas f\u00edlmicas\u201d enfatiz\u00f3 Acosta y se\u00f1al\u00f3 que \u201cla verdad que hay mucha desidia, las c\u00e1rceles hace a\u00f1os que est\u00e1n ah\u00ed. Muchos nos dec\u00edan que la c\u00e1rcel N\u00b02 tiene una depuradora, en su momento lo hicieron, pero ahora est\u00e1 desmantelada\u201d, resalt\u00f3 Acosta.<\/p>\n<p>&nbsp;<\/p>\n<p>\u201cDespu\u00e9s tenemos el relleno sanitario de Olavarr\u00eda que est\u00e1 pegado al arroyo con canales que desembocan en el mismo arroyo Tapalqu\u00e9, nosotros como vecinos de Tapalqu\u00e9 recibimos todo eso que se genera ac\u00e1\u201d, enfatiz\u00f3.<\/p>\n<p>&nbsp;<\/p>\n<p><img data-recalc-dims=\"1\" loading=\"lazy\" decoding=\"async\" class=\"aligncenter size-full wp-image-95304\" src=\"https:\/\/i0.wp.com\/cdnoticias.com\/wp-content\/uploads\/2023\/09\/denuncia-contaminacion-arroyo-02.jpg?resize=800%2C445&#038;ssl=1\" alt=\"\" width=\"800\" height=\"445\" srcset=\"https:\/\/i0.wp.com\/cdnoticias.com\/wp-content\/uploads\/2023\/09\/denuncia-contaminacion-arroyo-02.jpg?w=800&amp;ssl=1 800w, https:\/\/i0.wp.com\/cdnoticias.com\/wp-content\/uploads\/2023\/09\/denuncia-contaminacion-arroyo-02.jpg?resize=300%2C167&amp;ssl=1 300w, https:\/\/i0.wp.com\/cdnoticias.com\/wp-content\/uploads\/2023\/09\/denuncia-contaminacion-arroyo-02.jpg?resize=768%2C427&amp;ssl=1 768w\" sizes=\"auto, (max-width: 800px) 100vw, 800px\" \/><\/p>\n<p>&nbsp;<\/p>\n<h2>La palabra de un ex empleado de la planta depuradora<\/h2>\n<p>&nbsp;<\/p>\n<p>Fabi\u00e1n Rodr\u00edguez, ex empleado de la planta depuradora, indic\u00f3 que \u201ctrabaj\u00e9 quince a\u00f1os y quer\u00eda aclarar que presentamos siete cuadernos donde <strong>consta de pu\u00f1o y letra que los empleados dejaban a la noche, de 19:00 a 6:00 el bypass abierto para que vaya todo crudo al arroyo<\/strong>\u201d.<\/p>\n<p>&nbsp;<\/p>\n<p>Se\u00f1al\u00f3 que \u201ctambi\u00e9n despu\u00e9s de horario <strong>descargaban los atmosf\u00e9ricos<\/strong>, largaban todo al arroyo\u201d.<\/p>\n<p>&nbsp;<\/p>\n<p>Y por \u00faltimo, remarc\u00f3 que \u201c<strong>cuando llueve la planta depuradora se inunda y todo va crudo al arroyo<\/strong>, cuando se corta la luz, todo va crudo el arroyo. No solamente lo de las casas sino tambi\u00e9n los de la cl\u00ednica\u201d.<\/p>\n<p>&nbsp;<\/p>\n<blockquote class=\"wp-embedded-content\" data-secret=\"KpLlV3kHHH\"><p><a href=\"https:\/\/cdnoticias.com\/index.php\/2023\/04\/17\/denunciaron-en-coopelectric-contaminacion-de-las-aguas-del-arroyo-tapalque\/\">Denunciaron en Coopelectric contaminaci\u00f3n de las aguas del arroyo Tapalqu\u00e9<\/a><\/p><\/blockquote>\n<p><iframe loading=\"lazy\" class=\"wp-embedded-content\" sandbox=\"allow-scripts\" security=\"restricted\" style=\"position: absolute; visibility: hidden;\" title=\"&#8220;Denunciaron en Coopelectric contaminaci\u00f3n de las aguas del arroyo Tapalqu\u00e9&#8221; &#8212; Central de Noticias | Olavarr\u00eda\" src=\"https:\/\/cdnoticias.com\/index.php\/2023\/04\/17\/denunciaron-en-coopelectric-contaminacion-de-las-aguas-del-arroyo-tapalque\/embed\/#?secret=xlsNLaqjpM#?secret=KpLlV3kHHH\" data-secret=\"KpLlV3kHHH\" width=\"600\" height=\"338\" frameborder=\"0\" marginwidth=\"0\" marginheight=\"0\" scrolling=\"no\"><\/iframe><\/p>\n","protected":false},"excerpt":{"rendered":"<p>Expusieron el estado actual de la denuncia contra Coopelectric y se\u00f1alaron contaminaci\u00f3n tambi\u00e9n por parte de las unidades carcelarias. Adem\u00e1s,<\/p>\n","protected":false},"author":5,"featured_media":95303,"comment_status":"closed","ping_status":"closed","sticky":false,"template":"","format":"standard","meta":{"_jetpack_memberships_contains_paid_content":false,"footnotes":""},"categories":[5,1],"tags":[],"class_list":["post-95301","post","type-post","status-publish","format-standard","has-post-thumbnail","hentry","category-informacion-general","category-portada"],"jetpack_featured_media_url":"https:\/\/i0.wp.com\/cdnoticias.com\/wp-content\/uploads\/2023\/09\/denuncia-contaminacion-arroyo-01.jpg?fit=800%2C445&ssl=1","jetpack_sharing_enabled":true,"_links":{"self":[{"href":"https:\/\/cdnoticias.com\/index.php\/wp-json\/wp\/v2\/posts\/95301","targetHints":{"allow":["GET"]}}],"collection":[{"href":"https:\/\/cdnoticias.com\/index.php\/wp-json\/wp\/v2\/posts"}],"about":[{"href":"https:\/\/cdnoticias.com\/index.php\/wp-json\/wp\/v2\/types\/post"}],"author":[{"embeddable":true,"href":"https:\/\/cdnoticias.com\/index.php\/wp-json\/wp\/v2\/users\/5"}],"replies":[{"embeddable":true,"href":"https:\/\/cdnoticias.com\/index.php\/wp-json\/wp\/v2\/comments?post=95301"}],"version-history":[{"count":0,"href":"https:\/\/cdnoticias.com\/index.php\/wp-json\/wp\/v2\/posts\/95301\/revisions"}],"wp:featuredmedia":[{"embeddable":true,"href":"https:\/\/cdnoticias.com\/index.php\/wp-json\/wp\/v2\/media\/95303"}],"wp:attachment":[{"href":"https:\/\/cdnoticias.com\/index.php\/wp-json\/wp\/v2\/media?parent=95301"}],"wp:term":[{"taxonomy":"category","embeddable":true,"href":"https:\/\/cdnoticias.com\/index.php\/wp-json\/wp\/v2\/categories?post=95301"},{"taxonomy":"post_tag","embeddable":true,"href":"https:\/\/cdnoticias.com\/index.php\/wp-json\/wp\/v2\/tags?post=95301"}],"curies":[{"name":"wp","href":"https:\/\/api.w.org\/{rel}","templated":true}]}}