{"id":95292,"date":"2023-09-06T10:09:00","date_gmt":"2023-09-06T13:09:00","guid":{"rendered":"https:\/\/www.centraldenoticias.com.ar\/?p=95292"},"modified":"2023-09-25T11:04:28","modified_gmt":"2023-09-25T14:04:28","slug":"wesner-se-reunio-con-el-gobernador-axel-kicillof","status":"publish","type":"post","link":"https:\/\/cdnoticias.com\/index.php\/2023\/09\/06\/wesner-se-reunio-con-el-gobernador-axel-kicillof\/","title":{"rendered":"Wesner se reuni\u00f3 con el gobernador Axel Kicillof"},"content":{"rendered":"<p>Fue en la jornada de este martes, con la participaci\u00f3n de candidatos a Intendente de Uni\u00f3n por la Patria de distintos municipios. Anunci\u00f3 que \u201cel gobernador nos visitar\u00e1 pr\u00f3ximamente\u201d.<!--more--><\/p>\n<hr \/>\n<p>El <strong>candidato a Intendente de Uni\u00f3n por la Patria (UxP), Maximiliano Wesner, se reuni\u00f3 con el gobernador de la provincia de Buenos Aires, Axel Kicillof<\/strong>, en La Plata.<\/p>\n<p>&nbsp;<\/p>\n<p>La reuni\u00f3n se concret\u00f3 este \u00faltimo martes y participaron los candidatos de Uni\u00f3n por la Patria de los diferentes municipios.<strong><em> \u201cEs clave la relaci\u00f3n de los municipios con la Provincia para el desarrollo de obras y el financiamiento de proyectos estrat\u00e9gicos<\/em><\/strong>\u201d expres\u00f3 Wesner.<\/p>\n<p>&nbsp;<\/p>\n<blockquote><p>&#8220;Estuvimos nuevamente junto al Gobernador poniendo en com\u00fan el trabajo que venimos realizando en conjunto y haciendo un an\u00e1lisis de proyectos importantes para el Partido Olavarr\u00eda. Es clave la relaci\u00f3n de los municipios con la Provincia para el desarrollo de obras y el financiamiento de proyectos estrat\u00e9gicos\u201d, indic\u00f3 Wesner.<\/p><\/blockquote>\n<p>&nbsp;<\/p>\n<p><em>\u201cSiempre que hablamos con el gobernador es para gestionar herramientas para Olavarr\u00eda, m\u00e1s all\u00e1 de estos encuentros despu\u00e9s seguimos trabajando para que cada idea vaya tomando forma y se concrete. <strong>Las demandas son diversas y pensamos en los diferentes sectores. El Gobernador nos estar\u00e1 visitando pr\u00f3ximamente<\/strong>\u201d<\/em>, concluy\u00f3 el candidato.<\/p>\n","protected":false},"excerpt":{"rendered":"<p>Fue en la jornada de este martes, con la participaci\u00f3n de candidatos a Intendente de Uni\u00f3n por la Patria de<\/p>\n","protected":false},"author":2,"featured_media":95293,"comment_status":"closed","ping_status":"closed","sticky":false,"template":"","format":"standard","meta":{"_jetpack_memberships_contains_paid_content":false,"footnotes":""},"categories":[4,1],"tags":[],"class_list":["post-95292","post","type-post","status-publish","format-standard","has-post-thumbnail","hentry","category-politica","category-portada"],"jetpack_featured_media_url":"https:\/\/i0.wp.com\/cdnoticias.com\/wp-content\/uploads\/2023\/09\/WhatsApp-Image-2023-09-06-at-09.38.12.jpeg?fit=1125%2C750&ssl=1","jetpack_sharing_enabled":true,"_links":{"self":[{"href":"https:\/\/cdnoticias.com\/index.php\/wp-json\/wp\/v2\/posts\/95292","targetHints":{"allow":["GET"]}}],"collection":[{"href":"https:\/\/cdnoticias.com\/index.php\/wp-json\/wp\/v2\/posts"}],"about":[{"href":"https:\/\/cdnoticias.com\/index.php\/wp-json\/wp\/v2\/types\/post"}],"author":[{"embeddable":true,"href":"https:\/\/cdnoticias.com\/index.php\/wp-json\/wp\/v2\/users\/2"}],"replies":[{"embeddable":true,"href":"https:\/\/cdnoticias.com\/index.php\/wp-json\/wp\/v2\/comments?post=95292"}],"version-history":[{"count":0,"href":"https:\/\/cdnoticias.com\/index.php\/wp-json\/wp\/v2\/posts\/95292\/revisions"}],"wp:featuredmedia":[{"embeddable":true,"href":"https:\/\/cdnoticias.com\/index.php\/wp-json\/wp\/v2\/media\/95293"}],"wp:attachment":[{"href":"https:\/\/cdnoticias.com\/index.php\/wp-json\/wp\/v2\/media?parent=95292"}],"wp:term":[{"taxonomy":"category","embeddable":true,"href":"https:\/\/cdnoticias.com\/index.php\/wp-json\/wp\/v2\/categories?post=95292"},{"taxonomy":"post_tag","embeddable":true,"href":"https:\/\/cdnoticias.com\/index.php\/wp-json\/wp\/v2\/tags?post=95292"}],"curies":[{"name":"wp","href":"https:\/\/api.w.org\/{rel}","templated":true}]}}