{"id":95257,"date":"2023-09-05T20:25:15","date_gmt":"2023-09-05T23:25:15","guid":{"rendered":"https:\/\/www.centraldenoticias.com.ar\/?p=95257"},"modified":"2023-09-05T20:25:15","modified_gmt":"2023-09-05T23:25:15","slug":"giro-en-terminos-generales-la-aceptacion-es-muy-buena","status":"publish","type":"post","link":"https:\/\/cdnoticias.com\/index.php\/2023\/09\/05\/giro-en-terminos-generales-la-aceptacion-es-muy-buena\/","title":{"rendered":"GIRO: &#8220;En t\u00e9rminos generales la aceptaci\u00f3n es muy buena&#8221;"},"content":{"rendered":"<p>En di\u00e1logo con Radio Universidad 90.1, la Subsecretaria de empresas e inversiones de la Municipalidad de Olavarr\u00eda Emilia D\u00edaz, cont\u00f3 sobre los nuevos 15 barrios que se sumaron al nuevo sistema de recolecci\u00f3n de residuos. <!--more--><\/p>\n<hr \/>\n<p>Este lunes, <a href=\"https:\/\/cdnoticias.com\/index.php\/2023\/08\/31\/a-partir-de-este-lunes-15-barrios-se-suman-a-giro\/\" target=\"_blank\" rel=\"noopener\">15 barrios nuevos se sumaron al calendario de recolecci\u00f3n de residuos del Programa GIRO<\/a> (Gesti\u00f3n Integral de Residuos Olavarr\u00eda), dependiente de la Direcci\u00f3n de Desarrollo Sustentable de la Municipalidad de Olavarr\u00eda.<\/p>\n<p>&nbsp;<\/p>\n<p>En di\u00e1logo con <em>Radio Universidad 90.1<\/em>, la <strong>Subsecretaria de empresas e inversiones de la Municipalidad de Olavarr\u00eda Emilia D\u00edaz,<\/strong> cont\u00f3 sobre la incorporaci\u00f3n de los nuevos barrios que comenzar\u00e1n a incluirse al sistema de recolecci\u00f3n de residuos.<\/p>\n<p>&nbsp;<\/p>\n<p>En principio, D\u00edaz cont\u00f3 que &#8220;hace un mes que hicimos los que le llamamos la &#8220;activaci\u00f3n&#8221; de estos <strong>15 barrios, que son 18 mil hogares<\/strong> y que puerta a puerta dejamos el im\u00e1n que ser\u00eda el calendario de recolecci\u00f3n para la heladera m\u00e1s una bolsita reutilizable para utilizarla en el auto. Ayer despu\u00e9s de un mes se hizo el cambio de servicio donde comenz\u00f3 a ponerse en marcha el programa&#8221;.<\/p>\n<p>&nbsp;<\/p>\n<p>En tanto, resalt\u00f3 que <strong>&#8220;no es necesario\u00a0el color de bolsa<\/strong>&#8221; y que &#8220;<strong>solamente hay que cumplir con el d\u00eda asignado para cada corriente de residuo, uno para los compostables, los reciclables y la basura&#8221;.<\/strong><\/p>\n<p>&nbsp;<\/p>\n<p>Consultada por la reacci\u00f3n de los vecinos y vecinas, D\u00edaz sostuvo que &#8220;algunas personas no hab\u00edan completado el im\u00e1n entonces les dimos la informaci\u00f3n. Adem\u00e1s, hay mucha gente que se acerca al tr\u00e1iler y lleva el im\u00e1n para que se le completemos, otros tienen dudas sobre qu\u00e9 son reciclables, qu\u00e9 son compostables. A trav\u00e9s de las redes sociales nos llegan muchas preguntas tambi\u00e9n. La pregunta m\u00e1s frecuente es como completar el im\u00e1n o c\u00f3mo sacar la basura&#8221;.<\/p>\n<p>&nbsp;<\/p>\n<p><em><strong>&#8220;En t\u00e9rminos generales la aceptaci\u00f3n es muy buena, obviamente que es un cambio de h\u00e1bito que hay que tomarlo de a poco. No hay que estresarse, no es la idea, si no que de a poquito que uno lo vaya incorporando. No es para nada dif\u00edcil una vez que uno lo usa y tambi\u00e9n est\u00e1 bueno que participe toda la familia&#8221;<\/strong><\/em> cerr\u00f3 la Subsecretaria.<\/p>\n","protected":false},"excerpt":{"rendered":"<p>En di\u00e1logo con Radio Universidad 90.1, la Subsecretaria de empresas e inversiones de la Municipalidad de Olavarr\u00eda Emilia D\u00edaz, cont\u00f3<\/p>\n","protected":false},"author":6,"featured_media":81025,"comment_status":"closed","ping_status":"closed","sticky":false,"template":"","format":"standard","meta":{"_jetpack_memberships_contains_paid_content":false,"footnotes":""},"categories":[5,1],"tags":[],"class_list":["post-95257","post","type-post","status-publish","format-standard","has-post-thumbnail","hentry","category-informacion-general","category-portada"],"jetpack_featured_media_url":"https:\/\/i0.wp.com\/cdnoticias.com\/wp-content\/uploads\/2023\/03\/emiliadiaz-1024x570-1.jpg?fit=1024%2C570&ssl=1","jetpack_sharing_enabled":true,"_links":{"self":[{"href":"https:\/\/cdnoticias.com\/index.php\/wp-json\/wp\/v2\/posts\/95257","targetHints":{"allow":["GET"]}}],"collection":[{"href":"https:\/\/cdnoticias.com\/index.php\/wp-json\/wp\/v2\/posts"}],"about":[{"href":"https:\/\/cdnoticias.com\/index.php\/wp-json\/wp\/v2\/types\/post"}],"author":[{"embeddable":true,"href":"https:\/\/cdnoticias.com\/index.php\/wp-json\/wp\/v2\/users\/6"}],"replies":[{"embeddable":true,"href":"https:\/\/cdnoticias.com\/index.php\/wp-json\/wp\/v2\/comments?post=95257"}],"version-history":[{"count":0,"href":"https:\/\/cdnoticias.com\/index.php\/wp-json\/wp\/v2\/posts\/95257\/revisions"}],"wp:featuredmedia":[{"embeddable":true,"href":"https:\/\/cdnoticias.com\/index.php\/wp-json\/wp\/v2\/media\/81025"}],"wp:attachment":[{"href":"https:\/\/cdnoticias.com\/index.php\/wp-json\/wp\/v2\/media?parent=95257"}],"wp:term":[{"taxonomy":"category","embeddable":true,"href":"https:\/\/cdnoticias.com\/index.php\/wp-json\/wp\/v2\/categories?post=95257"},{"taxonomy":"post_tag","embeddable":true,"href":"https:\/\/cdnoticias.com\/index.php\/wp-json\/wp\/v2\/tags?post=95257"}],"curies":[{"name":"wp","href":"https:\/\/api.w.org\/{rel}","templated":true}]}}