{"id":95242,"date":"2023-09-06T18:31:05","date_gmt":"2023-09-06T21:31:05","guid":{"rendered":"https:\/\/www.centraldenoticias.com.ar\/?p=95242"},"modified":"2023-09-06T22:48:26","modified_gmt":"2023-09-07T01:48:26","slug":"proyectar-publico-un-documento-sobre-el-rol-exportador-de-las-pymes","status":"publish","type":"post","link":"https:\/\/cdnoticias.com\/index.php\/2023\/09\/06\/proyectar-publico-un-documento-sobre-el-rol-exportador-de-las-pymes\/","title":{"rendered":"ProyectAr public\u00f3 un documento sobre el rol exportador de las PyMEs"},"content":{"rendered":"<p>La iniciativa surgi\u00f3 del Laboratorio de Ideas de la Escuela de Gobierno y Pol\u00edticas P\u00fablicas del Frente Renovador, coordinada a nivel local por Eduardo Rodr\u00edguez. <!--more--><\/p>\n<hr \/>\n<p>Desde ProyectAr, la Escuela de Gobierno y Pol\u00edticas P\u00fablicas del Frente Renovador, la cual preside Sergio Massa, dirige M\u00f3nica Litza y coordina a nivel local Eduardo Rodr\u00edguez, publicaron el documento \u201c<a href=\"https:\/\/proyectarargentina.org\/wp-content\/uploads\/2023\/08\/iLab-La-internacionalizacion-de-las-PyMEs-en-la-Argentina-copia.pdf\" target=\"_blank\" rel=\"noopener\">iLab: La internacionalizaci\u00f3n de las PyMEs en la Argentina\u201d.\u00a0<\/a><\/p>\n<p>&nbsp;<\/p>\n<p>El documento consiste en un <strong>an\u00e1lisis de la actividad de las PyMEs nacionales<\/strong> y se enmarca dentro del eje Estado y Gobierno. A trav\u00e9s del texto se propone enfocar la atenci\u00f3n en las principales caracter\u00edsticas del sector, los principales desaf\u00edos, las principales pol\u00edticas p\u00fablicas implementadas, y m\u00e1s.<\/p>\n<p>&nbsp;<\/p>\n<p><em><strong>\u201cLas Peque\u00f1as y Medianas Empresas son un pilar fundamental en la econom\u00eda de nuestro pa\u00eds. Representan m\u00e1s del 70% de los puestos de trabajo y aportan el 50% del PBI. <\/strong><\/em>En este sentido, \u201cel di\u00e1logo entre el sector privado, el p\u00fablico y la academia enriquece al sector y mejora las pol\u00edticas p\u00fablicas\u201d, agreg\u00f3 Rodr\u00edguez.<\/p>\n<p>&nbsp;<\/p>\n<p>Para mayor informaci\u00f3n de la Escuela de Gobierno y Pol\u00edticas P\u00fablicas \u201cProyectAr\u201d ingresar al <a href=\"https:\/\/foroolavarria.org\/proyectar-escuela-de-gobierno-y-politicas-publicas\" target=\"_blank\" rel=\"noopener\">siguiente sitio web<\/a> o bien, dirigirse a la Casa \u201cEduardo Chino Correa\u201d, Belgrano 3222, de 9 a 13 horas.<\/p>\n","protected":false},"excerpt":{"rendered":"<p>La iniciativa surgi\u00f3 del Laboratorio de Ideas de la Escuela de Gobierno y Pol\u00edticas P\u00fablicas del Frente Renovador, coordinada a<\/p>\n","protected":false},"author":6,"featured_media":95341,"comment_status":"closed","ping_status":"closed","sticky":false,"template":"","format":"standard","meta":{"_jetpack_memberships_contains_paid_content":false,"footnotes":""},"categories":[4,1],"tags":[],"class_list":["post-95242","post","type-post","status-publish","format-standard","has-post-thumbnail","hentry","category-politica","category-portada"],"jetpack_featured_media_url":"https:\/\/i0.wp.com\/cdnoticias.com\/wp-content\/uploads\/2023\/09\/Laboratorio-ProyectAr.jpg?fit=800%2C500&ssl=1","jetpack_sharing_enabled":true,"_links":{"self":[{"href":"https:\/\/cdnoticias.com\/index.php\/wp-json\/wp\/v2\/posts\/95242","targetHints":{"allow":["GET"]}}],"collection":[{"href":"https:\/\/cdnoticias.com\/index.php\/wp-json\/wp\/v2\/posts"}],"about":[{"href":"https:\/\/cdnoticias.com\/index.php\/wp-json\/wp\/v2\/types\/post"}],"author":[{"embeddable":true,"href":"https:\/\/cdnoticias.com\/index.php\/wp-json\/wp\/v2\/users\/6"}],"replies":[{"embeddable":true,"href":"https:\/\/cdnoticias.com\/index.php\/wp-json\/wp\/v2\/comments?post=95242"}],"version-history":[{"count":0,"href":"https:\/\/cdnoticias.com\/index.php\/wp-json\/wp\/v2\/posts\/95242\/revisions"}],"wp:featuredmedia":[{"embeddable":true,"href":"https:\/\/cdnoticias.com\/index.php\/wp-json\/wp\/v2\/media\/95341"}],"wp:attachment":[{"href":"https:\/\/cdnoticias.com\/index.php\/wp-json\/wp\/v2\/media?parent=95242"}],"wp:term":[{"taxonomy":"category","embeddable":true,"href":"https:\/\/cdnoticias.com\/index.php\/wp-json\/wp\/v2\/categories?post=95242"},{"taxonomy":"post_tag","embeddable":true,"href":"https:\/\/cdnoticias.com\/index.php\/wp-json\/wp\/v2\/tags?post=95242"}],"curies":[{"name":"wp","href":"https:\/\/api.w.org\/{rel}","templated":true}]}}