{"id":95240,"date":"2023-09-06T17:30:05","date_gmt":"2023-09-06T20:30:05","guid":{"rendered":"https:\/\/www.centraldenoticias.com.ar\/?p=95240"},"modified":"2023-09-06T22:49:17","modified_gmt":"2023-09-07T01:49:17","slug":"internos-alojados-en-la-unidad-penitenciaria-no-2-realizaron-una-visita-virtual-al-museo-damaso-arce","status":"publish","type":"post","link":"https:\/\/cdnoticias.com\/index.php\/2023\/09\/06\/internos-alojados-en-la-unidad-penitenciaria-no-2-realizaron-una-visita-virtual-al-museo-damaso-arce\/","title":{"rendered":"Internos alojados en la Unidad Penitenciaria N\u00ba 2 realizaron una visita virtual al Museo D\u00e1maso Arce\u00a0"},"content":{"rendered":"<p>Desde el \u00e1rea tratamental y educativa destacaron que &#8220;es importante brindarles a los y las privadas de la libertad la posibilidad de participar en pr\u00e1cticas de aprendizaje e intercambio&#8221;. <!--more--><\/p>\n<hr \/>\n<p>Como parte de las actividades tratamentales relacionadas con la educaci\u00f3n, los estudiantes que concurren al Centro Universitario Rodolfo Walsh con sede en la <strong>Unidad Penitenciaria N\u00b02<\/strong>, realizaron un <strong>recorrido guiado y virtual por el Museo D\u00e1maso Arce.<\/strong><\/p>\n<p>&nbsp;<\/p>\n<p>Fue guiada por la Profesora Cecilia Bax, quien integra el Departamento Educativo del MDA, Martina Gennuso del Programa Universidad en la C\u00e1rcel, la integrante del Programa Educaci\u00f3n en Contexto de Encierro (PECE) Magali Coronel y la profesora de la c\u00e1tedra Historia Social Argentina y Latinoamericana Valeria Bruschi junto a docentes y estudiantes del Aula Universitaria.<\/p>\n<p>&nbsp;<\/p>\n<p>Ante un aula colmada de estudiantes, Cecilia Bax describi\u00f3 la obra de los artistas <strong>Quinquela Mart\u00edn y D\u00e1maso Arce.<\/strong> Adem\u00e1s, se detuvo en la <strong>obra m\u00e1s significativa del patrimonio cultural olavarriense<\/strong>, el retrato pintado en Londres (1815) por el artista Francois Casimir Carbonnier, para quien pos\u00f3 <strong>Belgrano<\/strong> durante su misi\u00f3n diplom\u00e1tica a la capital inglesa. La actividad despert\u00f3 el inter\u00e9s de los estudiantes que dialogaron con la profesora sobre la vida y costumbres de Belgrano.<\/p>\n<p>&nbsp;<\/p>\n<p>Desde el \u00e1rea tratamental y educativa de la Unidad 2 destacaron que &#8220;<em><strong>es importante brindarles a los y las privadas de la libertad la posibilidad de participar en pr\u00e1cticas de aprendizaje e intercambio&#8221;.<\/strong><\/em><\/p>\n<p>&nbsp;<\/p>\n<p>Estuvieron presentes en la actividad, junto a los estudiantes universitarios privados de la libertad y los profesores del Programa Universitario, el coordinador del Programa de la Facultad de Sociales, Prof. Luis Scipioni y el Coordinador de Educaci\u00f3n de la dependencia, Pablo T\u00e9llez.<\/p>\n","protected":false},"excerpt":{"rendered":"<p>Desde el \u00e1rea tratamental y educativa destacaron que &#8220;es importante brindarles a los y las privadas de la libertad la<\/p>\n","protected":false},"author":6,"featured_media":12040,"comment_status":"closed","ping_status":"closed","sticky":false,"template":"","format":"standard","meta":{"_jetpack_memberships_contains_paid_content":false,"footnotes":""},"categories":[9,1],"tags":[],"class_list":["post-95240","post","type-post","status-publish","format-standard","has-post-thumbnail","hentry","category-cultura","category-portada"],"jetpack_featured_media_url":"https:\/\/i0.wp.com\/cdnoticias.com\/wp-content\/uploads\/2021\/01\/Museo-Damaso-Arce-1024x678-1024x678.jpg?fit=1024%2C678&ssl=1","jetpack_sharing_enabled":true,"_links":{"self":[{"href":"https:\/\/cdnoticias.com\/index.php\/wp-json\/wp\/v2\/posts\/95240","targetHints":{"allow":["GET"]}}],"collection":[{"href":"https:\/\/cdnoticias.com\/index.php\/wp-json\/wp\/v2\/posts"}],"about":[{"href":"https:\/\/cdnoticias.com\/index.php\/wp-json\/wp\/v2\/types\/post"}],"author":[{"embeddable":true,"href":"https:\/\/cdnoticias.com\/index.php\/wp-json\/wp\/v2\/users\/6"}],"replies":[{"embeddable":true,"href":"https:\/\/cdnoticias.com\/index.php\/wp-json\/wp\/v2\/comments?post=95240"}],"version-history":[{"count":0,"href":"https:\/\/cdnoticias.com\/index.php\/wp-json\/wp\/v2\/posts\/95240\/revisions"}],"wp:featuredmedia":[{"embeddable":true,"href":"https:\/\/cdnoticias.com\/index.php\/wp-json\/wp\/v2\/media\/12040"}],"wp:attachment":[{"href":"https:\/\/cdnoticias.com\/index.php\/wp-json\/wp\/v2\/media?parent=95240"}],"wp:term":[{"taxonomy":"category","embeddable":true,"href":"https:\/\/cdnoticias.com\/index.php\/wp-json\/wp\/v2\/categories?post=95240"},{"taxonomy":"post_tag","embeddable":true,"href":"https:\/\/cdnoticias.com\/index.php\/wp-json\/wp\/v2\/tags?post=95240"}],"curies":[{"name":"wp","href":"https:\/\/api.w.org\/{rel}","templated":true}]}}