{"id":95201,"date":"2023-09-05T20:36:46","date_gmt":"2023-09-05T23:36:46","guid":{"rendered":"https:\/\/www.centraldenoticias.com.ar\/?p=95201"},"modified":"2023-09-06T07:41:36","modified_gmt":"2023-09-06T10:41:36","slug":"olavarriense-fotografio-por-primera-vez-en-argentina-una-especie-rara-de-hongo","status":"publish","type":"post","link":"https:\/\/cdnoticias.com\/index.php\/2023\/09\/05\/olavarriense-fotografio-por-primera-vez-en-argentina-una-especie-rara-de-hongo\/","title":{"rendered":"Olavarriense fotografi\u00f3 por primera vez en Argentina una especie \u201crara\u201d de hongo"},"content":{"rendered":"<p>Lucrecia Amescua estudia Guardaparque en Misiones y retrat\u00f3 un \u201cGaliella spongiosa\u201d. Es uno de los \u00fanicos siete registros que hay en el mundo y el primero en el pa\u00eds. \u201cLa b\u00fasqueda es plasmar lo hermoso de lo que se ve cuando te met\u00e9s en la selva\u201d expres\u00f3.<!--more--><\/p>\n<hr \/>\n<p><em><strong>Agust\u00edn Dal Poggetto<\/strong> |\u00a0 Especial para Central de Noticias<\/em><\/p>\n<p>&nbsp;<\/p>\n<p><strong>Lucrecia Amescua<\/strong> empez\u00f3 a incursionar en la fotograf\u00eda naturalista en 2021, cuando lleg\u00f3 a la ciudad misionera de <strong>San Pedro<\/strong> para estudiar la carrera de <strong>T\u00e9cnico Universitario Guardaparque<\/strong>, que depende de la <strong>Universidad Nacional de Misiones<\/strong>.<\/p>\n<p><strong>\u00a0<\/strong><\/p>\n<p>\u201cEse a\u00f1o para m\u00ed fue clave porque fue donde m\u00e1s tiempo tuve de salir al campo, al monte, a la selva. A cada rato sal\u00eda con mis amigos que estaban ac\u00e1. Como curs\u00e1bamos online, aprovech\u00e1bamos el tiempo libre y sal\u00edamos a acampar, a recorrer\u201d, cont\u00f3 en una charla con <strong>Central de Noticias<\/strong>.<\/p>\n<p>&nbsp;<\/p>\n<p>\u201cEso es lo que tiene de lindo la selva: que se arman muchos senderitos, o hay lugares donde est\u00e1 lleno de arroyos y cascadas, y es hermoso. <strong>A nosotros nos encanta ir a ver si encontramos animales o insectos raros u hongos.<\/strong> Cualquier tipo de cosa rara\u201d se\u00f1al\u00f3 Lucrecia y agreg\u00f3 que el fin de las salidas es observar las especies y fotografiarlas, sin intervenir demasiado.<\/p>\n<p>&nbsp;<\/p>\n<p>Coment\u00f3 que no es muy probable ver animales silvestres, ya que los lugares que concurren en las caminatas no est\u00e1n tan alejados del pueblo. En cambio, s\u00ed es m\u00e1s com\u00fan encontrar serpientes, peque\u00f1os roedores, o aves.<\/p>\n<p>&nbsp;<\/p>\n<blockquote><p>\u201cLa salida tiene el inter\u00e9s de aprender, de verlos en su ambiente natural, es como un complemento a lo que estamos aprendiendo en la carrera. Nunca va m\u00e1s all\u00e1 del avistaje y de ver su comportamiento de lejos, sin interferir\u201d<em>,<\/em> subray\u00f3.<\/p><\/blockquote>\n<p>&nbsp;<\/p>\n<p>Lucrecia, que en <strong>Olavarr\u00eda<\/strong> estudi\u00f3 el profesorado en Artes Visuales, reconoci\u00f3 que la fotograf\u00eda es su hobby \u201caunque capaz ya cumple un rol m\u00e1s importante en mi d\u00eda a d\u00eda\u201d. \u201cLo que busco con la fotograf\u00eda es <strong>intentar plasmar un poco de la vista intensa que se tiene adentro del monte<\/strong>. Todo ser as\u00ed raro y viviente adentro de la selva me encanta\u201d destac\u00f3.<\/p>\n<p>&nbsp;<\/p>\n<p><img data-recalc-dims=\"1\" loading=\"lazy\" decoding=\"async\" class=\"alignnone size-full wp-image-95217\" src=\"https:\/\/i0.wp.com\/cdnoticias.com\/wp-content\/uploads\/2023\/09\/amescua-hongo-03.jpg?resize=800%2C445&#038;ssl=1\" alt=\"\" width=\"800\" height=\"445\" srcset=\"https:\/\/i0.wp.com\/cdnoticias.com\/wp-content\/uploads\/2023\/09\/amescua-hongo-03.jpg?w=800&amp;ssl=1 800w, https:\/\/i0.wp.com\/cdnoticias.com\/wp-content\/uploads\/2023\/09\/amescua-hongo-03.jpg?resize=300%2C167&amp;ssl=1 300w, https:\/\/i0.wp.com\/cdnoticias.com\/wp-content\/uploads\/2023\/09\/amescua-hongo-03.jpg?resize=768%2C427&amp;ssl=1 768w\" sizes=\"auto, (max-width: 800px) 100vw, 800px\" \/><\/p>\n<p>&nbsp;<\/p>\n<p><img data-recalc-dims=\"1\" loading=\"lazy\" decoding=\"async\" class=\"alignnone size-full wp-image-95216\" src=\"https:\/\/i0.wp.com\/cdnoticias.com\/wp-content\/uploads\/2023\/09\/amescua-hongo-02.jpg?resize=565%2C439&#038;ssl=1\" alt=\"\" width=\"565\" height=\"439\" srcset=\"https:\/\/i0.wp.com\/cdnoticias.com\/wp-content\/uploads\/2023\/09\/amescua-hongo-02.jpg?w=565&amp;ssl=1 565w, https:\/\/i0.wp.com\/cdnoticias.com\/wp-content\/uploads\/2023\/09\/amescua-hongo-02.jpg?resize=300%2C233&amp;ssl=1 300w\" sizes=\"auto, (max-width: 565px) 100vw, 565px\" \/><\/p>\n<p>&nbsp;<\/p>\n<h2>El encuentro con el \u201chongo raro\u201d<\/h2>\n<p>&nbsp;<\/p>\n<p>La observaci\u00f3n del hongo \u201cGaliella spongiosa\u201d fue una sorpresa para ella y sus compa\u00f1eros. En un recorrido habitual por el monte misionero tom\u00f3 esa foto y result\u00f3 ser<strong> el primer registro de la especie en el pa\u00eds.<\/strong><\/p>\n<p><strong>\u00a0<\/strong><\/p>\n<p>Lucrecia expres\u00f3 que su encuentro con los hongos fue \u201cun descubrimiento\u201d. &#8220;Nunca hab\u00eda visto tanta variedad antes de llegar a Misiones. En las primeras salidas que hice encontraba hongos y no pod\u00eda creer los colores, los tama\u00f1os, y la cantidad y diversidad que hab\u00eda. <strong>Te llaman la atenci\u00f3n<\/strong>\u201d resalt\u00f3.<\/p>\n<p>&nbsp;<\/p>\n<blockquote><p>\u201cMe empec\u00e9 a meter en el mundo de los hongos y con una amiga empezamos a estudiarlos, a revisar los per\u00edodos de lluvia que es cu\u00e1ndo m\u00e1s aparecen, a interesarnos m\u00e1s. Tomamos un par de cursos y talleres que fue ofreciendo la Facultad y otras organizaciones y aprendimos un mont\u00f3n\u201d agreg\u00f3.<\/p><\/blockquote>\n<p>&nbsp;<\/p>\n<p>Adem\u00e1s, coment\u00f3 que los d\u00edas en los que salen a la selva tambi\u00e9n tienen que ver con lo que se van a encontrar: \u201cDespu\u00e9s de la lluvia aprovechamos porque los hongos tienen esta caracter\u00edstica de <strong>\u201coto\u00f1ongos\u201d<\/strong> le digo yo, que es que en oto\u00f1o explota de hongos todo, por la humedad y la temperatura de la estaci\u00f3n\u201d.<\/p>\n<p>&nbsp;<\/p>\n<p>En una caminata por el <strong>Parque Provincial Cruce Caballero<\/strong> fue donde hallaron el <strong>\u201chongo raro\u201d <\/strong>como lo llam\u00f3 ella.<\/p>\n<p>&nbsp;<\/p>\n<p><img data-recalc-dims=\"1\" loading=\"lazy\" decoding=\"async\" class=\"alignnone size-full wp-image-95212\" src=\"https:\/\/i0.wp.com\/cdnoticias.com\/wp-content\/uploads\/2023\/09\/amescua-hongo-01.jpg?resize=800%2C445&#038;ssl=1\" alt=\"\" width=\"800\" height=\"445\" srcset=\"https:\/\/i0.wp.com\/cdnoticias.com\/wp-content\/uploads\/2023\/09\/amescua-hongo-01.jpg?w=800&amp;ssl=1 800w, https:\/\/i0.wp.com\/cdnoticias.com\/wp-content\/uploads\/2023\/09\/amescua-hongo-01.jpg?resize=300%2C167&amp;ssl=1 300w, https:\/\/i0.wp.com\/cdnoticias.com\/wp-content\/uploads\/2023\/09\/amescua-hongo-01.jpg?resize=768%2C427&amp;ssl=1 768w\" sizes=\"auto, (max-width: 800px) 100vw, 800px\" \/><\/p>\n<p>&nbsp;<\/p>\n<p>\u201cSiempre que hacemos un sendero vamos mirando, observando todo lo que se vaya cruzando, y vamos sacando fotos<strong>.<\/strong> Y ah\u00ed lo encontramos. <strong>Nos pareci\u00f3 s\u00faper raro<\/strong> porque, ya cuando hace tiempo que ven\u00eds mirando tantos hongos m\u00e1s o menos los vas reconociendo. \u00a0Pero este era rar\u00edsimo, nunca lo hab\u00edamos visto y no entend\u00edamos si era un hongo, si era una formaci\u00f3n vegetal o qu\u00e9 pod\u00eda ser. Entonces le sacamos un mont\u00f3n de fotos y lo filmamos. <strong>Cuando volvimos al pueblo nos pusimos a buscar informaci\u00f3n sobre a qu\u00e9 le hab\u00edamos sacado fotos, y no encontr\u00e1bamos nada. Busc\u00e1bamos en los libros y gu\u00edas de hongos y nada<\/strong>\u201d coment\u00f3.<\/p>\n<p>&nbsp;<\/p>\n<p>En ese momento, se contact\u00f3 con el director del <strong>IMIBIO, el Instituto Misionero de Biodiversidad, <\/strong>ubicado en<strong> Iguaz\u00fa; <\/strong>que adem\u00e1s es mic\u00f3logo, es decir que es especialista en hongos.<\/p>\n<p>&nbsp;<\/p>\n<blockquote><p>\u201cLe mand\u00e9 las fotos y le dije que lo hab\u00eda encontrado en Argentina y ah\u00ed me coment\u00f3 que era una especie que \u00e9l hab\u00eda visto una sola vez en Brasil. Me mand\u00f3 el nombre del hongo <strong>y me dijo que iba a ser el primer registro que se tiene de ese tipo en nuestro pa\u00eds.<\/strong> Yo estaba content\u00edsima\u201d record\u00f3.<\/p><\/blockquote>\n<p>&nbsp;<\/p>\n<p>La historia no termin\u00f3 ah\u00ed. Hace un tiempo fue que Lucrecia tuvo la idea de subir la foto a <a href=\"https:\/\/inaturalist.org\/\"><strong>iNaturalist<\/strong><\/a>, una conocida p\u00e1gina de mapeo e intercambio de observaciones de biodiversidad a trav\u00e9s del mundo. Cualquier persona que haya sacado fotos a cualquier especie, ya sea de fauna, flora o de hongos, puede subirla al sitio e identificarla.<\/p>\n<p>&nbsp;<\/p>\n<p><img data-recalc-dims=\"1\" loading=\"lazy\" decoding=\"async\" class=\"alignnone size-full wp-image-95219\" src=\"https:\/\/i0.wp.com\/cdnoticias.com\/wp-content\/uploads\/2023\/09\/amescua-hongo-05.jpg?resize=800%2C445&#038;ssl=1\" alt=\"\" width=\"800\" height=\"445\" srcset=\"https:\/\/i0.wp.com\/cdnoticias.com\/wp-content\/uploads\/2023\/09\/amescua-hongo-05.jpg?w=800&amp;ssl=1 800w, https:\/\/i0.wp.com\/cdnoticias.com\/wp-content\/uploads\/2023\/09\/amescua-hongo-05.jpg?resize=300%2C167&amp;ssl=1 300w, https:\/\/i0.wp.com\/cdnoticias.com\/wp-content\/uploads\/2023\/09\/amescua-hongo-05.jpg?resize=768%2C427&amp;ssl=1 768w\" sizes=\"auto, (max-width: 800px) 100vw, 800px\" \/><\/p>\n<p><strong>\u00a0<\/strong><\/p>\n<p>\u201cHay una serie de pasos por los que pasa la foto hasta que queda identificada. Cuando uno sube la foto la p\u00e1gina la escanea y brinda una informaci\u00f3n aproximada sobre la especie. Con este hongo no me aparec\u00eda nada, pero igual yo ya ten\u00eda la especie bien detallada. Cuando vos sub\u00eds la foto hay observadores que corroboran la especie, hacen de filtro. Finalmente qued\u00f3 la especie identificada, y descubrimos que solamente hab\u00eda <strong>siete registros a nivel mundial y \u00e9ste era uno de esos siete, y adem\u00e1s el primero en Argentina\u201d <\/strong>destac\u00f3.<\/p>\n<p>&nbsp;<\/p>\n<p>La p\u00e1gina a su vez tiene cuenta de Instagram y realiza una secci\u00f3n llamada <strong>\u201cLa observaci\u00f3n del d\u00eda\u201d<\/strong> que se trata de una publicaci\u00f3n diaria de una foto nueva que alg\u00fan usuario haya subido al sitio web.<\/p>\n<p>&nbsp;<\/p>\n<p>\u201cLos viernes son los <strong>Friday Fungi<\/strong> (viernes de hongos), y como mi foto era de un hongo del que <strong>hay pocos registros y el primero en Argentina, la compartieron<\/strong>\u201d mencion\u00f3.<\/p>\n<p>&nbsp;<\/p>\n<blockquote class=\"instagram-media\" style=\"background: #FFF; border: 0; border-radius: 3px; box-shadow: 0 0 1px 0 rgba(0,0,0,0.5),0 1px 10px 0 rgba(0,0,0,0.15); margin: 1px; max-width: 540px; min-width: 326px; padding: 0; width: calc(100% - 2px);\" data-instgrm-captioned=\"\" data-instgrm-permalink=\"https:\/\/www.instagram.com\/p\/CwXprudrCP5\/?utm_source=ig_embed&amp;utm_campaign=loading\" data-instgrm-version=\"14\">\n<div style=\"padding: 16px;\">\n<p>&nbsp;<\/p>\n<div style=\"display: flex; flex-direction: row; align-items: center;\">\n<div style=\"background-color: #f4f4f4; border-radius: 50%; flex-grow: 0; height: 40px; margin-right: 14px; width: 40px;\"><\/div>\n<div style=\"display: flex; flex-direction: column; flex-grow: 1; justify-content: center;\">\n<div style=\"background-color: #f4f4f4; border-radius: 4px; flex-grow: 0; height: 14px; margin-bottom: 6px; width: 100px;\"><\/div>\n<div style=\"background-color: #f4f4f4; border-radius: 4px; flex-grow: 0; height: 14px; width: 60px;\"><\/div>\n<\/div>\n<\/div>\n<div style=\"padding: 19% 0;\"><\/div>\n<div style=\"display: block; height: 50px; margin: 0 auto 12px; width: 50px;\"><\/div>\n<div style=\"padding-top: 8px;\">\n<div style=\"color: #3897f0; font-family: Arial,sans-serif; font-size: 14px; font-style: normal; font-weight: 550; line-height: 18px;\">Ver esta publicaci\u00f3n en Instagram<\/div>\n<\/div>\n<div style=\"padding: 12.5% 0;\"><\/div>\n<div style=\"display: flex; flex-direction: row; margin-bottom: 14px; align-items: center;\">\n<div>\n<div style=\"background-color: #f4f4f4; border-radius: 50%; height: 12.5px; width: 12.5px; transform: translateX(0px) translateY(7px);\"><\/div>\n<div style=\"background-color: #f4f4f4; height: 12.5px; transform: rotate(-45deg) translateX(3px) translateY(1px); width: 12.5px; flex-grow: 0; margin-right: 14px; margin-left: 2px;\"><\/div>\n<div style=\"background-color: #f4f4f4; border-radius: 50%; height: 12.5px; width: 12.5px; transform: translateX(9px) translateY(-18px);\"><\/div>\n<\/div>\n<div style=\"margin-left: 8px;\">\n<div style=\"background-color: #f4f4f4; border-radius: 50%; flex-grow: 0; height: 20px; width: 20px;\"><\/div>\n<div style=\"width: 0; height: 0; border-top: 2px solid transparent; border-left: 6px solid #f4f4f4; border-bottom: 2px solid transparent; transform: translateX(16px) translateY(-4px) rotate(30deg);\"><\/div>\n<\/div>\n<div style=\"margin-left: auto;\">\n<div style=\"width: 0px; border-top: 8px solid #F4F4F4; border-right: 8px solid transparent; transform: translateY(16px);\"><\/div>\n<div style=\"background-color: #f4f4f4; flex-grow: 0; height: 12px; width: 16px; transform: translateY(-4px);\"><\/div>\n<div style=\"width: 0; height: 0; border-top: 8px solid #F4F4F4; border-left: 8px solid transparent; transform: translateY(-4px) translateX(8px);\"><\/div>\n<\/div>\n<\/div>\n<div style=\"display: flex; flex-direction: column; flex-grow: 1; justify-content: center; margin-bottom: 24px;\">\n<div style=\"background-color: #f4f4f4; border-radius: 4px; flex-grow: 0; height: 14px; margin-bottom: 6px; width: 224px;\"><\/div>\n<div style=\"background-color: #f4f4f4; border-radius: 4px; flex-grow: 0; height: 14px; width: 144px;\"><\/div>\n<\/div>\n<p>&nbsp;<\/p>\n<p style=\"color: #c9c8cd; font-family: Arial,sans-serif; font-size: 14px; line-height: 17px; margin-bottom: 0; margin-top: 8px; overflow: hidden; padding: 8px 0 7px; text-align: center; text-overflow: ellipsis; white-space: nowrap;\"><a style=\"color: #c9c8cd; font-family: Arial,sans-serif; font-size: 14px; font-style: normal; font-weight: normal; line-height: 17px; text-decoration: none;\" href=\"https:\/\/www.instagram.com\/p\/CwXprudrCP5\/?utm_source=ig_embed&amp;utm_campaign=loading\" target=\"_blank\" rel=\"noopener\">Una publicaci\u00f3n compartida por iNaturalist (@inaturalistorg)<\/a><\/p>\n<\/div>\n<\/blockquote>\n<p><script async src=\"\/\/www.instagram.com\/embed.js\"><\/script><\/p>\n<p>A partir de la publicaci\u00f3n comenzaron a llegar felicitaciones y comentarios desde Olavarr\u00eda. Lucrecia, que se alegr\u00f3 con el ins\u00f3lito descubrimiento, mencion\u00f3 que<em> \u201cno lo hago con ninguna intenci\u00f3n de encontrar cosas raras, eso es suerte.<strong> Siempre la b\u00fasqueda es plasmar lo hermoso de lo que se ve cuando te met\u00e9s en la selva<\/strong>, que es como imperceptible. Es incre\u00edble las vistas que hay adentro del monte. Es muy hermoso y muy raro\u201d.<\/em><\/p>\n<p><strong>\u00a0<\/strong><\/p>\n<p>\u201cCon el tiempo aprendes un mont\u00f3n, no s\u00f3lo del bichito que fotografiaste sino tambi\u00e9n de cu\u00e1l es la planta con la que estaba, con qu\u00e9 otras especies se relaciona\u2026 empez\u00e1s a entender un mont\u00f3n de los roles de estos bichos en el ecosistema\u201d agreg\u00f3.<\/p>\n<p>&nbsp;<\/p>\n<p>\u201cEs hermoso cuando te internalizas en eso, <strong>sal\u00eds con los ojos abiertos mirando para todos lados porque es re lindo todo lo que vas descubriendo<\/strong>\u201d concluy\u00f3.<\/p>\n<p>&nbsp;<\/p>\n","protected":false},"excerpt":{"rendered":"<p>Lucrecia Amescua estudia Guardaparque en Misiones y retrat\u00f3 un \u201cGaliella spongiosa\u201d. Es uno de los \u00fanicos siete registros que hay<\/p>\n","protected":false},"author":4,"featured_media":95211,"comment_status":"closed","ping_status":"closed","sticky":false,"template":"","format":"standard","meta":{"_jetpack_memberships_contains_paid_content":false,"footnotes":""},"categories":[5,1],"tags":[],"class_list":["post-95201","post","type-post","status-publish","format-standard","has-post-thumbnail","hentry","category-informacion-general","category-portada"],"jetpack_featured_media_url":"https:\/\/i0.wp.com\/cdnoticias.com\/wp-content\/uploads\/2023\/09\/lucrecia-amescua.jpg?fit=800%2C445&ssl=1","jetpack_sharing_enabled":true,"_links":{"self":[{"href":"https:\/\/cdnoticias.com\/index.php\/wp-json\/wp\/v2\/posts\/95201","targetHints":{"allow":["GET"]}}],"collection":[{"href":"https:\/\/cdnoticias.com\/index.php\/wp-json\/wp\/v2\/posts"}],"about":[{"href":"https:\/\/cdnoticias.com\/index.php\/wp-json\/wp\/v2\/types\/post"}],"author":[{"embeddable":true,"href":"https:\/\/cdnoticias.com\/index.php\/wp-json\/wp\/v2\/users\/4"}],"replies":[{"embeddable":true,"href":"https:\/\/cdnoticias.com\/index.php\/wp-json\/wp\/v2\/comments?post=95201"}],"version-history":[{"count":0,"href":"https:\/\/cdnoticias.com\/index.php\/wp-json\/wp\/v2\/posts\/95201\/revisions"}],"wp:featuredmedia":[{"embeddable":true,"href":"https:\/\/cdnoticias.com\/index.php\/wp-json\/wp\/v2\/media\/95211"}],"wp:attachment":[{"href":"https:\/\/cdnoticias.com\/index.php\/wp-json\/wp\/v2\/media?parent=95201"}],"wp:term":[{"taxonomy":"category","embeddable":true,"href":"https:\/\/cdnoticias.com\/index.php\/wp-json\/wp\/v2\/categories?post=95201"},{"taxonomy":"post_tag","embeddable":true,"href":"https:\/\/cdnoticias.com\/index.php\/wp-json\/wp\/v2\/tags?post=95201"}],"curies":[{"name":"wp","href":"https:\/\/api.w.org\/{rel}","templated":true}]}}