{"id":9518,"date":"2020-12-21T12:09:00","date_gmt":"2020-12-21T15:09:00","guid":{"rendered":"http:\/\/www.centraldenoticias.com.ar\/?p=9518"},"modified":"2020-12-21T15:01:47","modified_gmt":"2020-12-21T18:01:47","slug":"fuerte-protesta-de-vecinos-de-las-localidades-en-el-hcd","status":"publish","type":"post","link":"https:\/\/cdnoticias.com\/index.php\/2020\/12\/21\/fuerte-protesta-de-vecinos-de-las-localidades-en-el-hcd\/","title":{"rendered":"Fuerte protesta de vecinos de las localidades en el HCD"},"content":{"rendered":"<p>Estuvieron presentes desde referentes hasta la delegada de Loma Negra, Valeria Mil\u00eda. Se\u00f1alaron \u201cestar fuera de la agenda del Intendente\u201d y metieron presi\u00f3n para que se vote en contra.<!--more--><\/p>\n<hr \/>\n<p>Desde minutos antes del inicio de la <a href=\"https:\/\/cdnoticias.com\/index.php\/2020\/12\/21\/el-concejo-debate-el-presupuesto-2021-seguilo-en-vivo\/\" target=\"_blank\" rel=\"noopener\">sesi\u00f3n de tratamiento del Presupuesto<\/a>, <strong>vecinos de las localidades protestaron y se hicieron sentir en el recinto ubicado en la Sociedad Espa\u00f1ola para pedir \u201cequidad\u201d en materia de inversiones del Partido.<\/strong><\/p>\n<p>&nbsp;<\/p>\n<p><img data-recalc-dims=\"1\" loading=\"lazy\" decoding=\"async\" class=\"alignnone size-full wp-image-9520\" src=\"https:\/\/i0.wp.com\/cdnoticias.com\/wp-content\/uploads\/2020\/12\/hcd-presupuesto2021-3-1.jpg?resize=800%2C600&#038;ssl=1\" alt=\"\" width=\"800\" height=\"600\" srcset=\"https:\/\/i0.wp.com\/cdnoticias.com\/wp-content\/uploads\/2020\/12\/hcd-presupuesto2021-3-1.jpg?w=1040&amp;ssl=1 1040w, https:\/\/i0.wp.com\/cdnoticias.com\/wp-content\/uploads\/2020\/12\/hcd-presupuesto2021-3-1.jpg?resize=300%2C225&amp;ssl=1 300w, https:\/\/i0.wp.com\/cdnoticias.com\/wp-content\/uploads\/2020\/12\/hcd-presupuesto2021-3-1.jpg?resize=768%2C576&amp;ssl=1 768w, https:\/\/i0.wp.com\/cdnoticias.com\/wp-content\/uploads\/2020\/12\/hcd-presupuesto2021-3-1.jpg?resize=1024%2C768&amp;ssl=1 1024w\" sizes=\"auto, (max-width: 800px) 100vw, 800px\" \/><\/p>\n<p>&nbsp;<\/p>\n<p>Destacaron, en di\u00e1logo con los medios, <em>\u201cestar fuera de la agenda del Intendente\u201d<\/em> y abuchearon con dureza la presentaci\u00f3n del concejal oficialista Juan Mujica, quien explic\u00f3 los lineamientos del Presupuesto 2021. <strong>El punto de queja m\u00e1s grande comenz\u00f3 cuando se analiz\u00f3 el avance de la primera etapa del programa de viviendas \u201cTu.Vi\u201d con una inversi\u00f3n de 38 millones de pesos.<\/strong><\/p>\n<p>&nbsp;<\/p>\n<blockquote><p>Luego fue pr\u00e1cticamente un di\u00e1logo constante de la \u201cbarra\u201d con cada uno de los concejales que fueron presentando su oratoria, desde Mart\u00edn Lastape, pasando por Mercedes Land\u00edvar, Guillermo Santell\u00e1n, entre otros.<\/p><\/blockquote>\n<p>&nbsp;<\/p>\n<p><img data-recalc-dims=\"1\" loading=\"lazy\" decoding=\"async\" class=\"alignnone size-full wp-image-9524\" src=\"https:\/\/i0.wp.com\/cdnoticias.com\/wp-content\/uploads\/2020\/12\/hcd-presupuesto2021-7.jpg?resize=800%2C600&#038;ssl=1\" alt=\"\" width=\"800\" height=\"600\" srcset=\"https:\/\/i0.wp.com\/cdnoticias.com\/wp-content\/uploads\/2020\/12\/hcd-presupuesto2021-7.jpg?w=1040&amp;ssl=1 1040w, https:\/\/i0.wp.com\/cdnoticias.com\/wp-content\/uploads\/2020\/12\/hcd-presupuesto2021-7.jpg?resize=300%2C225&amp;ssl=1 300w, https:\/\/i0.wp.com\/cdnoticias.com\/wp-content\/uploads\/2020\/12\/hcd-presupuesto2021-7.jpg?resize=768%2C576&amp;ssl=1 768w, https:\/\/i0.wp.com\/cdnoticias.com\/wp-content\/uploads\/2020\/12\/hcd-presupuesto2021-7.jpg?resize=1024%2C768&amp;ssl=1 1024w\" sizes=\"auto, (max-width: 800px) 100vw, 800px\" \/><\/p>\n<p>&nbsp;<\/p>\n<p><img data-recalc-dims=\"1\" loading=\"lazy\" decoding=\"async\" class=\"alignnone size-full wp-image-9523\" src=\"https:\/\/i0.wp.com\/cdnoticias.com\/wp-content\/uploads\/2020\/12\/hcd-presupuesto2021-6.jpg?resize=800%2C600&#038;ssl=1\" alt=\"\" width=\"800\" height=\"600\" srcset=\"https:\/\/i0.wp.com\/cdnoticias.com\/wp-content\/uploads\/2020\/12\/hcd-presupuesto2021-6.jpg?w=1040&amp;ssl=1 1040w, https:\/\/i0.wp.com\/cdnoticias.com\/wp-content\/uploads\/2020\/12\/hcd-presupuesto2021-6.jpg?resize=300%2C225&amp;ssl=1 300w, https:\/\/i0.wp.com\/cdnoticias.com\/wp-content\/uploads\/2020\/12\/hcd-presupuesto2021-6.jpg?resize=768%2C576&amp;ssl=1 768w, https:\/\/i0.wp.com\/cdnoticias.com\/wp-content\/uploads\/2020\/12\/hcd-presupuesto2021-6.jpg?resize=1024%2C768&amp;ssl=1 1024w\" sizes=\"auto, (max-width: 800px) 100vw, 800px\" \/><\/p>\n<p>&nbsp;<\/p>\n<p>Adem\u00e1s de vecinos y vecinas, <strong>referentes barriales de las localidades y dem\u00e1s, se pudo ver al arquitecto Marcelo Url\u00e9zaga, la delegada de Loma Negra Valeria Mil\u00eda, entre otros dirigentes.<\/strong><\/p>\n<p>&nbsp;<\/p>\n<p><img data-recalc-dims=\"1\" loading=\"lazy\" decoding=\"async\" class=\"alignnone size-full wp-image-9522\" src=\"https:\/\/i0.wp.com\/cdnoticias.com\/wp-content\/uploads\/2020\/12\/hcd-presupuesto2021-5.jpg?resize=800%2C600&#038;ssl=1\" alt=\"\" width=\"800\" height=\"600\" srcset=\"https:\/\/i0.wp.com\/cdnoticias.com\/wp-content\/uploads\/2020\/12\/hcd-presupuesto2021-5.jpg?w=1040&amp;ssl=1 1040w, https:\/\/i0.wp.com\/cdnoticias.com\/wp-content\/uploads\/2020\/12\/hcd-presupuesto2021-5.jpg?resize=300%2C225&amp;ssl=1 300w, https:\/\/i0.wp.com\/cdnoticias.com\/wp-content\/uploads\/2020\/12\/hcd-presupuesto2021-5.jpg?resize=768%2C576&amp;ssl=1 768w, https:\/\/i0.wp.com\/cdnoticias.com\/wp-content\/uploads\/2020\/12\/hcd-presupuesto2021-5.jpg?resize=1024%2C768&amp;ssl=1 1024w\" sizes=\"auto, (max-width: 800px) 100vw, 800px\" \/><\/p>\n","protected":false},"excerpt":{"rendered":"<p>Estuvieron presentes desde referentes hasta la delegada de Loma Negra, Valeria Mil\u00eda. Se\u00f1alaron \u201cestar fuera de la agenda del Intendente\u201d<\/p>\n","protected":false},"author":2,"featured_media":9526,"comment_status":"closed","ping_status":"closed","sticky":false,"template":"","format":"standard","meta":{"_jetpack_memberships_contains_paid_content":false,"footnotes":""},"categories":[4,1],"tags":[],"class_list":["post-9518","post","type-post","status-publish","format-standard","has-post-thumbnail","hentry","category-politica","category-portada"],"jetpack_featured_media_url":"https:\/\/i0.wp.com\/cdnoticias.com\/wp-content\/uploads\/2020\/12\/hcd-presupuesto2021-4.jpg?fit=968%2C668&ssl=1","jetpack_sharing_enabled":true,"_links":{"self":[{"href":"https:\/\/cdnoticias.com\/index.php\/wp-json\/wp\/v2\/posts\/9518","targetHints":{"allow":["GET"]}}],"collection":[{"href":"https:\/\/cdnoticias.com\/index.php\/wp-json\/wp\/v2\/posts"}],"about":[{"href":"https:\/\/cdnoticias.com\/index.php\/wp-json\/wp\/v2\/types\/post"}],"author":[{"embeddable":true,"href":"https:\/\/cdnoticias.com\/index.php\/wp-json\/wp\/v2\/users\/2"}],"replies":[{"embeddable":true,"href":"https:\/\/cdnoticias.com\/index.php\/wp-json\/wp\/v2\/comments?post=9518"}],"version-history":[{"count":0,"href":"https:\/\/cdnoticias.com\/index.php\/wp-json\/wp\/v2\/posts\/9518\/revisions"}],"wp:featuredmedia":[{"embeddable":true,"href":"https:\/\/cdnoticias.com\/index.php\/wp-json\/wp\/v2\/media\/9526"}],"wp:attachment":[{"href":"https:\/\/cdnoticias.com\/index.php\/wp-json\/wp\/v2\/media?parent=9518"}],"wp:term":[{"taxonomy":"category","embeddable":true,"href":"https:\/\/cdnoticias.com\/index.php\/wp-json\/wp\/v2\/categories?post=9518"},{"taxonomy":"post_tag","embeddable":true,"href":"https:\/\/cdnoticias.com\/index.php\/wp-json\/wp\/v2\/tags?post=9518"}],"curies":[{"name":"wp","href":"https:\/\/api.w.org\/{rel}","templated":true}]}}