{"id":95147,"date":"2023-09-04T18:34:39","date_gmt":"2023-09-04T21:34:39","guid":{"rendered":"https:\/\/www.centraldenoticias.com.ar\/?p=95147"},"modified":"2023-09-05T17:06:49","modified_gmt":"2023-09-05T20:06:49","slug":"los-dni-llegan-a-la-numeracion-70-millones-para-recien-nacidos-en-argentina","status":"publish","type":"post","link":"https:\/\/cdnoticias.com\/index.php\/2023\/09\/04\/los-dni-llegan-a-la-numeracion-70-millones-para-recien-nacidos-en-argentina\/","title":{"rendered":"Los DNI llegan a la numeraci\u00f3n 70 millones para reci\u00e9n nacidos en Argentina"},"content":{"rendered":"<p>Durante el mes de septiembre se comenzar\u00e1n a emitir matr\u00edculas identificatorias con numeraci\u00f3n a partir de los 70 millones, seg\u00fan declar\u00f3 el titular del Renaper, Santiago Rodr\u00edguez.<!--more--><\/p>\n<hr \/>\n<p>Desde el mes de septiembre, los reci\u00e9n nacidos en Argentina comenzar\u00e1n a tener DNI con numeraci\u00f3n a partir de los 70 millones, una vez que se agote la matr\u00edcula 69.999.999, inform\u00f3 el <strong>Registro Nacional de las Personas (Renaper),<\/strong> dependiente del <strong>Ministerio de Interior<\/strong>.<\/p>\n<p>&nbsp;<\/p>\n<p>Las matr\u00edculas identificatorias desde el n\u00famero 60.000.000 al 69.999.999 fueron asignadas desde 2019 para CUIT y CUIL de extranjeros, para que sean utilizadas por la <strong>Administraci\u00f3n Nacional de la Seguridad Social (ANSES)<\/strong> y por la <strong>Administraci\u00f3n Federal de Ingresos P\u00fablicos (AFIP)<\/strong>, exclusivamente para la adjudicaci\u00f3n de C\u00f3digos \u00danicos de Identificaci\u00f3n Laboral (CUIL) y Claves \u00danicas de Identificaci\u00f3n Tributaria (CUIT) provisorios para personas extranjeras.<\/p>\n<p>&nbsp;<\/p>\n<p>Esa decisi\u00f3n fue adoptada mediante la <strong>disposici\u00f3n del Renaper 4678\/2019,<\/strong> dictada el 6 de diciembre de 2019 hacia el fin de la gesti\u00f3n del <strong>ex presidente Mauricio Macri,<\/strong> lo que inhabilit\u00f3 a esa franja de matr\u00edculas para su uso como DNI, se inform\u00f3.<\/p>\n<p>&nbsp;<\/p>\n<p>\u201cPor tal motivo, una vez agotada la matr\u00edcula 59.999.999, durante el mes de setiembre se comenzar\u00e1n a emitir DNI para reci\u00e9n nacidos en Argentina con numeraci\u00f3n a partir de los 70 millones\u201d, declar\u00f3 el titular del Renaper, <strong>Santiago Rodr\u00edguez<\/strong>.<\/p>\n<p>&nbsp;<\/p>\n<p>Estas matr\u00edculas corresponder\u00e1n exclusivamente a los DNI para reci\u00e9n nacidos en el territorio nacional, mientras que las personas extranjeras residentes en la Argentina, las nacionalizadas por opci\u00f3n o por naturalizaci\u00f3n, o las nacidas en el pa\u00eds per inscriptas tard\u00edamente, reciben una numeraci\u00f3n de DNI diferente, se aclar\u00f3.<\/p>\n<p>&nbsp;<\/p>\n<p><em>Fuente: (DIB)<\/em><\/p>\n","protected":false},"excerpt":{"rendered":"<p>Durante el mes de septiembre se comenzar\u00e1n a emitir matr\u00edculas identificatorias con numeraci\u00f3n a partir de los 70 millones, seg\u00fan<\/p>\n","protected":false},"author":2,"featured_media":61934,"comment_status":"closed","ping_status":"closed","sticky":false,"template":"","format":"standard","meta":{"_jetpack_memberships_contains_paid_content":false,"footnotes":""},"categories":[6,1],"tags":[],"class_list":["post-95147","post","type-post","status-publish","format-standard","has-post-thumbnail","hentry","category-nacionales","category-portada"],"jetpack_featured_media_url":"https:\/\/i0.wp.com\/cdnoticias.com\/wp-content\/uploads\/2022\/08\/DIB-tramite-con-DNI.jpg?fit=696%2C424&ssl=1","jetpack_sharing_enabled":true,"_links":{"self":[{"href":"https:\/\/cdnoticias.com\/index.php\/wp-json\/wp\/v2\/posts\/95147","targetHints":{"allow":["GET"]}}],"collection":[{"href":"https:\/\/cdnoticias.com\/index.php\/wp-json\/wp\/v2\/posts"}],"about":[{"href":"https:\/\/cdnoticias.com\/index.php\/wp-json\/wp\/v2\/types\/post"}],"author":[{"embeddable":true,"href":"https:\/\/cdnoticias.com\/index.php\/wp-json\/wp\/v2\/users\/2"}],"replies":[{"embeddable":true,"href":"https:\/\/cdnoticias.com\/index.php\/wp-json\/wp\/v2\/comments?post=95147"}],"version-history":[{"count":0,"href":"https:\/\/cdnoticias.com\/index.php\/wp-json\/wp\/v2\/posts\/95147\/revisions"}],"wp:featuredmedia":[{"embeddable":true,"href":"https:\/\/cdnoticias.com\/index.php\/wp-json\/wp\/v2\/media\/61934"}],"wp:attachment":[{"href":"https:\/\/cdnoticias.com\/index.php\/wp-json\/wp\/v2\/media?parent=95147"}],"wp:term":[{"taxonomy":"category","embeddable":true,"href":"https:\/\/cdnoticias.com\/index.php\/wp-json\/wp\/v2\/categories?post=95147"},{"taxonomy":"post_tag","embeddable":true,"href":"https:\/\/cdnoticias.com\/index.php\/wp-json\/wp\/v2\/tags?post=95147"}],"curies":[{"name":"wp","href":"https:\/\/api.w.org\/{rel}","templated":true}]}}