{"id":9514,"date":"2020-12-21T10:58:55","date_gmt":"2020-12-21T13:58:55","guid":{"rendered":"http:\/\/www.centraldenoticias.com.ar\/?p=9514"},"modified":"2020-12-21T10:58:55","modified_gmt":"2020-12-21T13:58:55","slug":"el-municipio-sigue-con-tareas-de-limpieza-tras-el-temporal","status":"publish","type":"post","link":"https:\/\/cdnoticias.com\/index.php\/2020\/12\/21\/el-municipio-sigue-con-tareas-de-limpieza-tras-el-temporal\/","title":{"rendered":"El Municipio sigue con tareas de limpieza tras el temporal"},"content":{"rendered":"<p>Se trata de una cuadrilla especial integrada por personal de Obras P\u00fablicas y el Ej\u00e9rcito.<!--more--><\/p>\n<hr \/>\n<p>Tras el fuerte temporal de viento que azot\u00f3 a gran parte de la provincia de Buenos Aires y en particular al Partido de Olavarr\u00eda durante la jornada del d\u00eda s\u00e1bado, <strong>contin\u00faan los trabajos de recolecci\u00f3n de ramas ca\u00eddas en distintos sectores de la ciudad.<\/strong><\/p>\n<p>&nbsp;<\/p>\n<blockquote><p>Estas tareas se encuentran a cargo de una cuadrilla especial integrada por personal de la Secretar\u00eda de Mantenimiento y Obras P\u00fablicas de la Municipalidad y el Ej\u00e9rcito.<\/p><\/blockquote>\n<p>&nbsp;<\/p>\n<p><img data-recalc-dims=\"1\" loading=\"lazy\" decoding=\"async\" class=\"alignnone size-full wp-image-9515\" src=\"https:\/\/i0.wp.com\/cdnoticias.com\/wp-content\/uploads\/2020\/12\/Obras-Trabajos-recoleccion-temporal-1.jpg?resize=800%2C533&#038;ssl=1\" alt=\"\" width=\"800\" height=\"533\" srcset=\"https:\/\/i0.wp.com\/cdnoticias.com\/wp-content\/uploads\/2020\/12\/Obras-Trabajos-recoleccion-temporal-1.jpg?w=1181&amp;ssl=1 1181w, https:\/\/i0.wp.com\/cdnoticias.com\/wp-content\/uploads\/2020\/12\/Obras-Trabajos-recoleccion-temporal-1.jpg?resize=300%2C200&amp;ssl=1 300w, https:\/\/i0.wp.com\/cdnoticias.com\/wp-content\/uploads\/2020\/12\/Obras-Trabajos-recoleccion-temporal-1.jpg?resize=768%2C512&amp;ssl=1 768w, https:\/\/i0.wp.com\/cdnoticias.com\/wp-content\/uploads\/2020\/12\/Obras-Trabajos-recoleccion-temporal-1.jpg?resize=1024%2C682&amp;ssl=1 1024w, https:\/\/i0.wp.com\/cdnoticias.com\/wp-content\/uploads\/2020\/12\/Obras-Trabajos-recoleccion-temporal-1.jpg?resize=272%2C182&amp;ssl=1 272w\" sizes=\"auto, (max-width: 800px) 100vw, 800px\" \/><\/p>\n<p>&nbsp;<\/p>\n<p><strong>Los parques fueron de los sectores m\u00e1s afectados y que se demoraron en los trabajos de limpieza dada la prioridad de acompa\u00f1amiento a vecinos damnificados y limpieza de calles<\/strong> que quedaron con ramas y otros elementos.<\/p>\n<p>&nbsp;<\/p>\n<p>Tambi\u00e9n el Municipio record\u00f3 que <a href=\"https:\/\/cdnoticias.com\/index.php\/2020\/12\/21\/tras-el-temporal-malvinas-ofrece-gratis-el-servicio-de-recoleccion-de-ramas\/\" target=\"_blank\" rel=\"noopener\">la empresa Transportes Malvinas dispuso un servicio gratuito especial de recolecci\u00f3n de ramas<\/a>, desde este lunes 21 y hasta el s\u00e1bado 26.<\/p>\n","protected":false},"excerpt":{"rendered":"<p>Se trata de una cuadrilla especial integrada por personal de Obras P\u00fablicas y el Ej\u00e9rcito.<\/p>\n","protected":false},"author":2,"featured_media":9516,"comment_status":"closed","ping_status":"closed","sticky":false,"template":"","format":"standard","meta":{"_jetpack_memberships_contains_paid_content":false,"footnotes":""},"categories":[5,1],"tags":[],"class_list":["post-9514","post","type-post","status-publish","format-standard","has-post-thumbnail","hentry","category-informacion-general","category-portada"],"jetpack_featured_media_url":"https:\/\/i0.wp.com\/cdnoticias.com\/wp-content\/uploads\/2020\/12\/Obras-Trabajos-recoleccion-temporal-2.jpg?fit=1181%2C787&ssl=1","jetpack_sharing_enabled":true,"_links":{"self":[{"href":"https:\/\/cdnoticias.com\/index.php\/wp-json\/wp\/v2\/posts\/9514","targetHints":{"allow":["GET"]}}],"collection":[{"href":"https:\/\/cdnoticias.com\/index.php\/wp-json\/wp\/v2\/posts"}],"about":[{"href":"https:\/\/cdnoticias.com\/index.php\/wp-json\/wp\/v2\/types\/post"}],"author":[{"embeddable":true,"href":"https:\/\/cdnoticias.com\/index.php\/wp-json\/wp\/v2\/users\/2"}],"replies":[{"embeddable":true,"href":"https:\/\/cdnoticias.com\/index.php\/wp-json\/wp\/v2\/comments?post=9514"}],"version-history":[{"count":0,"href":"https:\/\/cdnoticias.com\/index.php\/wp-json\/wp\/v2\/posts\/9514\/revisions"}],"wp:featuredmedia":[{"embeddable":true,"href":"https:\/\/cdnoticias.com\/index.php\/wp-json\/wp\/v2\/media\/9516"}],"wp:attachment":[{"href":"https:\/\/cdnoticias.com\/index.php\/wp-json\/wp\/v2\/media?parent=9514"}],"wp:term":[{"taxonomy":"category","embeddable":true,"href":"https:\/\/cdnoticias.com\/index.php\/wp-json\/wp\/v2\/categories?post=9514"},{"taxonomy":"post_tag","embeddable":true,"href":"https:\/\/cdnoticias.com\/index.php\/wp-json\/wp\/v2\/tags?post=9514"}],"curies":[{"name":"wp","href":"https:\/\/api.w.org\/{rel}","templated":true}]}}