{"id":95132,"date":"2023-09-04T19:00:24","date_gmt":"2023-09-04T22:00:24","guid":{"rendered":"https:\/\/www.centraldenoticias.com.ar\/?p=95132"},"modified":"2023-09-04T20:11:49","modified_gmt":"2023-09-04T23:11:49","slug":"comenzo-la-construccion-del-parque-eolico","status":"publish","type":"post","link":"https:\/\/cdnoticias.com\/index.php\/2023\/09\/04\/comenzo-la-construccion-del-parque-eolico\/","title":{"rendered":"Comenz\u00f3 la construcci\u00f3n del Parque E\u00f3lico en Olavarr\u00eda"},"content":{"rendered":"<p>Con una inversi\u00f3n de 160 millones de d\u00f3lares, este proyecto se enmarca dentro del plan de descarbonizaci\u00f3n anunciado en 2021, cuyas iniciativas buscan disminuir las emisiones de di\u00f3xido de carbono en un 20% para 2030.<!--more--><\/p>\n<hr \/>\n<p>Con una <strong>inversi\u00f3n de 160 millones de d\u00f3lares,<\/strong> comenz\u00f3 la <strong>construcci\u00f3n del Parque E\u00f3lico<\/strong> en nuestra ciudad. Se indic\u00f3 que es &#8220;<em>el primer gran proyecto de energ\u00eda renovable de Ternium&#8221;.<\/em><\/p>\n<p>&nbsp;<\/p>\n<p>El parque contar\u00e1 con 72 megavatios de potencia, lo que permitir\u00e1 reemplazar el 65% de la electricidad que Ternium Argentina adquiere actualmente de proveedores externos en el sistema interconectado nacional. Los aerogeneradores estar\u00e1n distribuidos en un predio de 1.517 hect\u00e1reas y cada uno tendr\u00e1 una potencia de 4,5 MW.<\/p>\n<p>&nbsp;<\/p>\n<p>Gast\u00f3n Rodr\u00edguez Araya, Director en Ingenier\u00eda, sostuvo que<em><strong> \u201ceste parque se integrar\u00e1 a la matriz energ\u00e9tica permitiendo reducir la compra de energ\u00eda de la red p\u00fablica de la cual aproximadamente el 60% es producida a partir de hidrocarburos. De esta forma, se evitar\u00e1n emitir 93.000 toneladas de CO2 al a\u00f1o y nos permitir\u00e1 seguir avanzando con nuestro plan de descarbonizaci\u00f3n\u201d.<\/strong><\/em><\/p>\n<p>&nbsp;<\/p>\n<p>En tanto agreg\u00f3: \u201cLa gesti\u00f3n del parque ser\u00e1 mixta. Tendr\u00e1 personal propio in situ para la gesti\u00f3n cotidiana y la firma Vestas, proveedor de los aeros, estar\u00e1 a cargo del mantenimiento de los equipos. La supervisi\u00f3n y la operaci\u00f3n del parque se har\u00e1n en forma remota desde el Centro de Control de Energ\u00eda ubicado en la Central T\u00e9rmica de la Planta General Savio\u201d.<\/p>\n<p>&nbsp;<\/p>\n<p>Este proyecto se enmarca dentro del plan de descarbonizaci\u00f3n anunciado en 2021, cuyas iniciativas buscan <strong>disminuir las emisiones de di\u00f3xido de carbono en un 20% para 2030<\/strong>. Se espera que el parque e\u00f3lico est\u00e9 operativo en la segunda parte del 2024.<\/p>\n","protected":false},"excerpt":{"rendered":"<p>Con una inversi\u00f3n de 160 millones de d\u00f3lares, este proyecto se enmarca dentro del plan de descarbonizaci\u00f3n anunciado en 2021,<\/p>\n","protected":false},"author":6,"featured_media":95134,"comment_status":"closed","ping_status":"closed","sticky":false,"template":"","format":"standard","meta":{"_jetpack_memberships_contains_paid_content":false,"footnotes":""},"categories":[5,1],"tags":[],"class_list":["post-95132","post","type-post","status-publish","format-standard","has-post-thumbnail","hentry","category-informacion-general","category-portada"],"jetpack_featured_media_url":"https:\/\/i0.wp.com\/cdnoticias.com\/wp-content\/uploads\/2023\/09\/parque-eolico.jpeg?fit=1080%2C722&ssl=1","jetpack_sharing_enabled":true,"_links":{"self":[{"href":"https:\/\/cdnoticias.com\/index.php\/wp-json\/wp\/v2\/posts\/95132","targetHints":{"allow":["GET"]}}],"collection":[{"href":"https:\/\/cdnoticias.com\/index.php\/wp-json\/wp\/v2\/posts"}],"about":[{"href":"https:\/\/cdnoticias.com\/index.php\/wp-json\/wp\/v2\/types\/post"}],"author":[{"embeddable":true,"href":"https:\/\/cdnoticias.com\/index.php\/wp-json\/wp\/v2\/users\/6"}],"replies":[{"embeddable":true,"href":"https:\/\/cdnoticias.com\/index.php\/wp-json\/wp\/v2\/comments?post=95132"}],"version-history":[{"count":0,"href":"https:\/\/cdnoticias.com\/index.php\/wp-json\/wp\/v2\/posts\/95132\/revisions"}],"wp:featuredmedia":[{"embeddable":true,"href":"https:\/\/cdnoticias.com\/index.php\/wp-json\/wp\/v2\/media\/95134"}],"wp:attachment":[{"href":"https:\/\/cdnoticias.com\/index.php\/wp-json\/wp\/v2\/media?parent=95132"}],"wp:term":[{"taxonomy":"category","embeddable":true,"href":"https:\/\/cdnoticias.com\/index.php\/wp-json\/wp\/v2\/categories?post=95132"},{"taxonomy":"post_tag","embeddable":true,"href":"https:\/\/cdnoticias.com\/index.php\/wp-json\/wp\/v2\/tags?post=95132"}],"curies":[{"name":"wp","href":"https:\/\/api.w.org\/{rel}","templated":true}]}}