{"id":95131,"date":"2023-09-04T18:09:13","date_gmt":"2023-09-04T21:09:13","guid":{"rendered":"https:\/\/www.centraldenoticias.com.ar\/?p=95131"},"modified":"2023-09-04T18:09:13","modified_gmt":"2023-09-04T21:09:13","slug":"cierre-de-la-ii-semana-de-la-extension-de-la-unicen","status":"publish","type":"post","link":"https:\/\/cdnoticias.com\/index.php\/2023\/09\/04\/cierre-de-la-ii-semana-de-la-extension-de-la-unicen\/","title":{"rendered":"Cierre de la II Semana de la Extensi\u00f3n de la UNICEN"},"content":{"rendered":"<p>El pasado viernes finaliz\u00f3 la segunda edici\u00f3n de la Semana de Extensi\u00f3n en el Campus Universitario de Olavarr\u00eda. Se realizaron diversas actividades y se anunci\u00f3 una Diplomatura sobre Extensi\u00f3n para nodocentes. &#8220;Para esta Universidad el v\u00ednculo con la sociedad es una actividad fundamental&#8221; resalt\u00f3 el rector Dr. Marcelo Aba.<!--more--><\/p>\n<hr \/>\n<p>Con la participaci\u00f3n de autoridades de Rectorado culmin\u00f3 el pasado viernes la <strong>Semana de la Extensi\u00f3n<\/strong> en el Complejo Universitario de Olavarr\u00eda, en su segunda edici\u00f3n. Durante la semana se concretaron diversas propuestas, talleres, e instancias de intercambio en todas las sedes de la <strong>UNICEN<\/strong>.<\/p>\n<p>&nbsp;<\/p>\n<p>El rector de la Universidad, <strong>Dr. Marcelo Aba<\/strong>, y la vicerrectora <strong>Prof. Alicia Spinello<\/strong>, encabezaron el acto de cierre denominado \u201cEl rol de la extensi\u00f3n en la educaci\u00f3n p\u00fablica superior\u201d. El mismo se llev\u00f3 adelante en el SUM del Edificio de Aulas Comunes del Complejo Universitario Olavarr\u00eda, y cont\u00f3 con la participaci\u00f3n de referentes, extensionistas e integrantes de las unidades acad\u00e9micas de todas las sedes de UNICEN.<\/p>\n<p>&nbsp;<\/p>\n<p><img data-recalc-dims=\"1\" loading=\"lazy\" decoding=\"async\" class=\"size-large wp-image-95135 aligncenter\" src=\"https:\/\/i0.wp.com\/cdnoticias.com\/wp-content\/uploads\/2023\/09\/Cierre-Semana-de-la-Extension-1024x683.png?resize=800%2C534&#038;ssl=1\" alt=\"\" width=\"800\" height=\"534\" srcset=\"https:\/\/i0.wp.com\/cdnoticias.com\/wp-content\/uploads\/2023\/09\/Cierre-Semana-de-la-Extension.png?resize=1024%2C683&amp;ssl=1 1024w, https:\/\/i0.wp.com\/cdnoticias.com\/wp-content\/uploads\/2023\/09\/Cierre-Semana-de-la-Extension.png?resize=300%2C200&amp;ssl=1 300w, https:\/\/i0.wp.com\/cdnoticias.com\/wp-content\/uploads\/2023\/09\/Cierre-Semana-de-la-Extension.png?resize=768%2C512&amp;ssl=1 768w, https:\/\/i0.wp.com\/cdnoticias.com\/wp-content\/uploads\/2023\/09\/Cierre-Semana-de-la-Extension.png?resize=272%2C182&amp;ssl=1 272w, https:\/\/i0.wp.com\/cdnoticias.com\/wp-content\/uploads\/2023\/09\/Cierre-Semana-de-la-Extension.png?w=1440&amp;ssl=1 1440w\" sizes=\"auto, (max-width: 800px) 100vw, 800px\" \/><\/p>\n<p>&nbsp;<\/p>\n<p>En la presentaci\u00f3n, las autoridades universitarias estuvieron acompa\u00f1adas por el secretario de Extensi\u00f3n de Rectorado,<strong> Mag. Daniel Herrero<\/strong>, el secretario de Bienestar Estudiantil de Rectorado, <strong>Dr. Fernando Pi\u00f1eiro<\/strong>, la decana de la Facultad de Ciencias Sociales, <strong>Lic. Gabriela Gamberini<\/strong>, la decana de la Facultad de Ingenier\u00eda, <strong>Ing.<\/strong> <strong>Mar\u00eda Peralta,<\/strong> la vicedecana de la Facultad de Ciencias de la Salud, <strong>Lic. Betina Bernardelli<\/strong>; secretarios y secretarias de Extensi\u00f3n de las distintas unidades acad\u00e9micas de UNICEN, autoridades del gremio nodocente <strong>ATUNCPBA<\/strong> y de la Federaci\u00f3n Estudiantil de la UNICEN <strong>-FUCPBA<\/strong>-, entre otros.<\/p>\n<p>&nbsp;<\/p>\n<p><img data-recalc-dims=\"1\" loading=\"lazy\" decoding=\"async\" class=\"size-large wp-image-95136 aligncenter\" src=\"https:\/\/i0.wp.com\/cdnoticias.com\/wp-content\/uploads\/2023\/09\/Cierre-Semana-de-la-Extension1-1024x650.png?resize=800%2C508&#038;ssl=1\" alt=\"\" width=\"800\" height=\"508\" srcset=\"https:\/\/i0.wp.com\/cdnoticias.com\/wp-content\/uploads\/2023\/09\/Cierre-Semana-de-la-Extension1.png?resize=1024%2C650&amp;ssl=1 1024w, https:\/\/i0.wp.com\/cdnoticias.com\/wp-content\/uploads\/2023\/09\/Cierre-Semana-de-la-Extension1.png?resize=300%2C190&amp;ssl=1 300w, https:\/\/i0.wp.com\/cdnoticias.com\/wp-content\/uploads\/2023\/09\/Cierre-Semana-de-la-Extension1.png?resize=768%2C487&amp;ssl=1 768w, https:\/\/i0.wp.com\/cdnoticias.com\/wp-content\/uploads\/2023\/09\/Cierre-Semana-de-la-Extension1.png?w=1114&amp;ssl=1 1114w\" sizes=\"auto, (max-width: 800px) 100vw, 800px\" \/><\/p>\n<p>&nbsp;<\/p>\n<p>En el concurrido encuentro se destac\u00f3 el rol de la extensi\u00f3n universitaria dentro del trabajo que lleva adelante de manera diaria la UNICEN a trav\u00e9s de Programas, Proyectos y actividades en vinculaci\u00f3n con la comunidad y el territorio. A lo largo de la semana se llevaron adelante m\u00e1s de 100 propuestas en simult\u00e1neo.<\/p>\n<p>&nbsp;<\/p>\n<p><em>\u201cLa nuestra es una universidad que tiene un vasto territorio, ya de por s\u00ed cubrimos cuatro ciudades, <strong>y para esta universidad el v\u00ednculo con la sociedad<\/strong>, ese estar presente en las necesidades que la sociedad nos plantea, es hoy una actividad fundamental\u201d,<\/em> expres\u00f3 el Rector.<\/p>\n<p>&nbsp;<\/p>\n<blockquote><p>Adem\u00e1s, declar\u00f3 que \u201cSiempre decimos que queremos una universidad llena de pueblos, pero tambi\u00e9n queremos un pueblo lleno de universidad; queremos que sea una presencia de ambos en los dos \u00e1mbitos y creo que esto que ha ocurrido hoy aqu\u00ed est\u00e1 dando cuenta de que esta universidad lo ha incorporado y lo est\u00e1 llevado adelante\u201d.<\/p><\/blockquote>\n<p>&nbsp;<\/p>\n<p>El Rector de la UNICEN puso como ejemplo iniciativas como los <strong>Puntos de Extensi\u00f3n Territorial, las Escuelas de Oficios<\/strong> y din\u00e1micas en proceso de curricularizaci\u00f3n como las <strong>Pr\u00e1cticas Socioeducativas<\/strong>.<\/p>\n<p>&nbsp;<\/p>\n<p>Adem\u00e1s, efectu\u00f3 una f\u00e9rrea defensa de la educaci\u00f3n p\u00fablica al sostener que <em>\u201ces importante que todos nos demos cuenta de lo que est\u00e1 ocurriendo, del valor que tiene ese encuentro con la sociedad, sobre todo en \u00e9pocas en que la universidad p\u00fablica empieza a ser atacada. Hay proyectos que van en contra de este modelo de universidad. Queremos que sea la propia sociedad la que cuente lo que hace la Universidad, porque atacar a la Universidad es atacar un modelo de vida y de pa\u00eds, y tenemos el derecho de estar al lado de la sociedad\u201d<\/em>.<\/p>\n<p>&nbsp;<\/p>\n<p><img data-recalc-dims=\"1\" loading=\"lazy\" decoding=\"async\" class=\"size-large wp-image-95138 aligncenter\" src=\"https:\/\/i0.wp.com\/cdnoticias.com\/wp-content\/uploads\/2023\/09\/Cierre-Semana-de-la-Extension4-1024x604.png?resize=800%2C472&#038;ssl=1\" alt=\"\" width=\"800\" height=\"472\" srcset=\"https:\/\/i0.wp.com\/cdnoticias.com\/wp-content\/uploads\/2023\/09\/Cierre-Semana-de-la-Extension4.png?resize=1024%2C604&amp;ssl=1 1024w, https:\/\/i0.wp.com\/cdnoticias.com\/wp-content\/uploads\/2023\/09\/Cierre-Semana-de-la-Extension4.png?resize=300%2C177&amp;ssl=1 300w, https:\/\/i0.wp.com\/cdnoticias.com\/wp-content\/uploads\/2023\/09\/Cierre-Semana-de-la-Extension4.png?resize=768%2C453&amp;ssl=1 768w, https:\/\/i0.wp.com\/cdnoticias.com\/wp-content\/uploads\/2023\/09\/Cierre-Semana-de-la-Extension4.png?w=1440&amp;ssl=1 1440w\" sizes=\"auto, (max-width: 800px) 100vw, 800px\" \/><\/p>\n<p>&nbsp;<\/p>\n<p>En este encuentro el Dr. Aba anunci\u00f3 la puesta en marcha de un programa de fortalecimiento de las instituciones de la sociedad civil, y destac\u00f3 que en la UNICEN se comenzar\u00e1 a dictar una <strong>Diplomatura sobre Extensi\u00f3n para nodocentes.<\/strong><\/p>\n<p>&nbsp;<\/p>\n<p><strong>La extensi\u00f3n como espacio de di\u00e1logo y transformaci\u00f3n<\/strong><\/p>\n<p>Por su parte, el Mag. Daniel Herrero, Secretario de Extensi\u00f3n de UNICEN, destac\u00f3 los espacios de intercambio logrados a lo largo de toda la semana, lo que posibilit\u00f3 encontrarse y conocer qu\u00e9 es lo que se lleva adelante desde distintos espacios de la Universidad.<\/p>\n<p>&nbsp;<\/p>\n<blockquote><p>\u201cLa Semana ha sido un espacio interesante para seguir fomentando la uni\u00f3n de la comunidad universitaria, pero tambi\u00e9n una semana de encuentro con actores en el territorio, dado que muchas de las actividades que se hicieron fueron adentro y afuera de las universidades, en cada una de las sedes sociales o dentro de las sedes, pero con participaci\u00f3n de actores sociales que participan en los distintos proyectos y actividades que se llevan a cabo\u201d, expuso.<\/p><\/blockquote>\n<p>&nbsp;<\/p>\n<p><em>\u201cLa extensi\u00f3n tiene ese efecto que no es s\u00f3lo transformar la comunidad y ayudar a resolver problemas y plantear intervenciones, sino que, en ese di\u00e1logo, en ese hacer, en ese compartir con la comunidad, nos vamos enriqueciendo y la propia universidad tambi\u00e9n se va transformando\u201d<\/em>, agreg\u00f3 el Secretario de Extensi\u00f3n de Rectorado.<\/p>\n<p>&nbsp;<\/p>\n<p><img data-recalc-dims=\"1\" loading=\"lazy\" decoding=\"async\" class=\"size-large wp-image-95137 aligncenter\" src=\"https:\/\/i0.wp.com\/cdnoticias.com\/wp-content\/uploads\/2023\/09\/Cierre-Semana-de-la-Extension2-1024x642.png?resize=800%2C502&#038;ssl=1\" alt=\"\" width=\"800\" height=\"502\" srcset=\"https:\/\/i0.wp.com\/cdnoticias.com\/wp-content\/uploads\/2023\/09\/Cierre-Semana-de-la-Extension2.png?resize=1024%2C642&amp;ssl=1 1024w, https:\/\/i0.wp.com\/cdnoticias.com\/wp-content\/uploads\/2023\/09\/Cierre-Semana-de-la-Extension2.png?resize=300%2C188&amp;ssl=1 300w, https:\/\/i0.wp.com\/cdnoticias.com\/wp-content\/uploads\/2023\/09\/Cierre-Semana-de-la-Extension2.png?resize=768%2C481&amp;ssl=1 768w, https:\/\/i0.wp.com\/cdnoticias.com\/wp-content\/uploads\/2023\/09\/Cierre-Semana-de-la-Extension2.png?w=1332&amp;ssl=1 1332w\" sizes=\"auto, (max-width: 800px) 100vw, 800px\" \/><\/p>\n<p>&nbsp;<\/p>\n<p>En tanto, la Lic. Gamberini,<strong> decana de FACSO,<\/strong> valor\u00f3 la posibilidad de que el cierre de la Semana de la Extensi\u00f3n sea en nuestra sede, porque \u201ccompartir con la comunidad universitaria y la comunidad de la ciudad nos parece sumamente valioso porque surgen nuevos pareceres, nuevas miradas y nuevos proyectos en clave de poder<strong> pensar la extensi\u00f3n como una de las funciones centrales a la hora de consolidar la funci\u00f3n de la Universidad<\/strong>\u201d.<\/p>\n","protected":false},"excerpt":{"rendered":"<p>El pasado viernes finaliz\u00f3 la segunda edici\u00f3n de la Semana de Extensi\u00f3n en el Campus Universitario de Olavarr\u00eda. Se realizaron<\/p>\n","protected":false},"author":2,"featured_media":95140,"comment_status":"closed","ping_status":"closed","sticky":false,"template":"","format":"standard","meta":{"_jetpack_memberships_contains_paid_content":false,"footnotes":""},"categories":[5,1],"tags":[],"class_list":["post-95131","post","type-post","status-publish","format-standard","has-post-thumbnail","hentry","category-informacion-general","category-portada"],"jetpack_featured_media_url":"https:\/\/i0.wp.com\/cdnoticias.com\/wp-content\/uploads\/2023\/09\/Cierre-Semana-de-la-Extension3.png?fit=1440%2C834&ssl=1","jetpack_sharing_enabled":true,"_links":{"self":[{"href":"https:\/\/cdnoticias.com\/index.php\/wp-json\/wp\/v2\/posts\/95131","targetHints":{"allow":["GET"]}}],"collection":[{"href":"https:\/\/cdnoticias.com\/index.php\/wp-json\/wp\/v2\/posts"}],"about":[{"href":"https:\/\/cdnoticias.com\/index.php\/wp-json\/wp\/v2\/types\/post"}],"author":[{"embeddable":true,"href":"https:\/\/cdnoticias.com\/index.php\/wp-json\/wp\/v2\/users\/2"}],"replies":[{"embeddable":true,"href":"https:\/\/cdnoticias.com\/index.php\/wp-json\/wp\/v2\/comments?post=95131"}],"version-history":[{"count":0,"href":"https:\/\/cdnoticias.com\/index.php\/wp-json\/wp\/v2\/posts\/95131\/revisions"}],"wp:featuredmedia":[{"embeddable":true,"href":"https:\/\/cdnoticias.com\/index.php\/wp-json\/wp\/v2\/media\/95140"}],"wp:attachment":[{"href":"https:\/\/cdnoticias.com\/index.php\/wp-json\/wp\/v2\/media?parent=95131"}],"wp:term":[{"taxonomy":"category","embeddable":true,"href":"https:\/\/cdnoticias.com\/index.php\/wp-json\/wp\/v2\/categories?post=95131"},{"taxonomy":"post_tag","embeddable":true,"href":"https:\/\/cdnoticias.com\/index.php\/wp-json\/wp\/v2\/tags?post=95131"}],"curies":[{"name":"wp","href":"https:\/\/api.w.org\/{rel}","templated":true}]}}