{"id":95122,"date":"2023-09-04T17:25:00","date_gmt":"2023-09-04T20:25:00","guid":{"rendered":"https:\/\/www.centraldenoticias.com.ar\/?p=95122"},"modified":"2023-09-04T19:00:37","modified_gmt":"2023-09-04T22:00:37","slug":"coopelectric-denuncio-robo-de-medidores-cables-y-canos","status":"publish","type":"post","link":"https:\/\/cdnoticias.com\/index.php\/2023\/09\/04\/coopelectric-denuncio-robo-de-medidores-cables-y-canos\/","title":{"rendered":"Coopelectric denunci\u00f3 robo de medidores, cables y ca\u00f1os"},"content":{"rendered":"<p>Fue durante el fin de semana en nuestra ciudad y la localidad de Sierra Chica. \u201cSe registra un crecimiento de las actividades delictivas\u201d se\u00f1alaron desde la cooperativa, que denunciar\u00e1 el hecho.<!--more--><\/p>\n<hr \/>\n<p>Durante el fin de semana, <strong>Coopelectric denunci\u00f3 varios hechos delictivos en el servicio de Obras Sanitarias del Partido<\/strong>: por un lado, el <strong>robo de medidores en diversos puntos de Olavarr\u00eda, mientras que tambi\u00e9n hubo robo de infraestructura de un pozo de extracci\u00f3n en Sierra Chica.<\/strong><\/p>\n<p>&nbsp;<\/p>\n<p>En primera instancia,<strong> robaron seis medidores del servicio de Obras Sanitarias en las calles Jos\u00e9 Luis torres al 4900, 101 Bis al 3700 y Elena de Fortabat al 3700<\/strong>, correspondientes al <strong>barrio Provincias Argentinas<\/strong>. <em>\u201cSe trata de medidores que se encontraban colocados en obras en construcci\u00f3n, por lo que el personal de Coopelectric concurri\u00f3 al lugar para realizar tareas operativas y detener las p\u00e9rdidas de agua que fueron originadas\u201d<\/em> informaron en un comunicado.<\/p>\n<p>&nbsp;<\/p>\n<p>Por otro lado, <strong>en la ma\u00f1ana de este lunes se tom\u00f3 conocimiento sobre el robo de cables y del ca\u00f1o de acometida el\u00e9ctrica en el Pozo de Extracci\u00f3n de Agua N\u00ba 1, ubicado en la localidad de Sierra Chica<\/strong>.<em> \u201cPor tal motivo, el personal del Servicio El\u00e9ctrico trabajar\u00e1 para reparar los da\u00f1os ocasionados y poner el pozo nuevamente en funcionamiento\u201d<\/em> indicaron.<\/p>\n<p>&nbsp;<\/p>\n<p><img data-recalc-dims=\"1\" loading=\"lazy\" decoding=\"async\" class=\"alignnone size-large wp-image-95124\" src=\"https:\/\/i0.wp.com\/cdnoticias.com\/wp-content\/uploads\/2023\/09\/Robo-en-Pozo-No-1-02-e1693859083390-1024x680.jpeg?resize=800%2C531&#038;ssl=1\" alt=\"\" width=\"800\" height=\"531\" srcset=\"https:\/\/i0.wp.com\/cdnoticias.com\/wp-content\/uploads\/2023\/09\/Robo-en-Pozo-No-1-02-e1693859083390.jpeg?resize=1024%2C680&amp;ssl=1 1024w, https:\/\/i0.wp.com\/cdnoticias.com\/wp-content\/uploads\/2023\/09\/Robo-en-Pozo-No-1-02-e1693859083390.jpeg?resize=300%2C199&amp;ssl=1 300w, https:\/\/i0.wp.com\/cdnoticias.com\/wp-content\/uploads\/2023\/09\/Robo-en-Pozo-No-1-02-e1693859083390.jpeg?resize=768%2C510&amp;ssl=1 768w, https:\/\/i0.wp.com\/cdnoticias.com\/wp-content\/uploads\/2023\/09\/Robo-en-Pozo-No-1-02-e1693859083390.jpeg?resize=272%2C182&amp;ssl=1 272w, https:\/\/i0.wp.com\/cdnoticias.com\/wp-content\/uploads\/2023\/09\/Robo-en-Pozo-No-1-02-e1693859083390.jpeg?w=1192&amp;ssl=1 1192w\" sizes=\"auto, (max-width: 800px) 100vw, 800px\" \/><\/p>\n<p>&nbsp;<\/p>\n<p>Desde la cooperativa indicaron que estos hechos <em>\u201cno s\u00f3lo afectan a las instalaciones y por consiguiente a los asociados, sino que representan un perjuicio material para un servicio que nos pertenece a todos los olavarrienses\u201d<\/em>. <strong>Es por ello que confirmaron que realizar\u00e1n la denuncia.<\/strong><\/p>\n<p>&nbsp;<\/p>\n<p>Otro punto a tener en cuenta es que<strong> en los \u00faltimos meses \u201cse registra un crecimiento de las actividades delictivas\u201d con el objetivo de robar estos elementos.<\/strong> \u201cPor ello en caso de que los usuarios observen a personas ajenas a Coopelectric manipulando instalaciones, solicitamos que den aviso inmediato al 911\u201d cerraron.<\/p>\n","protected":false},"excerpt":{"rendered":"<p>Fue durante el fin de semana en nuestra ciudad y la localidad de Sierra Chica. \u201cSe registra un crecimiento de<\/p>\n","protected":false},"author":2,"featured_media":95125,"comment_status":"closed","ping_status":"closed","sticky":false,"template":"","format":"standard","meta":{"_jetpack_memberships_contains_paid_content":false,"footnotes":""},"categories":[14,1],"tags":[],"class_list":["post-95122","post","type-post","status-publish","format-standard","has-post-thumbnail","hentry","category-policiales","category-portada"],"jetpack_featured_media_url":"https:\/\/i0.wp.com\/cdnoticias.com\/wp-content\/uploads\/2023\/09\/Robo-en-Pozo-No-1-01-e1693859069351.jpg?fit=926%2C547&ssl=1","jetpack_sharing_enabled":true,"_links":{"self":[{"href":"https:\/\/cdnoticias.com\/index.php\/wp-json\/wp\/v2\/posts\/95122","targetHints":{"allow":["GET"]}}],"collection":[{"href":"https:\/\/cdnoticias.com\/index.php\/wp-json\/wp\/v2\/posts"}],"about":[{"href":"https:\/\/cdnoticias.com\/index.php\/wp-json\/wp\/v2\/types\/post"}],"author":[{"embeddable":true,"href":"https:\/\/cdnoticias.com\/index.php\/wp-json\/wp\/v2\/users\/2"}],"replies":[{"embeddable":true,"href":"https:\/\/cdnoticias.com\/index.php\/wp-json\/wp\/v2\/comments?post=95122"}],"version-history":[{"count":0,"href":"https:\/\/cdnoticias.com\/index.php\/wp-json\/wp\/v2\/posts\/95122\/revisions"}],"wp:featuredmedia":[{"embeddable":true,"href":"https:\/\/cdnoticias.com\/index.php\/wp-json\/wp\/v2\/media\/95125"}],"wp:attachment":[{"href":"https:\/\/cdnoticias.com\/index.php\/wp-json\/wp\/v2\/media?parent=95122"}],"wp:term":[{"taxonomy":"category","embeddable":true,"href":"https:\/\/cdnoticias.com\/index.php\/wp-json\/wp\/v2\/categories?post=95122"},{"taxonomy":"post_tag","embeddable":true,"href":"https:\/\/cdnoticias.com\/index.php\/wp-json\/wp\/v2\/tags?post=95122"}],"curies":[{"name":"wp","href":"https:\/\/api.w.org\/{rel}","templated":true}]}}