{"id":95112,"date":"2023-09-04T11:57:02","date_gmt":"2023-09-04T14:57:02","guid":{"rendered":"https:\/\/www.centraldenoticias.com.ar\/?p=95112"},"modified":"2023-09-04T11:57:02","modified_gmt":"2023-09-04T14:57:02","slug":"galli-el-gobernador-tiene-osde-y-el-director-de-region-sanitaria-no-atiende-por-ioma","status":"publish","type":"post","link":"https:\/\/cdnoticias.com\/index.php\/2023\/09\/04\/galli-el-gobernador-tiene-osde-y-el-director-de-region-sanitaria-no-atiende-por-ioma\/","title":{"rendered":"Galli: \u201cEl Gobernador tiene OSDE y el Director de Regi\u00f3n Sanitaria no atiende por IOMA\u201d"},"content":{"rendered":"<p>El intendente arremeti\u00f3 contra funcionarios provinciales. Pidi\u00f3 que \u201clos responsables de IOMA y PAMI dejen de jugar con la salud de los vecinos\u201d.<!--more--><\/p>\n<hr \/>\n<p>Este lunes por la ma\u00f1ana el intendente Ezequiel Galli en declaraciones radiales se refiri\u00f3 a distintos temas de<strong> actualidad pol\u00edtica nacional y de la gesti\u00f3n municipal.<\/strong><\/p>\n<p>&nbsp;<\/p>\n<p>Consultado sobre el presente del <strong>sistema de salud p\u00fablica<\/strong>, Galli dijo: <strong>\u201cnosotros nos hacemos cargo de todo lo que tenemos para mejorar en el Hospital pero tambi\u00e9n hay que pedirles a los responsables de IOMA y PAMI que dejen de jugar con la salud de los vecinos\u201d.<\/strong><\/p>\n<p>&nbsp;<\/p>\n<blockquote><p>\u201cHoy estamos atendiendo a todos los afiliados de IOMA y PAMI en el Hospital Municipal porque no se pueden atender en cl\u00ednicas privadas. Viven en una contradicci\u00f3n permanente: el gobernador Kicillof tiene OSDE y el Director de Regi\u00f3n Sanitaria de la Provincia no atiende por IOMA en su actividad privada. Es ins\u00f3lito\u201d, agreg\u00f3.<\/p><\/blockquote>\n<p>&nbsp;<\/p>\n<p>En este sentido, Ezequiel Galli expres\u00f3: \u201cest\u00e1n realizando una asfixia financiera y el Ministro Kreplak qued\u00f3 expuesto el fin de semana con datos err\u00f3neos que fueron refutados por Hilario Galli. Insisto, est\u00e1n jugando con la salud de los vecinos\u201d.<\/p>\n<p>&nbsp;<\/p>\n<p>Por otra parte, el intendente se manifest\u00f3 sobre la <a href=\"https:\/\/cdnoticias.com\/index.php\/2023\/09\/03\/guillermina-amespil-sera-la-nueva-secretaria-de-desarrollo-humano-y-calidad-de-vida\/\" target=\"_blank\" rel=\"noopener\">designaci\u00f3n de Guillermina Amespil<\/a> en la Secretar\u00eda de Desarrollo Humano y Calidad de Vida en reemplazo de Diego Robbiani: \u201cGuille es una gran dirigente y una gran persona que ha demostrado una gran capacidad de trabajo y tienen las condiciones para asumir el rol\u201d.<\/p>\n<p>&nbsp;<\/p>\n<p>Finalmente, respecto al escenario pol\u00edtico nacional Galli manifest\u00f3: \u201c<strong>la incorporaci\u00f3n de Carlos Melconian al equipo de Patricia Bullrich es una gran noticia<\/strong> para nuestro espacio porque es uno de los economistas m\u00e1s reconocidos del pa\u00eds\u201d.<\/p>\n","protected":false},"excerpt":{"rendered":"<p>El intendente arremeti\u00f3 contra funcionarios provinciales. Pidi\u00f3 que \u201clos responsables de IOMA y PAMI dejen de jugar con la salud<\/p>\n","protected":false},"author":5,"featured_media":93841,"comment_status":"closed","ping_status":"closed","sticky":false,"template":"","format":"standard","meta":{"_jetpack_memberships_contains_paid_content":false,"footnotes":""},"categories":[4,1],"tags":[],"class_list":["post-95112","post","type-post","status-publish","format-standard","has-post-thumbnail","hentry","category-politica","category-portada"],"jetpack_featured_media_url":"https:\/\/i0.wp.com\/cdnoticias.com\/wp-content\/uploads\/2023\/08\/galli-ezequiel-02.jpg?fit=1000%2C556&ssl=1","jetpack_sharing_enabled":true,"_links":{"self":[{"href":"https:\/\/cdnoticias.com\/index.php\/wp-json\/wp\/v2\/posts\/95112","targetHints":{"allow":["GET"]}}],"collection":[{"href":"https:\/\/cdnoticias.com\/index.php\/wp-json\/wp\/v2\/posts"}],"about":[{"href":"https:\/\/cdnoticias.com\/index.php\/wp-json\/wp\/v2\/types\/post"}],"author":[{"embeddable":true,"href":"https:\/\/cdnoticias.com\/index.php\/wp-json\/wp\/v2\/users\/5"}],"replies":[{"embeddable":true,"href":"https:\/\/cdnoticias.com\/index.php\/wp-json\/wp\/v2\/comments?post=95112"}],"version-history":[{"count":0,"href":"https:\/\/cdnoticias.com\/index.php\/wp-json\/wp\/v2\/posts\/95112\/revisions"}],"wp:featuredmedia":[{"embeddable":true,"href":"https:\/\/cdnoticias.com\/index.php\/wp-json\/wp\/v2\/media\/93841"}],"wp:attachment":[{"href":"https:\/\/cdnoticias.com\/index.php\/wp-json\/wp\/v2\/media?parent=95112"}],"wp:term":[{"taxonomy":"category","embeddable":true,"href":"https:\/\/cdnoticias.com\/index.php\/wp-json\/wp\/v2\/categories?post=95112"},{"taxonomy":"post_tag","embeddable":true,"href":"https:\/\/cdnoticias.com\/index.php\/wp-json\/wp\/v2\/tags?post=95112"}],"curies":[{"name":"wp","href":"https:\/\/api.w.org\/{rel}","templated":true}]}}