{"id":95103,"date":"2023-09-04T09:26:36","date_gmt":"2023-09-04T12:26:36","guid":{"rendered":"https:\/\/www.centraldenoticias.com.ar\/?p=95103"},"modified":"2023-09-04T09:26:36","modified_gmt":"2023-09-04T12:26:36","slug":"las-condiciones-de-el-nino-ya-estan-en-la-region-y-se-espera-una-primavera-lluviosa","status":"publish","type":"post","link":"https:\/\/cdnoticias.com\/index.php\/2023\/09\/04\/las-condiciones-de-el-nino-ya-estan-en-la-region-y-se-espera-una-primavera-lluviosa\/","title":{"rendered":"Las condiciones de \u201cEl Ni\u00f1o\u201d ya est\u00e1n en la regi\u00f3n y se espera una primavera lluviosa"},"content":{"rendered":"<p>De las 10 primaveras m\u00e1s lluviosas en esta regi\u00f3n, siete fueron en a\u00f1os con presencia de este fen\u00f3meno.<!--more--><\/p>\n<hr \/>\n<p>El Servicio Meteorol\u00f3gico Nacional (SMN) anunci\u00f3 oficialmente que las condiciones del fen\u00f3meno clim\u00e1tico de \u201cEl Ni\u00f1o\u201d ya est\u00e1n presentes en la regi\u00f3n. Tras varios meses de espera y expectativa por la llegada de este evento clim\u00e1tico, sobre todo ante los efectos de su contracara, \u201cLa Ni\u00f1a\u201d, <strong>el SMN actualiz\u00f3 su reporte y sostuvo que \u201c\u2018El Ni\u00f1o\u2019 \u201cse instal\u00f3 en nuestra regi\u00f3n\u201d<\/strong> y se declararon oficialmente las condiciones y el \u201cimpacto que puede tener en el clima de Argentina\u201d.<\/p>\n<p>&nbsp;<\/p>\n<p>El informe mensual del SMN, publicado el viernes, anunci\u00f3 que \u201cya est\u00e1n dadas condiciones de \u2018El Ni\u00f1o&#8217;\u201d, y se observa en las \u00faltimas semanas que <strong>\u201cla temperatura del Pac\u00edfico se mantuvo por encima de la temperatura umbral para este fen\u00f3meno y la atm\u00f3sfera comenz\u00f3 a responder a ese calentamiento\u201d.<\/strong><\/p>\n<p>&nbsp;<\/p>\n<p>El ENOS (El Ni\u00f1o-Oscilaci\u00f3n del Sur), conocido popularmente como \u201cEl Ni\u00f1o\u201d, es un fen\u00f3meno clim\u00e1tico natural que cumple una recurrencia de entre dos y siete a\u00f1os. \u201cSus impactos en el clima son de escala global y var\u00edan seg\u00fan la regi\u00f3n del planeta y la \u00e9poca del a\u00f1o en que el fen\u00f3meno se presente\u201d, indic\u00f3 el SMN.<\/p>\n<p>&nbsp;<\/p>\n<p>\u201c<strong>Las anomal\u00edas de temperatura del agua del mar, en el oc\u00e9ano Pac\u00edfico ecuatorial, son consistentes con una fase Ni\u00f1o.<\/strong> Se observ\u00f3 debilitamiento de los vientos alisios desde mediados de julio, lo cual indicar\u00eda que la atm\u00f3sfera comenz\u00f3 a acoplarse al oc\u00e9ano. El \u00cdndice actual de Oscilaci\u00f3n del Sur mantuvo valores negativos, dato caracter\u00edstico de una fase c\u00e1lida\u201d, apunt\u00f3 el organismo en su informe.<\/p>\n<p>&nbsp;<\/p>\n<blockquote><p>En cuanto al trimestre de septiembre-octubre-noviembre 2023, los pron\u00f3sticos indican que hay 99% de probabilidad de que las condiciones de \u201cEl Ni\u00f1o\u201d se mantengan presentes.<\/p><\/blockquote>\n<p>&nbsp;<\/p>\n<p><strong>Desde la d\u00e9cada de 1960 hasta la actualidad se registraron 21 fen\u00f3menos ENOS durante las primaveras.<\/strong> La influencia de \u201cEl Ni\u00f1o\u201d aumenta la frecuencia y la intensidad de precipitaciones en gran parte del centro-este y norte argentino, especialmente en las provincias de Misiones, Corrientes y norte de Santa Fe.<\/p>\n<p>&nbsp;<\/p>\n<p>Estas provincias se caracterizan por ser las que tienen mayor vinculaci\u00f3n con el fen\u00f3meno de \u201cEl Ni\u00f1o\u201d. De hecho, de acuerdo a los datos hist\u00f3ricos, <strong>de las 10 primaveras m\u00e1s lluviosas en esta regi\u00f3n, siete fueron en a\u00f1os con presencia de El Ni\u00f1o.<\/strong><\/p>\n<p>&nbsp;<\/p>\n<p><em>Fuente: DIB.<\/em><\/p>\n","protected":false},"excerpt":{"rendered":"<p>De las 10 primaveras m\u00e1s lluviosas en esta regi\u00f3n, siete fueron en a\u00f1os con presencia de este fen\u00f3meno.<\/p>\n","protected":false},"author":5,"featured_media":95104,"comment_status":"closed","ping_status":"closed","sticky":false,"template":"","format":"standard","meta":{"_jetpack_memberships_contains_paid_content":false,"footnotes":""},"categories":[6,1],"tags":[],"class_list":["post-95103","post","type-post","status-publish","format-standard","has-post-thumbnail","hentry","category-nacionales","category-portada"],"jetpack_featured_media_url":"https:\/\/i0.wp.com\/cdnoticias.com\/wp-content\/uploads\/2023\/09\/clima-lluvia.png?fit=731%2C445&ssl=1","jetpack_sharing_enabled":true,"_links":{"self":[{"href":"https:\/\/cdnoticias.com\/index.php\/wp-json\/wp\/v2\/posts\/95103","targetHints":{"allow":["GET"]}}],"collection":[{"href":"https:\/\/cdnoticias.com\/index.php\/wp-json\/wp\/v2\/posts"}],"about":[{"href":"https:\/\/cdnoticias.com\/index.php\/wp-json\/wp\/v2\/types\/post"}],"author":[{"embeddable":true,"href":"https:\/\/cdnoticias.com\/index.php\/wp-json\/wp\/v2\/users\/5"}],"replies":[{"embeddable":true,"href":"https:\/\/cdnoticias.com\/index.php\/wp-json\/wp\/v2\/comments?post=95103"}],"version-history":[{"count":0,"href":"https:\/\/cdnoticias.com\/index.php\/wp-json\/wp\/v2\/posts\/95103\/revisions"}],"wp:featuredmedia":[{"embeddable":true,"href":"https:\/\/cdnoticias.com\/index.php\/wp-json\/wp\/v2\/media\/95104"}],"wp:attachment":[{"href":"https:\/\/cdnoticias.com\/index.php\/wp-json\/wp\/v2\/media?parent=95103"}],"wp:term":[{"taxonomy":"category","embeddable":true,"href":"https:\/\/cdnoticias.com\/index.php\/wp-json\/wp\/v2\/categories?post=95103"},{"taxonomy":"post_tag","embeddable":true,"href":"https:\/\/cdnoticias.com\/index.php\/wp-json\/wp\/v2\/tags?post=95103"}],"curies":[{"name":"wp","href":"https:\/\/api.w.org\/{rel}","templated":true}]}}