{"id":9509,"date":"2020-12-21T10:29:11","date_gmt":"2020-12-21T13:29:11","guid":{"rendered":"http:\/\/www.centraldenoticias.com.ar\/?p=9509"},"modified":"2020-12-21T12:10:16","modified_gmt":"2020-12-21T15:10:16","slug":"el-concejo-debate-el-presupuesto-2021-seguilo-en-vivo","status":"publish","type":"post","link":"https:\/\/cdnoticias.com\/index.php\/2020\/12\/21\/el-concejo-debate-el-presupuesto-2021-seguilo-en-vivo\/","title":{"rendered":"El Concejo debate el Presupuesto 2021: seguilo en vivo"},"content":{"rendered":"<p>Cerca de las 10 comenz\u00f3 la sesi\u00f3n que debate la partida presupuestaria con la que gestionar\u00e1 el Municipio. Seguila en vivo.<!--more--><\/p>\n<hr \/>\n<p>Desde las 10 de la ma\u00f1ana<strong>, el Concejo Deliberante comenz\u00f3 con el debate del Presupuesto 2021 en el recinto de la Sociedad Espa\u00f1ola.<\/strong><\/p>\n<p>&nbsp;<\/p>\n<p><iframe loading=\"lazy\" src=\"https:\/\/www.youtube.com\/embed\/ffXMyoLpDjA\" width=\"560\" height=\"315\" frameborder=\"0\" allowfullscreen=\"allowfullscreen\"><\/iframe><\/p>\n<p>&nbsp;<\/p>\n<blockquote><p>Tras la asamblea de Mayores Contribuyentes y el homenaje al m\u00fasico Tito Catani, comenz\u00f3 formalmente el debate que busca aprobar la partida con la que gestionar\u00e1 el Municipio que totaliza 4.986 millones de pesos.<\/p><\/blockquote>\n<p>&nbsp;<\/p>\n<p>Cabe se\u00f1alar que el concejal Mart\u00edn Endere (Juntos por el Cambio) se encuentra ausente por lo cual el oficialismo buscar\u00e1 reunir los votos necesarios para aprobar el Presupuesto. <strong>No se descartaron \u201csorpresas\u201d a la hora de la votaci\u00f3n, situaci\u00f3n similar a la sucedida en la pasada sesi\u00f3n extraordinaria, con una suba del Agua del 97%.<\/strong><\/p>\n<p>&nbsp;<\/p>\n<p><img data-recalc-dims=\"1\" loading=\"lazy\" decoding=\"async\" class=\"alignnone size-full wp-image-9511\" src=\"https:\/\/i0.wp.com\/cdnoticias.com\/wp-content\/uploads\/2020\/12\/hcd-presupuesto2021-1.jpg?resize=800%2C533&#038;ssl=1\" alt=\"\" width=\"800\" height=\"533\" srcset=\"https:\/\/i0.wp.com\/cdnoticias.com\/wp-content\/uploads\/2020\/12\/hcd-presupuesto2021-1.jpg?w=4608&amp;ssl=1 4608w, https:\/\/i0.wp.com\/cdnoticias.com\/wp-content\/uploads\/2020\/12\/hcd-presupuesto2021-1.jpg?resize=300%2C200&amp;ssl=1 300w, https:\/\/i0.wp.com\/cdnoticias.com\/wp-content\/uploads\/2020\/12\/hcd-presupuesto2021-1.jpg?resize=768%2C512&amp;ssl=1 768w, https:\/\/i0.wp.com\/cdnoticias.com\/wp-content\/uploads\/2020\/12\/hcd-presupuesto2021-1.jpg?resize=1024%2C683&amp;ssl=1 1024w, https:\/\/i0.wp.com\/cdnoticias.com\/wp-content\/uploads\/2020\/12\/hcd-presupuesto2021-1.jpg?resize=272%2C182&amp;ssl=1 272w, https:\/\/i0.wp.com\/cdnoticias.com\/wp-content\/uploads\/2020\/12\/hcd-presupuesto2021-1.jpg?w=1600&amp;ssl=1 1600w, https:\/\/i0.wp.com\/cdnoticias.com\/wp-content\/uploads\/2020\/12\/hcd-presupuesto2021-1.jpg?w=2400&amp;ssl=1 2400w\" sizes=\"auto, (max-width: 800px) 100vw, 800px\" \/><\/p>\n<p>&nbsp;<\/p>\n<p>Tras el Presupuesto,<strong> tambi\u00e9n se pondr\u00e1 en debate un pedido a la Provincia para habilitar la temporada tur\u00edstica en el distrito<\/strong>, lo que me permitir\u00e1 nuevas aperturas en Olavarr\u00eda.<\/p>\n<p>&nbsp;<\/p>\n<p><strong>La sesi\u00f3n se da en medio de fuertes protestas de varios sectores, entre ellos la Mesa de Emergencia, la Asamblea por la Vivienda, vecinos de localidades, entre los m\u00e1s destacados.<\/strong> A medida que transcurr\u00eda la exposici\u00f3n de Mujica (Juntos por el Cambio) hubo gritos y mucho enojo desde la barra de asistentes.<\/p>\n<p>&nbsp;<\/p>\n<p><img data-recalc-dims=\"1\" loading=\"lazy\" decoding=\"async\" class=\"alignnone size-full wp-image-9512\" src=\"https:\/\/i0.wp.com\/cdnoticias.com\/wp-content\/uploads\/2020\/12\/hcd-presupuesto2021-2.jpg?resize=800%2C600&#038;ssl=1\" alt=\"\" width=\"800\" height=\"600\" srcset=\"https:\/\/i0.wp.com\/cdnoticias.com\/wp-content\/uploads\/2020\/12\/hcd-presupuesto2021-2.jpg?w=1040&amp;ssl=1 1040w, https:\/\/i0.wp.com\/cdnoticias.com\/wp-content\/uploads\/2020\/12\/hcd-presupuesto2021-2.jpg?resize=300%2C225&amp;ssl=1 300w, https:\/\/i0.wp.com\/cdnoticias.com\/wp-content\/uploads\/2020\/12\/hcd-presupuesto2021-2.jpg?resize=768%2C576&amp;ssl=1 768w, https:\/\/i0.wp.com\/cdnoticias.com\/wp-content\/uploads\/2020\/12\/hcd-presupuesto2021-2.jpg?resize=1024%2C768&amp;ssl=1 1024w\" sizes=\"auto, (max-width: 800px) 100vw, 800px\" \/><\/p>\n","protected":false},"excerpt":{"rendered":"<p>Cerca de las 10 comenz\u00f3 la sesi\u00f3n que debate la partida presupuestaria con la que gestionar\u00e1 el Municipio. Seguila en<\/p>\n","protected":false},"author":2,"featured_media":9510,"comment_status":"closed","ping_status":"closed","sticky":false,"template":"","format":"standard","meta":{"_jetpack_memberships_contains_paid_content":false,"footnotes":""},"categories":[4,1],"tags":[],"class_list":["post-9509","post","type-post","status-publish","format-standard","has-post-thumbnail","hentry","category-politica","category-portada"],"jetpack_featured_media_url":"https:\/\/i0.wp.com\/cdnoticias.com\/wp-content\/uploads\/2020\/12\/hcd-presupuesto2021.jpg?fit=4416%2C2608&ssl=1","jetpack_sharing_enabled":true,"_links":{"self":[{"href":"https:\/\/cdnoticias.com\/index.php\/wp-json\/wp\/v2\/posts\/9509","targetHints":{"allow":["GET"]}}],"collection":[{"href":"https:\/\/cdnoticias.com\/index.php\/wp-json\/wp\/v2\/posts"}],"about":[{"href":"https:\/\/cdnoticias.com\/index.php\/wp-json\/wp\/v2\/types\/post"}],"author":[{"embeddable":true,"href":"https:\/\/cdnoticias.com\/index.php\/wp-json\/wp\/v2\/users\/2"}],"replies":[{"embeddable":true,"href":"https:\/\/cdnoticias.com\/index.php\/wp-json\/wp\/v2\/comments?post=9509"}],"version-history":[{"count":0,"href":"https:\/\/cdnoticias.com\/index.php\/wp-json\/wp\/v2\/posts\/9509\/revisions"}],"wp:featuredmedia":[{"embeddable":true,"href":"https:\/\/cdnoticias.com\/index.php\/wp-json\/wp\/v2\/media\/9510"}],"wp:attachment":[{"href":"https:\/\/cdnoticias.com\/index.php\/wp-json\/wp\/v2\/media?parent=9509"}],"wp:term":[{"taxonomy":"category","embeddable":true,"href":"https:\/\/cdnoticias.com\/index.php\/wp-json\/wp\/v2\/categories?post=9509"},{"taxonomy":"post_tag","embeddable":true,"href":"https:\/\/cdnoticias.com\/index.php\/wp-json\/wp\/v2\/tags?post=9509"}],"curies":[{"name":"wp","href":"https:\/\/api.w.org\/{rel}","templated":true}]}}