{"id":95089,"date":"2023-09-03T20:26:42","date_gmt":"2023-09-03T23:26:42","guid":{"rendered":"https:\/\/www.centraldenoticias.com.ar\/?p=95089"},"modified":"2023-09-04T07:56:49","modified_gmt":"2023-09-04T10:56:49","slug":"dos-olavarrienses-con-considerables-heridas-en-un-violento-accidente-en-ruta-205","status":"publish","type":"post","link":"https:\/\/cdnoticias.com\/index.php\/2023\/09\/03\/dos-olavarrienses-con-considerables-heridas-en-un-violento-accidente-en-ruta-205\/","title":{"rendered":"Dos olavarrienses con considerables heridas en un violento accidente en ruta 205"},"content":{"rendered":"<p>Un cami\u00f3n habr\u00eda chocado su auto y se dio a la fuga en sentido a General Alvear\/Saladillo. Sufrieron importantes fracturas.<!--more--><\/p>\n<hr \/>\n<p><strong>Dos olavarrienses sufrieron un violento accidente en la madrugada de este domingo en el kil\u00f3metro 285 de la ruta nacional 205.<\/strong> Fueron impactados por un cami\u00f3n que se dio a la fuga: su veh\u00edculo volc\u00f3 y la pareja sufri\u00f3 importantes heridas.<\/p>\n<p>&nbsp;<\/p>\n<p>Seg\u00fan se inform\u00f3, se trata de <strong>Tom\u00e1s Lizer de 32 a\u00f1os y Delfina Braggio de la misma edad, los dos con domicilio en Tigre pero oriundos de Olavarr\u00eda.<\/strong><\/p>\n<p>&nbsp;<\/p>\n<blockquote><p><strong>Los dos tripulaban un Toyota SW4 que habr\u00eda sido impactado por un cami\u00f3n que provoc\u00f3 que el auto diera un violento vuelco.<\/strong> El camionero se fug\u00f3 del lugar y no socorri\u00f3 a las v\u00edctimas, y se cree que escap\u00f3 en sentido General Alvear\/Saladillo.<\/p><\/blockquote>\n<p>&nbsp;<\/p>\n<p>Por el violento vuelco,<strong> una unidad de Bomberos Voluntarios rescat\u00f3 al joven del veh\u00edculo dado que hab\u00eda quedado atrapado. Los dos fueron derivados al Hospital Capredoni de Bol\u00edvar en una ambulancia del SAME.<\/strong><\/p>\n<p>&nbsp;<\/p>\n<p><img data-recalc-dims=\"1\" loading=\"lazy\" decoding=\"async\" class=\"alignnone size-large wp-image-95090\" src=\"https:\/\/i0.wp.com\/cdnoticias.com\/wp-content\/uploads\/2023\/09\/WhatsApp-Image-2023-09-03-at-20.10.24.jpeg?resize=800%2C600&#038;ssl=1\" alt=\"\" width=\"800\" height=\"600\" srcset=\"https:\/\/i0.wp.com\/cdnoticias.com\/wp-content\/uploads\/2023\/09\/WhatsApp-Image-2023-09-03-at-20.10.24.jpeg?resize=1024%2C768&amp;ssl=1 1024w, https:\/\/i0.wp.com\/cdnoticias.com\/wp-content\/uploads\/2023\/09\/WhatsApp-Image-2023-09-03-at-20.10.24.jpeg?resize=300%2C225&amp;ssl=1 300w, https:\/\/i0.wp.com\/cdnoticias.com\/wp-content\/uploads\/2023\/09\/WhatsApp-Image-2023-09-03-at-20.10.24.jpeg?resize=768%2C576&amp;ssl=1 768w, https:\/\/i0.wp.com\/cdnoticias.com\/wp-content\/uploads\/2023\/09\/WhatsApp-Image-2023-09-03-at-20.10.24.jpeg?w=1280&amp;ssl=1 1280w\" sizes=\"auto, (max-width: 800px) 100vw, 800px\" \/><\/p>\n<p>&nbsp;<\/p>\n<p><strong>Familiares de los j\u00f3venes informaron en redes sociales que Lizer se fractur\u00f3 la s\u00e9ptima v\u00e9rtebra cervical y deber\u00e1 ser operado mientras que Braggio ser\u00e1 trasladada a Olavarr\u00eda para su seguimiento tras fracturarse tres costillas de ambos lados.<\/strong><\/p>\n<p>&nbsp;<\/p>\n<p>Actuaron en el lugar, adem\u00e1s de los servicios mencionados, efectivos de Seguridad Vial, policiales y de Defensa Civil.<\/p>\n<p>&nbsp;<\/p>\n<p><em>Fotos e informaci\u00f3n: gentileza Diario La Ma\u00f1ana de Bol\u00edvar<\/em><\/p>\n","protected":false},"excerpt":{"rendered":"<p>Un cami\u00f3n habr\u00eda chocado su auto y se dio a la fuga en sentido a General Alvear\/Saladillo. Sufrieron importantes fracturas.<\/p>\n","protected":false},"author":2,"featured_media":95091,"comment_status":"closed","ping_status":"closed","sticky":false,"template":"","format":"standard","meta":{"_jetpack_memberships_contains_paid_content":false,"footnotes":""},"categories":[14,1],"tags":[],"class_list":["post-95089","post","type-post","status-publish","format-standard","has-post-thumbnail","hentry","category-policiales","category-portada"],"jetpack_featured_media_url":"https:\/\/i0.wp.com\/cdnoticias.com\/wp-content\/uploads\/2023\/09\/WhatsApp-Image-2023-09-03-at-20.10.23.jpeg?fit=1280%2C960&ssl=1","jetpack_sharing_enabled":true,"_links":{"self":[{"href":"https:\/\/cdnoticias.com\/index.php\/wp-json\/wp\/v2\/posts\/95089","targetHints":{"allow":["GET"]}}],"collection":[{"href":"https:\/\/cdnoticias.com\/index.php\/wp-json\/wp\/v2\/posts"}],"about":[{"href":"https:\/\/cdnoticias.com\/index.php\/wp-json\/wp\/v2\/types\/post"}],"author":[{"embeddable":true,"href":"https:\/\/cdnoticias.com\/index.php\/wp-json\/wp\/v2\/users\/2"}],"replies":[{"embeddable":true,"href":"https:\/\/cdnoticias.com\/index.php\/wp-json\/wp\/v2\/comments?post=95089"}],"version-history":[{"count":0,"href":"https:\/\/cdnoticias.com\/index.php\/wp-json\/wp\/v2\/posts\/95089\/revisions"}],"wp:featuredmedia":[{"embeddable":true,"href":"https:\/\/cdnoticias.com\/index.php\/wp-json\/wp\/v2\/media\/95091"}],"wp:attachment":[{"href":"https:\/\/cdnoticias.com\/index.php\/wp-json\/wp\/v2\/media?parent=95089"}],"wp:term":[{"taxonomy":"category","embeddable":true,"href":"https:\/\/cdnoticias.com\/index.php\/wp-json\/wp\/v2\/categories?post=95089"},{"taxonomy":"post_tag","embeddable":true,"href":"https:\/\/cdnoticias.com\/index.php\/wp-json\/wp\/v2\/tags?post=95089"}],"curies":[{"name":"wp","href":"https:\/\/api.w.org\/{rel}","templated":true}]}}