{"id":95086,"date":"2023-09-03T19:30:06","date_gmt":"2023-09-03T22:30:06","guid":{"rendered":"https:\/\/www.centraldenoticias.com.ar\/?p=95086"},"modified":"2023-09-03T20:26:52","modified_gmt":"2023-09-03T23:26:52","slug":"tres-misiones-mostrar-gestion-localizar-y-polarizar","status":"publish","type":"post","link":"https:\/\/cdnoticias.com\/index.php\/2023\/09\/03\/tres-misiones-mostrar-gestion-localizar-y-polarizar\/","title":{"rendered":"Tres misiones: mostrar gesti\u00f3n, localizar y polarizar"},"content":{"rendered":"<p>La campa\u00f1a desde la gesti\u00f3n: las muestras de Wesner y las respuestas de Galli. Todos quieren polarizar con el candidato de Uni\u00f3n por la Patria. Mientras, se reordena el gabinete municipal. <!--more--><\/p>\n<hr \/>\n<p><em>Por Volver a las Fuentes, de Josefina Bargas y Alexis Grierson<\/em><\/p>\n<p>&nbsp;<\/p>\n<p><b>Mostrar gesti\u00f3n<\/b><\/p>\n<p>&nbsp;<\/p>\n<p><img data-recalc-dims=\"1\" loading=\"lazy\" decoding=\"async\" class=\"alignnone size-large wp-image-94885\" src=\"https:\/\/i0.wp.com\/cdnoticias.com\/wp-content\/uploads\/2023\/08\/WhatsApp-Image-2023-08-31-at-17.10.38.jpeg?resize=800%2C532&#038;ssl=1\" alt=\"\" width=\"800\" height=\"532\" srcset=\"https:\/\/i0.wp.com\/cdnoticias.com\/wp-content\/uploads\/2023\/08\/WhatsApp-Image-2023-08-31-at-17.10.38.jpeg?resize=1024%2C681&amp;ssl=1 1024w, https:\/\/i0.wp.com\/cdnoticias.com\/wp-content\/uploads\/2023\/08\/WhatsApp-Image-2023-08-31-at-17.10.38.jpeg?resize=300%2C200&amp;ssl=1 300w, https:\/\/i0.wp.com\/cdnoticias.com\/wp-content\/uploads\/2023\/08\/WhatsApp-Image-2023-08-31-at-17.10.38.jpeg?resize=768%2C511&amp;ssl=1 768w, https:\/\/i0.wp.com\/cdnoticias.com\/wp-content\/uploads\/2023\/08\/WhatsApp-Image-2023-08-31-at-17.10.38.jpeg?resize=272%2C182&amp;ssl=1 272w, https:\/\/i0.wp.com\/cdnoticias.com\/wp-content\/uploads\/2023\/08\/WhatsApp-Image-2023-08-31-at-17.10.38.jpeg?w=1400&amp;ssl=1 1400w\" sizes=\"auto, (max-width: 800px) 100vw, 800px\" \/><\/p>\n<p>&nbsp;<\/p>\n<p><span style=\"font-weight: 400;\">La coyuntura expone los momentos de cada uno de los candidatos: con una campa\u00f1a por ahora m\u00e1s conservadora y siguiendo los lineamientos que tuvo en las PASO, <strong>Maximiliano Wesner se muestra como dirigente de gesti\u00f3n, un lugar que le permite empalmar perfecto con su candidatura a intendente.<\/strong><\/span><\/p>\n<p>&nbsp;<\/p>\n<blockquote><p><span style=\"font-weight: 400;\">El ejemplo m\u00e1s expl\u00edcito es la reuni\u00f3n que tuvo durante la semana con funcionarios de la Provincia y autoridades de Coopelectric y la Sociedad Rural para avanzar con el financiamiento de telemedici\u00f3n para la red el\u00e9ctrica rural del Partido.\u00a0<\/span><\/p><\/blockquote>\n<p>&nbsp;<\/p>\n<p><span style=\"font-weight: 400;\">M\u00e1s all\u00e1 de los detalles y la presencia de diversos funcionarios bonaerenses, es un acercamiento expl\u00edcito entre el candidato a intendente y Coopelectric, que priorizaron la gesti\u00f3n por sobre una diferencia ideol\u00f3gica expl\u00edcita y notoria, incluso en los apoyos. <em>\u201cEl encuentro fue 100% gesti\u00f3n, el objetivo es acercar las herramientas adecuadas para cada una de las instituciones\u201d<\/em> expresaron en off a este newsletter.<\/span><\/p>\n<p>&nbsp;<\/p>\n<p><span style=\"font-weight: 400;\">\u00bfOtra foto significativa? <strong>Un nuevo paso en la historia de Industrial y sus tierras, que ya tienen la escrituraci\u00f3n en marcha.<\/strong> De hecho, participaron el director provincial de Educaci\u00f3n T\u00e9cnico Profesional, Ricardo De Gisi, el asesor Jefe de Gabinete de la DGCyE, Gustavo Alcaraz, el director provincial de Infraestructura Escolar, Juan Mart\u00edn Zabaleta, y Fernando D\u00edaz por la Subsecretar\u00eda de Infraestructura bonaerense, adem\u00e1s de Wesner, Valicenti y la concejal Mercedes Land\u00edvar, candidata a diputada.\u00a0<\/span><\/p>\n<p>&nbsp;<\/p>\n<p><span style=\"font-weight: 400;\"><strong><em>\u201cEs un ejemplo de c\u00f3mo se puede trabajar con todos los sectores\u201d<\/em><\/strong> indicaron, dando cuenta de que justamente la propuesta fue realizada por toda la comunidad educativa, desde la Cooperadora pasando por las autoridades del Colegio y el propio estudiantado representado en el Centro de Estudiantes. \u00bfLa intenci\u00f3n? Llevar, mediante un ambicioso proyecto -para una ambiciosa porci\u00f3n de tierra- el<em> \u201cdesarrollo de la Industria del conocimiento\u201d.\u00a0<\/em><\/span><\/p>\n<p>&nbsp;<\/p>\n<p><span style=\"font-weight: 400;\">Adem\u00e1s, y en varias actividades \u201cno comunicadas\u201d <strong>Wesner tuvo encuentros con sectores de diversa \u00edndole local, incluso \u201cmuchos que est\u00e1n lejos de pensar ideol\u00f3gicamente como Uni\u00f3n por la Patria pero que creen en el proyecto de Maxi\u201d<\/strong> cerr\u00f3 la fuente consultada.<\/span><\/p>\n<p>&nbsp;<\/p>\n<p><span style=\"font-weight: 400;\">Todo esto pudo verse reflejado en la \u201cfoto de la unidad\u201d del s\u00e1bado, con la particularidad de que <strong>no fue una foto pol\u00edtica formal sino que se mostraron en la salida por dos barrios del equipo y la militancia de Wesner para llevar su propuesta de gobierno.<\/strong><\/span><\/p>\n<p>&nbsp;<\/p>\n<p><img data-recalc-dims=\"1\" loading=\"lazy\" decoding=\"async\" class=\"alignnone size-large wp-image-95036\" src=\"https:\/\/i0.wp.com\/cdnoticias.com\/wp-content\/uploads\/2023\/09\/WhatsApp-Image-2023-09-02-at-13.47.27.jpeg?resize=800%2C532&#038;ssl=1\" alt=\"\" width=\"800\" height=\"532\" srcset=\"https:\/\/i0.wp.com\/cdnoticias.com\/wp-content\/uploads\/2023\/09\/WhatsApp-Image-2023-09-02-at-13.47.27.jpeg?resize=1024%2C681&amp;ssl=1 1024w, https:\/\/i0.wp.com\/cdnoticias.com\/wp-content\/uploads\/2023\/09\/WhatsApp-Image-2023-09-02-at-13.47.27.jpeg?resize=300%2C200&amp;ssl=1 300w, https:\/\/i0.wp.com\/cdnoticias.com\/wp-content\/uploads\/2023\/09\/WhatsApp-Image-2023-09-02-at-13.47.27.jpeg?resize=768%2C511&amp;ssl=1 768w, https:\/\/i0.wp.com\/cdnoticias.com\/wp-content\/uploads\/2023\/09\/WhatsApp-Image-2023-09-02-at-13.47.27.jpeg?resize=272%2C182&amp;ssl=1 272w, https:\/\/i0.wp.com\/cdnoticias.com\/wp-content\/uploads\/2023\/09\/WhatsApp-Image-2023-09-02-at-13.47.27.jpeg?w=1400&amp;ssl=1 1400w\" sizes=\"auto, (max-width: 800px) 100vw, 800px\" \/><\/p>\n<p>&nbsp;<\/p>\n<p><span style=\"font-weight: 400;\">Tras varias reuniones desde las PASO hasta ac\u00e1, tanto <strong>Hern\u00e1n Parra como Eduardo Rodr\u00edguez se encolumnaron atr\u00e1s de Wesner para militar la campa\u00f1a y hacer valer el \u201cgana sigue, pierde acompa\u00f1a\u201d de forma m\u00e1s saludable.<\/strong> Varios dirigentes de los dos sectores, incluso, no disimularon para nada la conformidad de ahora estar dentro del espacio que encabeza el candidato a intendente del peronismo.<\/span><\/p>\n<p>&nbsp;<\/p>\n<p><span style=\"font-weight: 400;\">Hasta con coincidencia de camperas (\u00a1las tres id\u00e9nticas!) Wesner, Rodr\u00edguez y Parra encabezaron los discursos y se mostraron junto a otros dirigentes que poco a poco comenzaron a cobrar otro valor dentro del UxP, desde concejales hasta candidatos y militantes relevantes.\u00a0<\/span><\/p>\n<p>&nbsp;<\/p>\n<p><span style=\"font-weight: 400;\">Ganar la PASO y ser el candidato m\u00e1s votado, adem\u00e1s, gener\u00f3 que\u2026<\/span><\/p>\n<p>&nbsp;<\/p>\n<p><b>Todos quieren subirse al ring de Wesner<\/b><\/p>\n<p>&nbsp;<\/p>\n<p><img data-recalc-dims=\"1\" loading=\"lazy\" decoding=\"async\" class=\"alignnone size-full wp-image-93843\" src=\"https:\/\/i0.wp.com\/cdnoticias.com\/wp-content\/uploads\/2023\/08\/galli-hilario-ezequiel.jpg?resize=800%2C445&#038;ssl=1\" alt=\"\" width=\"800\" height=\"445\" srcset=\"https:\/\/i0.wp.com\/cdnoticias.com\/wp-content\/uploads\/2023\/08\/galli-hilario-ezequiel.jpg?w=1000&amp;ssl=1 1000w, https:\/\/i0.wp.com\/cdnoticias.com\/wp-content\/uploads\/2023\/08\/galli-hilario-ezequiel.jpg?resize=300%2C167&amp;ssl=1 300w, https:\/\/i0.wp.com\/cdnoticias.com\/wp-content\/uploads\/2023\/08\/galli-hilario-ezequiel.jpg?resize=768%2C427&amp;ssl=1 768w, https:\/\/i0.wp.com\/cdnoticias.com\/wp-content\/uploads\/2023\/08\/galli-hilario-ezequiel.jpg?resize=800%2C445&amp;ssl=1 800w\" sizes=\"auto, (max-width: 800px) 100vw, 800px\" \/><\/p>\n<p>&nbsp;<\/p>\n<p><span style=\"font-weight: 400;\">Hilario Galli avis\u00f3 en el inicio de la semana:<em><strong> \u201cTermin\u00f3 el recuento definitivo de Olavarr\u00eda y achicamos la diferencia con el kirchnerismo, estamos a solo 1823 votos, \u00a1menos de 3 puntos! UP 37,9 &#8211; JxC 35 &#8211; LiB 23. \u00a1A redoblar los esfuerzos!\u201d<\/strong> <\/em>dijo en la red social de una letra sola.\u00a0<\/span><\/p>\n<p>&nbsp;<\/p>\n<p><span style=\"font-weight: 400;\">Lo concreto es que si se suman las fuerzas, est\u00e1 claro que<strong> Juntos por el Cambio qued\u00f3 segundo y a tiro de Uni\u00f3n por la Patria -y de Wesner-. <em>\u201c1800 votos se juntan f\u00e1cilmente, sin ir m\u00e1s lejos es incentivar a ir a votar a la gente que no fue\u201d<\/em> dijeron desde el oficialismo a este newsletter.<\/strong><\/span><\/p>\n<p>&nbsp;<\/p>\n<p><span style=\"font-weight: 400;\">Hicieron \u00e9nfasis en que, <strong>si bien los votos no se suman de forma autom\u00e1tica, creen retener la gran mayor\u00eda de votos de quienes acompa\u00f1aron a Dalton J\u00e1uregui y Marcelo Spina<\/strong>, sus contrincantes en las PASO.<em> \u201cLa mayor\u00eda vot\u00f3 la opci\u00f3n Bullrich que ahora compartiremos boleta y todos vamos en el mismo barco, creo que la unidad nos fortalecer\u00e1\u201d<\/em> agregaron.<\/span><\/p>\n<p>&nbsp;<\/p>\n<p><img data-recalc-dims=\"1\" loading=\"lazy\" decoding=\"async\" class=\"alignnone size-large wp-image-93253\" src=\"https:\/\/i0.wp.com\/cdnoticias.com\/wp-content\/uploads\/2023\/08\/bun-galli3.jpg?resize=800%2C445&#038;ssl=1\" alt=\"\" width=\"800\" height=\"445\" srcset=\"https:\/\/i0.wp.com\/cdnoticias.com\/wp-content\/uploads\/2023\/08\/bun-galli3.jpg?resize=1024%2C570&amp;ssl=1 1024w, https:\/\/i0.wp.com\/cdnoticias.com\/wp-content\/uploads\/2023\/08\/bun-galli3.jpg?resize=300%2C167&amp;ssl=1 300w, https:\/\/i0.wp.com\/cdnoticias.com\/wp-content\/uploads\/2023\/08\/bun-galli3.jpg?resize=768%2C427&amp;ssl=1 768w, https:\/\/i0.wp.com\/cdnoticias.com\/wp-content\/uploads\/2023\/08\/bun-galli3.jpg?resize=800%2C445&amp;ssl=1 800w, https:\/\/i0.wp.com\/cdnoticias.com\/wp-content\/uploads\/2023\/08\/bun-galli3.jpg?w=1075&amp;ssl=1 1075w\" sizes=\"auto, (max-width: 800px) 100vw, 800px\" \/><\/p>\n<p>&nbsp;<\/p>\n<p><span style=\"font-weight: 400;\">Si bien a\u00fan no tuvieron la foto de unidad posterior (s\u00ed hubo el mismo d\u00eda de las PASO, el domingo por la noche) creen que un intendente<strong><em> \u201cjugando al 100% en la ciudad, interpretando el mensaje de las urnas que le llamaron la atenci\u00f3n y le pidieron que vuelva a su esencia\u201d<\/em><\/strong> podr\u00eda sumar los puntos necesarios para ganar la elecci\u00f3n.<\/span><\/p>\n<p>&nbsp;<\/p>\n<blockquote><p><span style=\"font-weight: 400;\">Varias reuniones con vecinos, una importante muestra de gesti\u00f3n e incluso, un Intendente Galli tomando decisiones importantes y que repercutieron en la agenda local.\u00a0<\/span><\/p><\/blockquote>\n<p>&nbsp;<\/p>\n<p><span style=\"font-weight: 400;\"><strong>El planteo del oficialismo es que la polarizaci\u00f3n Galli-Wesner es inevitable<\/strong>. <em>\u201cSi el escenario de 2019 se repite, Celeste Arouxet puede sostener los votos obtenidos pero no sumar m\u00e1s\u201d.<\/em> En esa lectura<strong>, el corte de boleta que tuvo la candidata de Ahora Olavarr\u00eda en comparaci\u00f3n con Javier Milei podr\u00eda sostenerse y profundizarse, y ah\u00ed aparece Galli, llevando todo a una polarizaci\u00f3n m\u00e1s \u201cextrema\u201d.<\/strong><\/span><\/p>\n<p>&nbsp;<\/p>\n<p><span style=\"font-weight: 400;\">Pero desde el espacio libertario no creen lo mismo: con una campa\u00f1a con otra interpretaci\u00f3n de base, <strong>Arouxet lo lleva al terreno de \u201ccandidatos m\u00e1s votados\u201d. Y all\u00ed sali\u00f3 segunda: <em>\u201cCeleste Arouxet es la candidata m\u00e1s competitiva para disputar la Intendencia con el kirchnerismo que fue la fuerza m\u00e1s votada en agosto\u201d<\/em> dijo Guillermo Lascano en la semana.<\/strong><\/span><\/p>\n<p>&nbsp;<\/p>\n<p><img data-recalc-dims=\"1\" loading=\"lazy\" decoding=\"async\" class=\"alignnone size-large wp-image-79156\" src=\"https:\/\/i0.wp.com\/cdnoticias.com\/wp-content\/uploads\/2023\/03\/arouxet-lascano-02.jpg?resize=800%2C445&#038;ssl=1\" alt=\"\" width=\"800\" height=\"445\" srcset=\"https:\/\/i0.wp.com\/cdnoticias.com\/wp-content\/uploads\/2023\/03\/arouxet-lascano-02-scaled.jpg?resize=1024%2C570&amp;ssl=1 1024w, https:\/\/i0.wp.com\/cdnoticias.com\/wp-content\/uploads\/2023\/03\/arouxet-lascano-02-scaled.jpg?resize=300%2C167&amp;ssl=1 300w, https:\/\/i0.wp.com\/cdnoticias.com\/wp-content\/uploads\/2023\/03\/arouxet-lascano-02-scaled.jpg?resize=768%2C427&amp;ssl=1 768w, https:\/\/i0.wp.com\/cdnoticias.com\/wp-content\/uploads\/2023\/03\/arouxet-lascano-02-scaled.jpg?resize=1536%2C855&amp;ssl=1 1536w, https:\/\/i0.wp.com\/cdnoticias.com\/wp-content\/uploads\/2023\/03\/arouxet-lascano-02-scaled.jpg?resize=2048%2C1140&amp;ssl=1 2048w, https:\/\/i0.wp.com\/cdnoticias.com\/wp-content\/uploads\/2023\/03\/arouxet-lascano-02-scaled.jpg?resize=800%2C445&amp;ssl=1 800w, https:\/\/i0.wp.com\/cdnoticias.com\/wp-content\/uploads\/2023\/03\/arouxet-lascano-02-scaled.jpg?w=1600&amp;ssl=1 1600w, https:\/\/i0.wp.com\/cdnoticias.com\/wp-content\/uploads\/2023\/03\/arouxet-lascano-02-scaled.jpg?w=2400&amp;ssl=1 2400w\" sizes=\"auto, (max-width: 800px) 100vw, 800px\" \/><\/p>\n<p>&nbsp;<\/p>\n<p><span style=\"font-weight: 400;\">Aqu\u00ed, el intento de polarizaci\u00f3n es otro. Incluso, <strong>Lascano apel\u00f3 a los votantes de Juntos por el Cambio que \u201cacompa\u00f1en la propuesta de Celeste Arouxet y la Libertad Avanza, el \u00fanico espacio en condiciones de ganarle al kirchnerismo en nuestra ciudad\u201d.<\/strong><\/span><\/p>\n<p>&nbsp;<\/p>\n<p><span style=\"font-weight: 400;\">Y en esta trampa de polarizaciones,<strong> Juntos por el Cambio apel\u00f3 al \u201cfuncionalismo\u201d de Arouxet con Uni\u00f3n por la Patria en el Concejo Deliberante para agruparlos en un \u201cson lo mismo\u201d que le permite a Galli volver a polarizar con Wesner.<\/strong> Durante el s\u00e1bado, y en voz de \u201cTano\u201d Coscia, expl\u00edcitamente dijo que Arouxet \u201ces funcional a La C\u00e1mpora dentro del Concejo Deliberante y tambi\u00e9n lo es desde su candidatura a Intendente de Olavarr\u00eda, dicen ser diferentes, pero son lo mismo\u201d.<\/span><\/p>\n<p>&nbsp;<\/p>\n<p><b>Otro candidato<\/b><\/p>\n<p>&nbsp;<\/p>\n<p><img data-recalc-dims=\"1\" loading=\"lazy\" decoding=\"async\" class=\"alignnone size-large wp-image-94976\" src=\"https:\/\/i0.wp.com\/cdnoticias.com\/wp-content\/uploads\/2023\/09\/nestorpitrola-olavarria-mestralet-fit-u-8.jpg?resize=800%2C445&#038;ssl=1\" alt=\"\" width=\"800\" height=\"445\" srcset=\"https:\/\/i0.wp.com\/cdnoticias.com\/wp-content\/uploads\/2023\/09\/nestorpitrola-olavarria-mestralet-fit-u-8.jpg?resize=1024%2C570&amp;ssl=1 1024w, https:\/\/i0.wp.com\/cdnoticias.com\/wp-content\/uploads\/2023\/09\/nestorpitrola-olavarria-mestralet-fit-u-8.jpg?resize=300%2C167&amp;ssl=1 300w, https:\/\/i0.wp.com\/cdnoticias.com\/wp-content\/uploads\/2023\/09\/nestorpitrola-olavarria-mestralet-fit-u-8.jpg?resize=768%2C427&amp;ssl=1 768w, https:\/\/i0.wp.com\/cdnoticias.com\/wp-content\/uploads\/2023\/09\/nestorpitrola-olavarria-mestralet-fit-u-8.jpg?resize=1536%2C854&amp;ssl=1 1536w, https:\/\/i0.wp.com\/cdnoticias.com\/wp-content\/uploads\/2023\/09\/nestorpitrola-olavarria-mestralet-fit-u-8.jpg?resize=800%2C445&amp;ssl=1 800w, https:\/\/i0.wp.com\/cdnoticias.com\/wp-content\/uploads\/2023\/09\/nestorpitrola-olavarria-mestralet-fit-u-8.jpg?w=1600&amp;ssl=1 1600w\" sizes=\"auto, (max-width: 800px) 100vw, 800px\" \/><\/p>\n<p>&nbsp;<\/p>\n<p><span style=\"font-weight: 400;\">Pero eso no fue todo: tal vez el principal dato que dej\u00f3 el escrutinio definitivo es que <strong>hay un cambio de candidato.<\/strong><\/span><\/p>\n<p>&nbsp;<\/p>\n<p><span style=\"font-weight: 400;\">En el Frente de Izquierda se confirm\u00f3 la victoria de Agust\u00edn Mestralet, por la lista del Partido Obrero y el MST. <strong>El sector venci\u00f3 por 29 votos: la lista \u201cUnidad de Luchadores y la Izquierda\u201d obtuvo 692 votos y se impuso a \u201cUnir y Fortalecer la Izquierda\u201d que logr\u00f3 663 sufragios.<\/strong><\/span><\/p>\n<p>&nbsp;<\/p>\n<p><span style=\"font-weight: 400;\"><em>\u201cJunto a Yessica Almeida y lxs compa\u00f1erxs candidatxs a concejales y consejeros escolares estaremos a la cabeza de la lista, llevando adelante la campa\u00f1a electoral con el perfil que venimos proponiendo: una izquierda plantada entre lxs trabajadores de Olavarr\u00eda, presente en las luchas de sus vecinxs y organizadora de sus reclamos. Desde ya, nuestra boleta en octubre integrar\u00e1 tambi\u00e9n a quienes participaron de la otra lista local del FIT-U, a quienes convocamos a sumar esfuerzos\u201d<\/em> dijo Mestralet al anunciar el resultado.<\/span><\/p>\n<p>&nbsp;<\/p>\n<p><span style=\"font-weight: 400;\">El viernes estuvo <strong>N\u00e9stor Pitrola en Olavarr\u00eda. Empez\u00f3 su campa\u00f1a para ser diputado nacional por la provincia del FIT en nuestra ciudad con una charla en la sede del Partido Obrero.<\/strong><\/span><\/p>\n<p>&nbsp;<\/p>\n<p><b>La primera promesa<\/b><\/p>\n<p>&nbsp;<\/p>\n<p><img data-recalc-dims=\"1\" loading=\"lazy\" decoding=\"async\" class=\"alignnone size-full wp-image-60598\" src=\"https:\/\/i0.wp.com\/cdnoticias.com\/wp-content\/uploads\/2022\/07\/cloacas-quiroga-galli-00.jpg?resize=800%2C445&#038;ssl=1\" alt=\"\" width=\"800\" height=\"445\" srcset=\"https:\/\/i0.wp.com\/cdnoticias.com\/wp-content\/uploads\/2022\/07\/cloacas-quiroga-galli-00.jpg?w=800&amp;ssl=1 800w, https:\/\/i0.wp.com\/cdnoticias.com\/wp-content\/uploads\/2022\/07\/cloacas-quiroga-galli-00.jpg?resize=300%2C167&amp;ssl=1 300w, https:\/\/i0.wp.com\/cdnoticias.com\/wp-content\/uploads\/2022\/07\/cloacas-quiroga-galli-00.jpg?resize=768%2C427&amp;ssl=1 768w\" sizes=\"auto, (max-width: 800px) 100vw, 800px\" \/><\/p>\n<p>&nbsp;<\/p>\n<p><span style=\"font-weight: 400;\">Galli, mientras tanto, se movi\u00f3 fuerte durante la semana y dio varios anuncios de gesti\u00f3n, incluida su primera promesa de campa\u00f1a.\u00a0<\/span><\/p>\n<p>&nbsp;<\/p>\n<p><span style=\"font-weight: 400;\">Esta semana se inform\u00f3 que ya qued\u00f3 liberado al servicio la primera etapa de extesi\u00f3 de la red de cloacas en el barrio Hip\u00f3lito Yrigoyen. <strong>Son unas 60 cuadras que, tras varios a\u00f1os de obra (empez\u00f3 en 2019) con distintos inconvenientes, ahora pueden acceder al servicio. Y adem\u00e1s, Ezequiel Galli anunci\u00f3 que, si es reelegido como intendente, har\u00e1 la segunda etapa en ese sector de la ciudad.<\/strong><\/span><\/p>\n<p>&nbsp;<\/p>\n<p><span style=\"font-weight: 400;\"><em>\u201cPudimos concluir la primera etapa de la obra de cloacas y, tal como lo hemos se\u00f1alado, vamos a realizar la segunda etapa para beneficio de miles de vecinos del barrio Hip\u00f3lito Yrigoyen\u201d,<\/em> dijo Galli. Abarcar\u00e1 Pellegrini, Urquiza, Col\u00f3n y Sarmiento.<\/span><\/p>\n<p>&nbsp;<\/p>\n<p><span style=\"font-weight: 400;\">El anuncio con las declaraciones se comunic\u00f3 por el mail de prensa de Juntos, y no por la web de la Municipalidad, lo que enfatiza la instancia de comunicaci\u00f3n de campa\u00f1a. <a href=\"https:\/\/cdnoticias.com\/index.php\/2023\/09\/01\/galli-anuncio-que-realizara-la-segunda-etapa-de-cloacas-en-el-barrio-hipolito-yrigoyen\/\" target=\"_blank\" rel=\"noopener\">El intendente expres\u00f3: \u201cnunca nos van a escuchar hacer promesas de campa\u00f1a que no podemos cumplir. Conocemos las necesidades de los vecinos, pero somos responsables a la hora de gestionar\u201d.<\/a><\/span><\/p>\n<p>&nbsp;<\/p>\n<p><span style=\"font-weight: 400;\">En rigor, <strong>esta fue la primera \u201cpromesa de campa\u00f1a\u201d de Galli.<\/strong> Previamente hab\u00eda hecho hincapi\u00e9 en la \u201ccontinuidad\u201d de la gesti\u00f3n, pero sin puntualizar en una obra en concreto.Y justamente, <strong>el hoy intendente que busca la re re ha expresado su intenci\u00f3n de destacarse en este tipo de obra.<\/strong><\/span><\/p>\n<p>&nbsp;<\/p>\n<p><b>Responder con gesti\u00f3n<\/b><\/p>\n<p>&nbsp;<\/p>\n<p><img data-recalc-dims=\"1\" loading=\"lazy\" decoding=\"async\" class=\"alignnone size-full wp-image-39503\" src=\"https:\/\/i0.wp.com\/cdnoticias.com\/wp-content\/uploads\/2021\/11\/hospital-guardia-1.jpg?resize=800%2C445&#038;ssl=1\" alt=\"\" width=\"800\" height=\"445\" srcset=\"https:\/\/i0.wp.com\/cdnoticias.com\/wp-content\/uploads\/2021\/11\/hospital-guardia-1.jpg?w=800&amp;ssl=1 800w, https:\/\/i0.wp.com\/cdnoticias.com\/wp-content\/uploads\/2021\/11\/hospital-guardia-1.jpg?resize=300%2C167&amp;ssl=1 300w, https:\/\/i0.wp.com\/cdnoticias.com\/wp-content\/uploads\/2021\/11\/hospital-guardia-1.jpg?resize=768%2C427&amp;ssl=1 768w\" sizes=\"auto, (max-width: 800px) 100vw, 800px\" \/><\/p>\n<p>&nbsp;<\/p>\n<p><span style=\"font-weight: 400;\">Despu\u00e9s del resultado adverso en las PASO, la intenci\u00f3n del oficialismo ha sido \u201cescuchar el mensaje de las urnas\u201d y responder en t\u00e9rminos de lo que interpretaron como \u201cdemandas de gesti\u00f3n\u201d. <strong>Y en eso, el Hospital (y la salud) ha sido un gran eje de medidas.<\/strong><\/span><\/p>\n<p>&nbsp;<\/p>\n<p><span style=\"font-weight: 400;\">En la edici\u00f3n anterior ya hablamos de lo que fueron los anuncios de la llegada del secretario de Gobierno al Hospital y las modificaciones en el sistema de turnos con el chatbot. Acerca de lo sucedido, se inform\u00f3 que durante agosto \u201cse brindaron, en total, 44.247 turnos para las diferentes atenciones de los vecinos del Partido de Olavarr\u00eda: 33.016 en el Hospital Municipal y 11.231 en diferentes Centros de Atenci\u00f3n Primaria de la Salud y Hospitales de la zona. A diferencia del mes de julio, en el que el sistema del ChatBot no pudo gestionar respuesta en 1432 ocasiones, el n\u00famero de agosto fue 1079, lo que representa una disminuci\u00f3n del 25%\u201d.<\/span><\/p>\n<p><span style=\"font-weight: 400;\">\u00a0<\/span><\/p>\n<blockquote><p><span style=\"font-weight: 400;\">Adem\u00e1s durante la semana se emitieron informes sobre la reparaci\u00f3n del equipo de Rayos y sobre el funcionamiento del Laboratorio.<\/span><\/p><\/blockquote>\n<p>&nbsp;<\/p>\n<p><span style=\"font-weight: 400;\">A esto debe sumarse <strong>otra decisi\u00f3n comunicada durante la semana: la gratuidad de la atenci\u00f3n para los usuarios de los carnet condici\u00f3n 2 y 3 del Hospital. Son unas 22 mil personas incluidas en esta medida que rige desde el 1\u00ba de septiembre.<\/strong><\/span><\/p>\n<p>&nbsp;<\/p>\n<p><span style=\"font-weight: 400;\">Ezequiel Galli comunic\u00f3 la decisi\u00f3n a trav\u00e9s de un video publicado en sus redes sociales en la ma\u00f1ana del viernes donde se mostraba junto a Germ\u00e1n Caputo en el Hospital<strong>. La argument\u00f3 en la<\/strong><\/span><strong> \u201ccrisis econ\u00f3mica profunda\u201d que atraviesa el pa\u00eds.<\/strong><\/p>\n<p>&nbsp;<\/p>\n<p><span style=\"font-weight: 400;\">No se detall\u00f3 el plazo de extensi\u00f3n de la medida. En la previa, <strong>Volver a las Fuentes pudo saber que se analizaba una aplicaci\u00f3n por seis meses.<\/strong> A esto lo se\u00f1alamos, porque tambi\u00e9n fue la semana de los anuncios del ministro de Econom\u00eda y candidato presidencial, Sergio Massa, y en ese caso el lapso anunciado -incluyendo el congelamiento de precios de medicamentos y tarifas de medicina prepaga- es de tres meses.\u00a0<\/span><\/p>\n<p>&nbsp;<\/p>\n<p><b>La Provincia levant\u00f3 la mano\u00a0<\/b><\/p>\n<p>&nbsp;<\/p>\n<p><img data-recalc-dims=\"1\" loading=\"lazy\" decoding=\"async\" class=\"alignnone size-large wp-image-77215\" src=\"https:\/\/i0.wp.com\/cdnoticias.com\/wp-content\/uploads\/2023\/02\/Salud-Visita-Ministro-Kreplak-2-scaled-1.jpg?resize=800%2C534&#038;ssl=1\" alt=\"\" width=\"800\" height=\"534\" srcset=\"https:\/\/i0.wp.com\/cdnoticias.com\/wp-content\/uploads\/2023\/02\/Salud-Visita-Ministro-Kreplak-2-scaled-1.jpg?resize=1024%2C684&amp;ssl=1 1024w, https:\/\/i0.wp.com\/cdnoticias.com\/wp-content\/uploads\/2023\/02\/Salud-Visita-Ministro-Kreplak-2-scaled-1.jpg?resize=300%2C201&amp;ssl=1 300w, https:\/\/i0.wp.com\/cdnoticias.com\/wp-content\/uploads\/2023\/02\/Salud-Visita-Ministro-Kreplak-2-scaled-1.jpg?resize=768%2C513&amp;ssl=1 768w, https:\/\/i0.wp.com\/cdnoticias.com\/wp-content\/uploads\/2023\/02\/Salud-Visita-Ministro-Kreplak-2-scaled-1.jpg?resize=1536%2C1027&amp;ssl=1 1536w, https:\/\/i0.wp.com\/cdnoticias.com\/wp-content\/uploads\/2023\/02\/Salud-Visita-Ministro-Kreplak-2-scaled-1.jpg?resize=2048%2C1369&amp;ssl=1 2048w, https:\/\/i0.wp.com\/cdnoticias.com\/wp-content\/uploads\/2023\/02\/Salud-Visita-Ministro-Kreplak-2-scaled-1.jpg?resize=272%2C182&amp;ssl=1 272w, https:\/\/i0.wp.com\/cdnoticias.com\/wp-content\/uploads\/2023\/02\/Salud-Visita-Ministro-Kreplak-2-scaled-1.jpg?w=1600&amp;ssl=1 1600w, https:\/\/i0.wp.com\/cdnoticias.com\/wp-content\/uploads\/2023\/02\/Salud-Visita-Ministro-Kreplak-2-scaled-1.jpg?w=2400&amp;ssl=1 2400w\" sizes=\"auto, (max-width: 800px) 100vw, 800px\" \/><\/p>\n<p>&nbsp;<\/p>\n<p><span style=\"font-weight: 400;\">Despu\u00e9s de que Galli hiciera el anuncio de beneficio para usuarios del Hospital, q<strong>uien respondi\u00f3 fue el ministro de Salud de la Provincia, Nicol\u00e1s Kreplak.<\/strong> Dej\u00f3 asentado que la Provincia pidi\u00f3 el cese de cobro por el acceso a la salud en base a que hay un financiamiento a trav\u00e9s de la coparticipaci\u00f3n.<\/span><\/p>\n<p>&nbsp;<\/p>\n<p><span style=\"font-weight: 400;\">Kreplak inform\u00f3 que desde el Ministerio de Salud <a href=\"https:\/\/twitter.com\/nkreplak\/status\/1697736754776756360\" target=\"_blank\" rel=\"noopener\">\u201cnotificamos hace tres meses a Olavarr\u00eda para que interrumpa el cobro por el acceso a la salud y lo siguen haciendo. Es inadmisible\u201d.\u00a0<\/a><\/span><\/p>\n<p>&nbsp;<\/p>\n<p><span style=\"font-weight: 400;\">Denunci\u00f3, a su vez, que \u201ca\u00fan hay gente con deudas por atenciones\u201d y que \u201cel hospital p\u00fablico ya est\u00e1 financiado por la coparticipaci\u00f3n provincial\u201d.\u00a0<\/span><strong>\u201cNo debe cobrar\u201d cerr\u00f3 el funcionario de Axel Kicillof.<\/strong><\/p>\n<p>&nbsp;<\/p>\n<p><span style=\"font-weight: 400;\">El Municipio respondi\u00f3 a trav\u00e9s de Hilario Galli <\/span><span style=\"font-weight: 400;\">\u00a0<a href=\"https:\/\/twitter.com\/HilarioGalli\/status\/1697775460887753060\" target=\"_blank\" rel=\"noopener\">y reiter\u00f3 sus quejas por la baja en el coeficiente de reparto de la coparticipaci\u00f3n (CUD). Se\u00f1al\u00f3 que Olavarr\u00eda lleva tres a\u00f1os de baja consecutiva del CUD. La \u00faltima, dijo, es \u201cinexplicable\u201d.<\/a> Ac\u00e1 abramos un asterisco: no hubo exactamente tres a\u00f1os consecutivos de baja y desde 2014 hasta ahora, s\u00f3lo dos a\u00f1os fueron de aumento<a href=\"https:\/\/cdnoticias.com\/index.php\/2023\/01\/02\/nueva-caida-en-la-coparticipacion-para-olavarria\/\" target=\"_blank\" rel=\"noopener\"> (ac\u00e1 el detalle).<\/a><\/span><\/p>\n<p>&nbsp;<\/p>\n<blockquote><p><span style=\"font-weight: 400;\">Present\u00f3 los n\u00fameros de consultas recibidas, egresos de pacientes y porcentaje de ocupaci\u00f3n en el sistema de salud municipal, cifras crecientes de 2020 en adelante. \u201cA\u00fan as\u00ed, la participaci\u00f3n de salud en el CUD global en dichos periodos fue de 44,63% en 2021, 40,5% en 2022 y 37,7% en 2023\u201d esta \u00faltima fue catalogada como una \u201cinexplicable ca\u00edda\u201d.<\/span><\/p><\/blockquote>\n<p>&nbsp;<\/p>\n<p><span style=\"font-weight: 400;\">El secretario de Gobierno agreg\u00f3 que en 2022 <em>\u201cnos ingresaron $1.548M en concepto de CUD salud, y al 31 de julio de este a\u00f1o s\u00f3lo $1.361M\u201d.<\/em> <strong>Con ello reiter\u00f3 el reclamo que ha venido haciendo el intendente en lo que interpreta que la coparticipaci\u00f3n provincial baja, a pesar de que en montos se mantenga en alza: es que no equipara el porcentaje de inflaci\u00f3n.<\/strong> \u201cRepresenta s\u00f3lo un 51% de aumento, cuando en igual per\u00edodo la inflaci\u00f3n acumulada representa un 60,2% (sin contar el 41,27% de aumento en las prestaciones)\u201d se quej\u00f3 Hilario Galli.<\/span><\/p>\n<p>&nbsp;<\/p>\n<blockquote><p><span style=\"font-weight: 400;\">\u201cSer\u00eda interesante que el Ministro le cuente a los olavarrienses por qu\u00e9 a pesar de haber aumentado sistem\u00e1ticamente las prestaciones sanitarias municipales (IOMA y PAMI retir\u00e1ndose del privado), el dinero que llega por coparticipaci\u00f3n cada vez es menor\u201d dijo. Finalmente acus\u00f3 a Kreplak de emitir \u201crelatos sin contenido\u201d.<\/span><\/p><\/blockquote>\n<p>&nbsp;<\/p>\n<p><span style=\"font-weight: 400;\">Despu\u00e9s de su intervenci\u00f3n, <a href=\"https:\/\/twitter.com\/LeticiaCeriani\/status\/1697978092629688612\" target=\"_blank\" rel=\"noopener\">desde el Ministerio de Salud hubo m\u00e1s expresiones. Fue la subsecretaria de Gesti\u00f3n de la Informaci\u00f3n, Leticia Ceriani,<\/a> quien le contest\u00f3 al funcionario local. Busc\u00f3 explicar c\u00f3mo se reparte la coparticipaci\u00f3n provincial. \u201cSi Olavarr\u00eda mejor\u00f3 los rendimientos pero otros mejoraron m\u00e1s: va a bajar. No se expongan m\u00e1s, si algo no gusta cambien la ley, pero dejen de cobrar por la salud p\u00fablica\u201d expres\u00f3 la funcionaria.\u00a0<\/span><\/p>\n<p>&nbsp;<\/p>\n<p><span style=\"font-weight: 400;\"><strong>Si bien Kreplak dijo que hubo un planteo hace tres meses, es la primera vez que se pronuncia p\u00fablicamente sobre el tema y la situaci\u00f3n ha representado una instancia novedosa en esta etapa de la campa\u00f1a<\/strong>. Es que hasta ahora, el oficialismo ha apostado por la localizaci\u00f3n de los temas, s\u00f3lo cortado por se\u00f1alamientos a la situaci\u00f3n econ\u00f3mica y cr\u00edticas al Gobierno nacional en algunas ocasiones.<strong> Incluso esa postura se tradujo en los \u00faltimos carteles colocados en la v\u00eda p\u00fablica donde s\u00f3lo se menciona \u201cEzequiel Galli Intendente. Juntos por el Cambio\u201d.<\/strong><\/span><\/p>\n<p>&nbsp;<\/p>\n<p><span style=\"font-weight: 400;\">En este caso,<strong> es alto el contraste con la carteler\u00eda de la campa\u00f1a a las PASO donde tambi\u00e9n se mencionaban los precandidatos Santilli y Larreta.<\/strong><\/span><\/p>\n<p>&nbsp;<\/p>\n<p><span style=\"font-weight: 400;\">En tanto, en la semana -despu\u00e9s de conocido el escrutinio definitivo-<strong> Ezequiel Galli estuvo con el candidato a gobernador, N\u00e9stor Grindetti, en Lanus junto al resto de los candidatos a intendentes del Pro donde delinearon aspectos de la campa\u00f1a provincial.<\/strong> \u201cTenemos los valores, las convicciones y, sobre todo, los mejores equipos para llevar adelante las transformaciones que necesitan la provincia de Buenos Aires y la Argentina\u201d concluy\u00f3 Galli.<\/span><\/p>\n<p>&nbsp;<\/p>\n<p><span style=\"font-weight: 400;\">Y algo de eso hubo en el plano local. Fue a inicios de la semana, muy lejos del ya mencionado pronunciamiento de Coscia.<strong> El candidato a diputado provincial, Mart\u00edn Endere, hab\u00eda expresado que \u201ces importante resaltar quien tiene equipo para gobernar y quien no lo tiene. Esto se traslada a lo nacional, lo provincial y lo local. Ac\u00e1 en Olavarr\u00eda hay un gran equipo, con la experiencia necesaria para afrontar a\u00f1os dif\u00edciles que son consecuencia del desastre del kirchenrismo\u201d.<\/strong><\/span><\/p>\n<p>&nbsp;<\/p>\n<p><b>Reordenando el ajedrez<\/b><\/p>\n<p>&nbsp;<\/p>\n<p><img data-recalc-dims=\"1\" loading=\"lazy\" decoding=\"async\" class=\"alignnone size-full wp-image-93965\" src=\"https:\/\/i0.wp.com\/cdnoticias.com\/wp-content\/uploads\/2023\/08\/inscripcion-lotes-01-sponer-robbiani.jpg?resize=800%2C445&#038;ssl=1\" alt=\"\" width=\"800\" height=\"445\" srcset=\"https:\/\/i0.wp.com\/cdnoticias.com\/wp-content\/uploads\/2023\/08\/inscripcion-lotes-01-sponer-robbiani.jpg?w=800&amp;ssl=1 800w, https:\/\/i0.wp.com\/cdnoticias.com\/wp-content\/uploads\/2023\/08\/inscripcion-lotes-01-sponer-robbiani.jpg?resize=300%2C167&amp;ssl=1 300w, https:\/\/i0.wp.com\/cdnoticias.com\/wp-content\/uploads\/2023\/08\/inscripcion-lotes-01-sponer-robbiani.jpg?resize=768%2C427&amp;ssl=1 768w\" sizes=\"auto, (max-width: 800px) 100vw, 800px\" \/><\/p>\n<p>&nbsp;<\/p>\n<p><span style=\"font-weight: 400;\">El \u00faltimo d\u00eda de agosto renunci\u00f3<strong> Diego Robbiani a la Secretar\u00eda de Desarrollo Humano y Calidad de Vida municipal.<\/strong> Tras ocho a\u00f1os de integrar el gabinete de Ezequiel Galli dej\u00f3 el cargo. &#8220;Cada ma\u00f1ana, tarde y noche fueron dedicadas a cumplir con mi labor. Una actividad de 24 horas que requiere de enorme esfuerzo, y que, en cada segundo, realic\u00e9 con planificaci\u00f3n, pasi\u00f3n, honestidad y resultados. Es momento de dar un paso al costado, es momento de nuevos desaf\u00edos\u201d expres\u00f3 en sus redes Robbiani.<\/span><\/p>\n<p>&nbsp;<\/p>\n<blockquote><p><span style=\"font-weight: 400;\">Defini\u00f3 su salida como \u201cuna decisi\u00f3n dif\u00edcil, pero s\u00e9 que es lo mejor para todos; lo colectivo debe estar por encima de lo personal y es momento de confirmarlo con hechos\u201d. Hasta ahora no se conoci\u00f3 reemplazante.<\/span><\/p><\/blockquote>\n<p>&nbsp;<\/p>\n<p><span style=\"font-weight: 400;\">Fueron varios los porotos en contra que cosech\u00f3 el ahora ex funcionario. <strong>En los \u00faltimos meses, el \u00e1rea de Roobiani hab\u00eda quedado se\u00f1alada por presunto desv\u00edo de fondos con las tarjetas alimentarias y previamente \u00e9l mismo termin\u00f3 declarando en la causa terrenos en la que est\u00e1 imputado un asesor de la secretar\u00eda.<\/strong><\/span><\/p>\n<p>&nbsp;<\/p>\n<p><span style=\"font-weight: 400;\">Ahora, \u00bffue sorpresiva la renuncia? <strong>Por un lado, hasta pocas horas antes de su salida, Robbiani encabez\u00f3 reuniones y mantuvo sus actividades habituales. Incluso, la semana anterior hab\u00eda estado al lado de Ezequiel Galli en el lanzamiento de la inscripci\u00f3n para el programa Lote.Ar y recibi\u00f3 a los vecinos que reclaman por viviendas.<\/strong> Sin embargo, supimos que era esperada ya que <strong>las opiniones negativas sobre el funcionario, incluso en la misma militancia oficialista, hac\u00edan prever ese final.<\/strong> No obstante, hay que decir tambi\u00e9n, que la publicaci\u00f3n de Robbiani en redes tuvo varias respuestas de valoraci\u00f3n por la decisi\u00f3n por parte de otros funcionarios del gabinete.<\/span><\/p>\n<p>&nbsp;<\/p>\n<p><span style=\"font-weight: 400;\">Pero, <strong>\u00bfrenunci\u00f3 o le pidieron la renuncia? Esto es lo m\u00e1s llamativo del caso. Robbiani no us\u00f3 la palabra renuncia al dar a conocer su alejamiento y la reemplaz\u00f3 por otras expresiones.<\/strong> \u00bfFue s\u00f3lo una casualidad? No parece en este \u00e1mbito y menos a dos semanas de las PASO, pero no tenemos muchos elementos para dar respuestas.<\/span><\/p>\n<p>&nbsp;<\/p>\n<p><span style=\"font-weight: 400;\">Y hubo m\u00e1s novedades. A esto lo hab\u00edamos adelantado en la edici\u00f3n anterior: <strong>Galli decidi\u00f3 desplazar de sus cargos a seis directores municipales y asesores.<\/strong> El m\u00e1s resonante es el de Agustina Marino, quien dej\u00f3 el \u00e1rea de Gesti\u00f3n Cultural. Adem\u00e1s, dejaron de ser directores Natalia Paz (Autoridad de Registro de Firma Digital), Florencia Guarino (Estad\u00edsticas y Estrategia Productiva), Dami\u00e1n Alcobedo (Administrativo en Bromatolog\u00eda), Melina N\u00fa\u00f1ez Ruviera (asesora del Departamento Ejecutivo) y Mar\u00eda Feijoo (asesora en Gesti\u00f3n de RRHH).<\/span><\/p>\n<p>&nbsp;<\/p>\n<blockquote><p><span style=\"font-weight: 400;\">Quienes integraban la planta de empleados volvieron a sus puestos de base. Es una suerte de achicamiento de la planta jer\u00e1rquica, pero parece que hubo otros condimentos.\u00a0<\/span><\/p><\/blockquote>\n<p>&nbsp;<\/p>\n<p><span style=\"font-weight: 400;\">Los expuso Agustina Marino quien en respuesta a su salida de la direcci\u00f3n denunci\u00f3 que se bas\u00f3 en \u201cintereses, militancia y aportes\u201d y no por \u201cconocimiento t\u00e9cnico y la gesti\u00f3n\u201d. Adem\u00e1s cuestion\u00f3 la forma en que se enter\u00f3 del desplazamiento:<em> \u201cno es grave la baja del cargo sino las formas anti\u00e9ticas e inhumanas, sin respeto por la identidad, la historia y el trabajo realizado\u201d<\/em> dijo.<\/span><\/p>\n<p>&nbsp;<\/p>\n<p><span style=\"font-weight: 400;\">Durante la semana circul\u00f3<strong> un comunicado de la &#8220;comunidad art\u00edstica de Olavarr\u00eda&#8221; que, sin firmas, apoy\u00f3 a Agustina Marino y destac\u00f3 su gesti\u00f3n.<\/strong><\/span><\/p>\n<p>&nbsp;<\/p>\n<p><span style=\"font-weight: 400;\">Ahora, volvamos al corrimiento de seis funcionarios: \u00bftuvo que ver con la campa\u00f1a? \u00bfTuvo que ver con el resultado de las PASO? Las palabras de Marino resonaron y dejaron en duda las intenciones de este accionar. \u00bfHabr\u00e1 m\u00e1s salidas en el Ejecutivo? Lo \u00fanico que tenemos son dudas. <strong>En ese marco, recordemos que la semana pasada desde el HCD, Uni\u00f3n por la Patria busc\u00f3 cuestionar la cantidad de asesores contratados por el Ejecutivo en el primer semestre del a\u00f1o.\u00a0<\/strong><\/span><\/p>\n<p>&nbsp;<\/p>\n<p><b>Un grito a o\u00eddos sordos<\/b><\/p>\n<p>&nbsp;<\/p>\n<p><img data-recalc-dims=\"1\" loading=\"lazy\" decoding=\"async\" class=\"alignnone size-large wp-image-94790\" src=\"https:\/\/i0.wp.com\/cdnoticias.com\/wp-content\/uploads\/2023\/08\/movili4.jpg?resize=800%2C445&#038;ssl=1\" alt=\"\" width=\"800\" height=\"445\" srcset=\"https:\/\/i0.wp.com\/cdnoticias.com\/wp-content\/uploads\/2023\/08\/movili4.jpg?resize=1024%2C570&amp;ssl=1 1024w, https:\/\/i0.wp.com\/cdnoticias.com\/wp-content\/uploads\/2023\/08\/movili4.jpg?resize=300%2C167&amp;ssl=1 300w, https:\/\/i0.wp.com\/cdnoticias.com\/wp-content\/uploads\/2023\/08\/movili4.jpg?resize=768%2C427&amp;ssl=1 768w, https:\/\/i0.wp.com\/cdnoticias.com\/wp-content\/uploads\/2023\/08\/movili4.jpg?resize=800%2C445&amp;ssl=1 800w, https:\/\/i0.wp.com\/cdnoticias.com\/wp-content\/uploads\/2023\/08\/movili4.jpg?w=1152&amp;ssl=1 1152w\" sizes=\"auto, (max-width: 800px) 100vw, 800px\" \/><\/p>\n<p>&nbsp;<\/p>\n<p><span style=\"font-weight: 400;\">Los gritos de familiares, dirigentes y la sociedad toda que dicen \u201cparen de matarnos\u201d <strong>no pueden hacernos perder de vista la grav\u00edsima y preocupante situaci\u00f3n que atraviesa el Poder Judicial en Olavarr\u00eda, no s\u00f3lo en las dependencias bajo la \u00f3rbita de la Suprema Corte de Justicia sino tambi\u00e9n del Ministerio P\u00fablico Fiscal.\u00a0<\/strong><\/span><\/p>\n<p>&nbsp;<\/p>\n<p><span style=\"font-weight: 400;\">Thiago en enero de este llam\u00f3 al 911 para pedir ayuda ante lo que para \u00e9l era un hecho de violencia. La polic\u00eda fue, el dispositivo se concret\u00f3. D\u00edas despu\u00e9s Sandra tuvo una entrevista en el Juzgado de Familia N\u00b0 1 de Olavarr\u00eda. Fue por tel\u00e9fono y la perito que la entrevist\u00f3 seguramente no conoc\u00eda el contexto ni la forma en la que viv\u00edan la mujer y su hijo adolescente. Por miedo o por lo que haya sido, Sandra neg\u00f3 que los hechos de violencia que denunci\u00f3 su hijo hayan sido ciertos. La funcionaria judicial que actuaba de intermediaria, colg\u00f3 el tel\u00e9fono y escribi\u00f3 que Sandra no quer\u00eda medidas judiciales. No fue m\u00e1s all\u00e1, ah\u00ed se qued\u00f3. <strong>Y ese informe fue fundamental para que quien subrogaba el Juzgado de Familia N\u00b0 1 en plena feria desestimara la denuncia. \u00bfLos cr\u00edmenes se podr\u00edan haber evitado? Pensarlo ser\u00eda contraf\u00e1ctico.<\/strong><\/span><\/p>\n<p>&nbsp;<\/p>\n<p><span style=\"font-weight: 400;\">Para entender la coyuntura debemos tener un poco de contexto:<strong> Santiago Arrondo es el \u00fanico juez de Familia que est\u00e1 nombrado en Olavarr\u00eda. En \u00e9l recae la conducci\u00f3n de los dos Juzgados de Familia. Ambas dependencias tienen distinto plantel de empleados y, como todo en la vida, hay distintos criterios de trabajo, aunque haya un mismo juez.<\/strong> Arrondo no era el juez natural del Juzgado 1, ni lo es hoy. Pese a los a\u00f1os a\u00fan no se puede abrir el concurso para reemplazar al destituido Claudio Garc\u00eda.\u00a0<\/span><\/p>\n<p>&nbsp;<\/p>\n<p><span style=\"font-weight: 400;\">\u00bfQu\u00e9 sucede en este caso? <strong>La Suprema Corte no lo puede hacer porque el ex juez \u201capel\u00f3\u201d la decisi\u00f3n del Jury que lo sac\u00f3 de su cargo. Hasta que ese \u201cvericueto\u201d judicial y procesal se resuelva no habr\u00e1 un Juez natural y \u201ctitular\u201d sentado en el asiento del Juzgado N\u00b01. Sobre este tema hay un peculiar silencio, que ni siquiera se logra romper con el grito de \u201cNi una menos\u201d.<\/strong> No hay indicios ni gestiones tanto del poder pol\u00edtico como el judicial que permitan pensar que el femicidio y homicidio apurar\u00e1 el tr\u00e1mite para que nuestra ciudad tenga los dos jueces de familia. Como corresponde.<\/span><\/p>\n<p>&nbsp;<\/p>\n<p><span style=\"font-weight: 400;\">La comunicaci\u00f3n telef\u00f3nica de la perito y Sandra aquellos primeros d\u00edas de enero deja varios interrogantes:<strong> por qu\u00e9 la funcionaria judicial no fue m\u00e1s all\u00e1, por qu\u00e9 no quiso o no pudo ir m\u00e1s all\u00e1, por qu\u00e9 no indag\u00f3 y pidi\u00f3 escuchar a Thiago, etc, etc. Quiz\u00e1s esas respuestas se puedan ubicar en el plano de la necesidad de tener una fuerte conducci\u00f3n al frente del Juzgado, conducci\u00f3n que no est\u00e1 porque no hay un juez titular.<\/strong> El accionar y actuar de Arrondo, volviendo a \u00e9l, puede ser analizado, pero para que el \u00e1rbol no nos tape el bosque antes tenemos que reclamar gestiones urgentes para hacer una justicia m\u00e1s fuerte y cercana a la gente, lo \u00fanico que har\u00e1 que se revierta el desprestigio sobre ese poder del Estado.<\/span><\/p>\n<p>&nbsp;<\/p>\n<p><img data-recalc-dims=\"1\" loading=\"lazy\" decoding=\"async\" class=\"alignnone size-large wp-image-94792\" src=\"https:\/\/i0.wp.com\/cdnoticias.com\/wp-content\/uploads\/2023\/08\/movili6.jpg?resize=800%2C445&#038;ssl=1\" alt=\"\" width=\"800\" height=\"445\" srcset=\"https:\/\/i0.wp.com\/cdnoticias.com\/wp-content\/uploads\/2023\/08\/movili6.jpg?resize=1024%2C570&amp;ssl=1 1024w, https:\/\/i0.wp.com\/cdnoticias.com\/wp-content\/uploads\/2023\/08\/movili6.jpg?resize=300%2C167&amp;ssl=1 300w, https:\/\/i0.wp.com\/cdnoticias.com\/wp-content\/uploads\/2023\/08\/movili6.jpg?resize=768%2C427&amp;ssl=1 768w, https:\/\/i0.wp.com\/cdnoticias.com\/wp-content\/uploads\/2023\/08\/movili6.jpg?resize=800%2C445&amp;ssl=1 800w, https:\/\/i0.wp.com\/cdnoticias.com\/wp-content\/uploads\/2023\/08\/movili6.jpg?w=1152&amp;ssl=1 1152w\" sizes=\"auto, (max-width: 800px) 100vw, 800px\" \/><\/p>\n<p>&nbsp;<\/p>\n<blockquote><p><span style=\"font-weight: 400;\">Est\u00e1 claro que se necesita -necesitamos- jueces probos y comprometidos, pero necesitamos tambi\u00e9n que el Poder Judicial que infiere mucho en la vida (y muerte de todos) haga algo para que los cargos se cubran, los recursos existan, las condiciones edilicias sean dignas, y sobretodo quienes interact\u00faan con las v\u00edctimas se sientan que alguna vez pueden ser v\u00edctimas.<\/span><\/p><\/blockquote>\n<p>&nbsp;<\/p>\n<p><span style=\"font-weight: 400;\">Por \u00faltimo, sin \u00e1nimo de cansar y extendernos, es importante se\u00f1alar sobre las coberturas de cargos en Olavarr\u00eda y en toda la provincia que las mismas est\u00e1n atadas a decisiones pol\u00edticas. La Corte las pide, el Senado las da. <strong>\u201cDurante la administraci\u00f3n de Mar\u00eda Eugenia Vidal se acumularon vacantes\u201d, le dijo a VAF una conocedora del tema que adem\u00e1s cont\u00f3 \u201cen la gesti\u00f3n de Kicillof se duplicaron\u201d. Desde hace dos a\u00f1os el Senado se encuentra 23 a 23 un empate entre oficialistas y opositores, las vacantes de los funcionarios judiciales deben cubrirse con m\u00e1s consenso, consenso al que la pol\u00edtica hoy no llega.<\/strong> No hay humo blanco ni concordia en la comisi\u00f3n de Asuntos Constitucionales.<\/span><\/p>\n<p>&nbsp;<\/p>\n<p><strong>En memoria de Sandra, Thiago y otras v\u00edctimas se podr\u00eda hacer m\u00e1s.<\/strong><\/p>\n<p>&nbsp;<\/p>\n<p><strong>Un resumen<\/strong><\/p>\n<p>&nbsp;<\/p>\n<p>Volver a las Fuentes es un newsletter que se emite todos los domingos por la ma\u00f1ana en tu correo, en En L\u00ednea Noticias y Central de Noticias.<\/p>\n<p>&nbsp;<\/p>\n<p>Si te gusta el espacio,<a href=\"https:\/\/linktr.ee\/nhdp_valf\">\u00a0pod\u00e9s colaborar con una contribuci\u00f3n econ\u00f3mica o suscribirte\u00a0<\/a>para acompa\u00f1ar el proyecto que lleva m\u00e1s de 3 a\u00f1os de publicaciones pol\u00edticas sobre Olavarr\u00eda.<\/p>\n<p>&nbsp;<\/p>\n<p>La edici\u00f3n completa la pod\u00e9s ver\u00a0<a href=\"https:\/\/mailchi.mp\/f077b9dc9b39\/un-mensaje?e=b6c762679c\">ac\u00e1.<\/a><\/p>\n","protected":false},"excerpt":{"rendered":"<p>La campa\u00f1a desde la gesti\u00f3n: las muestras de Wesner y las respuestas de Galli. Todos quieren polarizar con el candidato<\/p>\n","protected":false},"author":2,"featured_media":95087,"comment_status":"closed","ping_status":"closed","sticky":false,"template":"","format":"standard","meta":{"_jetpack_memberships_contains_paid_content":false,"footnotes":""},"categories":[4,1],"tags":[],"class_list":["post-95086","post","type-post","status-publish","format-standard","has-post-thumbnail","hentry","category-politica","category-portada"],"jetpack_featured_media_url":"https:\/\/i0.wp.com\/cdnoticias.com\/wp-content\/uploads\/2023\/09\/371854431_17964880433626224_506123206181225489_n.jpg?fit=930%2C619&ssl=1","jetpack_sharing_enabled":true,"_links":{"self":[{"href":"https:\/\/cdnoticias.com\/index.php\/wp-json\/wp\/v2\/posts\/95086","targetHints":{"allow":["GET"]}}],"collection":[{"href":"https:\/\/cdnoticias.com\/index.php\/wp-json\/wp\/v2\/posts"}],"about":[{"href":"https:\/\/cdnoticias.com\/index.php\/wp-json\/wp\/v2\/types\/post"}],"author":[{"embeddable":true,"href":"https:\/\/cdnoticias.com\/index.php\/wp-json\/wp\/v2\/users\/2"}],"replies":[{"embeddable":true,"href":"https:\/\/cdnoticias.com\/index.php\/wp-json\/wp\/v2\/comments?post=95086"}],"version-history":[{"count":0,"href":"https:\/\/cdnoticias.com\/index.php\/wp-json\/wp\/v2\/posts\/95086\/revisions"}],"wp:featuredmedia":[{"embeddable":true,"href":"https:\/\/cdnoticias.com\/index.php\/wp-json\/wp\/v2\/media\/95087"}],"wp:attachment":[{"href":"https:\/\/cdnoticias.com\/index.php\/wp-json\/wp\/v2\/media?parent=95086"}],"wp:term":[{"taxonomy":"category","embeddable":true,"href":"https:\/\/cdnoticias.com\/index.php\/wp-json\/wp\/v2\/categories?post=95086"},{"taxonomy":"post_tag","embeddable":true,"href":"https:\/\/cdnoticias.com\/index.php\/wp-json\/wp\/v2\/tags?post=95086"}],"curies":[{"name":"wp","href":"https:\/\/api.w.org\/{rel}","templated":true}]}}