{"id":95073,"date":"2023-09-03T10:38:18","date_gmt":"2023-09-03T13:38:18","guid":{"rendered":"https:\/\/www.centraldenoticias.com.ar\/?p=95073"},"modified":"2023-09-03T17:37:18","modified_gmt":"2023-09-03T20:37:18","slug":"este-lunes-comenzara-la-inscripcion-para-los-lotes-del-programa-lote-ar","status":"publish","type":"post","link":"https:\/\/cdnoticias.com\/index.php\/2023\/09\/03\/este-lunes-comenzara-la-inscripcion-para-los-lotes-del-programa-lote-ar\/","title":{"rendered":"Este lunes comenzar\u00e1 la inscripci\u00f3n para los lotes del Programa Lote.Ar"},"content":{"rendered":"<p>Son 114 lotes con servicios que se destinar\u00e1n a familias en situaci\u00f3n vulnerable. Las obras en la chacra 398 est\u00e1n prontas a finalizar. C\u00f3mo anotarse y cu\u00e1les son los requisitos.<!--more--><\/p>\n<hr \/>\n<p>Este lunes 4 de septiembre comenzar\u00e1 el per\u00edodo de inscripci\u00f3n para el Programa Lote.Ar, que permitir\u00e1 que m\u00e1s de 100 familias olavarrienses tengan la posibilidad de acceder a un lote con servicios.<\/p>\n<p>&nbsp;<\/p>\n<p>Hace un a\u00f1o que se concret\u00f3 la articulaci\u00f3n con el Ministerio de Desarrollo Social de la Naci\u00f3n para concretar trabajos y destinar el macizo ubicado entre las calles Marquez, Dorrego, Sargento Cabral y Vicente Bah\u00eda a urbanizaci\u00f3n para viviendas sociales. Las obras que se llevan adelante en la chacra 398 est\u00e1n prontas a finalizar. El Ministerio de Desarrollo Social de la Naci\u00f3n estar\u00e1 a cargo de la adjudicaci\u00f3n.<\/p>\n<p>&nbsp;<\/p>\n<p>\u201cEs resultado de un trabajo de a\u00f1os, un trabajo que viene haciendo el Municipio desde Desarrollo Social, desde la Direcci\u00f3n de Regularizaci\u00f3n Dominial y desde Obras P\u00fablicas para que 114 familias puedan acceder a un lote, a un lote con servicios\u201d, enfatiz\u00f3 d\u00edas atr\u00e1s el intendente Ezequiel Galli, en el marco de la conferencia de prensa en la que se llev\u00f3 a cabo el anuncio.<\/p>\n<p>&nbsp;<\/p>\n<p><img data-recalc-dims=\"1\" loading=\"lazy\" decoding=\"async\" class=\"alignnone size-full wp-image-93969\" src=\"https:\/\/i0.wp.com\/cdnoticias.com\/wp-content\/uploads\/2023\/08\/anuncio-inscripcion-lotes-03.jpg?resize=800%2C445&#038;ssl=1\" alt=\"\" width=\"800\" height=\"445\" srcset=\"https:\/\/i0.wp.com\/cdnoticias.com\/wp-content\/uploads\/2023\/08\/anuncio-inscripcion-lotes-03.jpg?w=800&amp;ssl=1 800w, https:\/\/i0.wp.com\/cdnoticias.com\/wp-content\/uploads\/2023\/08\/anuncio-inscripcion-lotes-03.jpg?resize=300%2C167&amp;ssl=1 300w, https:\/\/i0.wp.com\/cdnoticias.com\/wp-content\/uploads\/2023\/08\/anuncio-inscripcion-lotes-03.jpg?resize=768%2C427&amp;ssl=1 768w\" sizes=\"auto, (max-width: 800px) 100vw, 800px\" \/><\/p>\n<p>&nbsp;<\/p>\n<h2>La inscripci\u00f3n<\/h2>\n<p>La inscripci\u00f3n se realizar\u00e1 de manera personal pero descentralizada, por lo que personal administrativo de la Municipalidad de Olavarr\u00eda estar\u00e1 durante las pr\u00f3ximas semanas en distintos Servicios Territoriales y Centros Complementarios, con el objetivo de que las personas interesadas tengan la posibilidad de concretar el tr\u00e1mite cerca de sus domicilios.<\/p>\n<p>&nbsp;<\/p>\n<p>No obstante, se aclar\u00f3 que la inscripci\u00f3n podr\u00e1 llevarse a cabo en cualquiera de los sitios y fechas que mencionar\u00e1n a continuaci\u00f3n (siempre en el horario de 7 a 13 horas):<\/p>\n<p>&nbsp;<\/p>\n<p><strong>Semana 1, del 4 al 8 de septiembre<\/strong><\/p>\n<p>Servicio Territorial N\u00b0 3 (Jard\u00edn Bel\u00e9n), del 4 al 6 de septiembre.<\/p>\n<p>Servicio Territorial N\u00b0 4 (Berutti y Rufino Fal), del 7 al 8 de septiembre<\/p>\n<p>&nbsp;<\/p>\n<p><strong>Semana 2, del 11 al 15 de septiembre<\/strong><\/p>\n<p>Servicio Territorial N\u00b0 1, NIDO El Progreso (Calle 7 y Mitre)<\/p>\n<p>&nbsp;<\/p>\n<p><strong>Semana 3, del 18 al 19 de septiembre<\/strong><\/p>\n<p>Servicio Territorial N\u00b0 2 (SUM Coronel Su\u00e1rez y Av. Alberdi)<\/p>\n<p>&nbsp;<\/p>\n<p><strong>Semana 4, del 20 al 22 de septiembre<\/strong><\/p>\n<p>Servicio Territorial Municipal N\u00b05, NIDO Villa Magdalena (Necochea y C\u00f3rdoba)<\/p>\n<p>&nbsp;<\/p>\n<p><strong>Semana 5, del 25 al 26 de septiembre<\/strong><\/p>\n<p>Lugar: CIC (SUM Barrio Facundo Quiroga II, Santa Fe 601)<\/p>\n<p>&nbsp;<\/p>\n<p><img data-recalc-dims=\"1\" loading=\"lazy\" decoding=\"async\" class=\"alignnone size-full wp-image-91375\" src=\"https:\/\/i0.wp.com\/cdnoticias.com\/wp-content\/uploads\/2023\/07\/FISU-lotes-chacra398-01.jpg?resize=800%2C445&#038;ssl=1\" alt=\"\" width=\"800\" height=\"445\" srcset=\"https:\/\/i0.wp.com\/cdnoticias.com\/wp-content\/uploads\/2023\/07\/FISU-lotes-chacra398-01.jpg?w=800&amp;ssl=1 800w, https:\/\/i0.wp.com\/cdnoticias.com\/wp-content\/uploads\/2023\/07\/FISU-lotes-chacra398-01.jpg?resize=300%2C167&amp;ssl=1 300w, https:\/\/i0.wp.com\/cdnoticias.com\/wp-content\/uploads\/2023\/07\/FISU-lotes-chacra398-01.jpg?resize=768%2C427&amp;ssl=1 768w\" sizes=\"auto, (max-width: 800px) 100vw, 800px\" \/><\/p>\n<p>&nbsp;<\/p>\n<h2>Requisitos<\/h2>\n<p>Deber\u00e1n acercarse con la siguiente documentaci\u00f3n, en lo que se enfatiz\u00f3 la obligaci\u00f3n de presentarse con el DNI de todo el grupo familiar. A quienes va dirigido:<\/p>\n<p>&nbsp;<\/p>\n<p>1- Personas f\u00edsicas de 18 a 65 a\u00f1os (inclusive) de edad, con DNI vigente.<\/p>\n<p>2- Contar con residencia de 5 a\u00f1os en el Partido de Olavarr\u00eda. Se acreditar\u00e1 dicha circunstancia con fotocopia de DNI con domicilio en el Partido. En caso de no estar actualizado el DNI, podr\u00e1 acreditar estos 5 a\u00f1os con:<\/p>\n<p>a- Constancia de servicio a su nombre (luz, agua, gas, telefon\u00eda, etc.).<\/p>\n<p>b- Comprobante de escuela: certificado de alumno regular o bolet\u00edn del grupo familiar.<\/p>\n<p>c- Comprobante de Centro de Atenci\u00f3n Primaria o cualquier otro efector de salud: copia de historia cl\u00ednica, historia social y planilla de atenci\u00f3n.<\/p>\n<p>d- Certificado de residencia emitido por la polic\u00eda.<\/p>\n<p>3- Ingreso mensual de grupo familiar conviviente entre 0 y 6 SMVM. Pueden provenir de un trabajo en la econom\u00eda popular, asalariados, pensionados, jubilados o prestaciones sociales.<\/p>\n<p>4- No poseer bienes e inmuebles registrados a su nombre al momento de inicial la inscripci\u00f3n.<\/p>\n<p>5- No haber sido adjudicatarios de programas de loteos o vivienda previamente.<\/p>\n<p>6- Habitar en una vivienda de un barrio RENABAP (no excluyente).<\/p>\n<p>&nbsp;<\/p>\n<blockquote class=\"wp-embedded-content\" data-secret=\"k7U7iBaF1n\"><p><a href=\"https:\/\/cdnoticias.com\/index.php\/2023\/08\/23\/viviendas-galli-anuncio-que-se-abrio-la-inscripcion-para-114-lotes-con-servicios\/\">Viviendas: Galli anunci\u00f3 que se abri\u00f3 la inscripci\u00f3n para 114 lotes con servicios<\/a><\/p><\/blockquote>\n<p><iframe loading=\"lazy\" class=\"wp-embedded-content\" sandbox=\"allow-scripts\" security=\"restricted\" style=\"position: absolute; clip: rect(1px, 1px, 1px, 1px);\" title=\"&#8220;Viviendas: Galli anunci\u00f3 que se abri\u00f3 la inscripci\u00f3n para 114 lotes con servicios&#8221; &#8212; Central de Noticias | Olavarr\u00eda\" src=\"https:\/\/cdnoticias.com\/index.php\/2023\/08\/23\/viviendas-galli-anuncio-que-se-abrio-la-inscripcion-para-114-lotes-con-servicios\/embed\/#?secret=dvX9oMnD5k#?secret=k7U7iBaF1n\" data-secret=\"k7U7iBaF1n\" width=\"600\" height=\"338\" frameborder=\"0\" marginwidth=\"0\" marginheight=\"0\" scrolling=\"no\"><\/iframe><\/p>\n","protected":false},"excerpt":{"rendered":"<p>Son 114 lotes con servicios que se destinar\u00e1n a familias en situaci\u00f3n vulnerable. Las obras en la chacra 398 est\u00e1n<\/p>\n","protected":false},"author":2,"featured_media":91377,"comment_status":"closed","ping_status":"closed","sticky":false,"template":"","format":"standard","meta":{"_jetpack_memberships_contains_paid_content":false,"footnotes":""},"categories":[5,1],"tags":[],"class_list":["post-95073","post","type-post","status-publish","format-standard","has-post-thumbnail","hentry","category-informacion-general","category-portada"],"jetpack_featured_media_url":"https:\/\/i0.wp.com\/cdnoticias.com\/wp-content\/uploads\/2023\/07\/FISU-lotes-chacra398-03.jpg?fit=800%2C445&ssl=1","jetpack_sharing_enabled":true,"_links":{"self":[{"href":"https:\/\/cdnoticias.com\/index.php\/wp-json\/wp\/v2\/posts\/95073","targetHints":{"allow":["GET"]}}],"collection":[{"href":"https:\/\/cdnoticias.com\/index.php\/wp-json\/wp\/v2\/posts"}],"about":[{"href":"https:\/\/cdnoticias.com\/index.php\/wp-json\/wp\/v2\/types\/post"}],"author":[{"embeddable":true,"href":"https:\/\/cdnoticias.com\/index.php\/wp-json\/wp\/v2\/users\/2"}],"replies":[{"embeddable":true,"href":"https:\/\/cdnoticias.com\/index.php\/wp-json\/wp\/v2\/comments?post=95073"}],"version-history":[{"count":0,"href":"https:\/\/cdnoticias.com\/index.php\/wp-json\/wp\/v2\/posts\/95073\/revisions"}],"wp:featuredmedia":[{"embeddable":true,"href":"https:\/\/cdnoticias.com\/index.php\/wp-json\/wp\/v2\/media\/91377"}],"wp:attachment":[{"href":"https:\/\/cdnoticias.com\/index.php\/wp-json\/wp\/v2\/media?parent=95073"}],"wp:term":[{"taxonomy":"category","embeddable":true,"href":"https:\/\/cdnoticias.com\/index.php\/wp-json\/wp\/v2\/categories?post=95073"},{"taxonomy":"post_tag","embeddable":true,"href":"https:\/\/cdnoticias.com\/index.php\/wp-json\/wp\/v2\/tags?post=95073"}],"curies":[{"name":"wp","href":"https:\/\/api.w.org\/{rel}","templated":true}]}}