{"id":95069,"date":"2023-09-03T08:59:18","date_gmt":"2023-09-03T11:59:18","guid":{"rendered":"https:\/\/www.centraldenoticias.com.ar\/?p=95069"},"modified":"2023-09-03T08:59:18","modified_gmt":"2023-09-03T11:59:18","slug":"con-gran-marco-de-publico-se-realizo-la-charla-alimentacion-consciente-y-diversidad-corporal","status":"publish","type":"post","link":"https:\/\/cdnoticias.com\/index.php\/2023\/09\/03\/con-gran-marco-de-publico-se-realizo-la-charla-alimentacion-consciente-y-diversidad-corporal\/","title":{"rendered":"Con gran marco de p\u00fablico se realiz\u00f3 la charla \u201cAlimentaci\u00f3n consciente y diversidad corporal\u201d"},"content":{"rendered":"<p>Fue dictada por la licenciada Marina Gamondi y la doctora Victoria Nogal y organizada por Coopelectric y LALCEC.<!--more--><\/p>\n<hr \/>\n<p>Ante un gran marco de p\u00fablico, la<strong> Lic. Marina Gamondi y la Dra. Victoria Nogal<\/strong>, disertaron sobre \u201cAlimentaci\u00f3n consciente y diversidad corporal\u201d. Fue en el marco del <strong>\u201cCiclo de charlas y conferencias 2023\u201d<\/strong> organizada, en esta oportunidad, de manera conjunta por <strong>Coopelectric y LALCEC<\/strong> como cierre de la campa\u00f1a de h\u00e1bitos saludables que esta \u00faltima entidad llev\u00f3 a cabo durante el mes de agosto.<\/p>\n<p>&nbsp;<\/p>\n<p>El <strong>presidente del Consejo de Administraci\u00f3n de Coopelectric Cruz Arouxet<\/strong> agradeci\u00f3 a LALCEC, a las disertantes por su compromiso con la divulgaci\u00f3n de esta tem\u00e1tica actual y luego anunci\u00f3 \u201cestamos trabajando conjuntamente para que la charla del mes de octubre est\u00e9 relacionada con la prevenci\u00f3n del c\u00e1ncer de mama\u201d.<\/p>\n<p>&nbsp;<\/p>\n<p>La alteraci\u00f3n de los h\u00e1bitos alimentarios y de las conductas de control de peso que da\u00f1an significativamente la salud y el funcionamiento psicosocial de la persona, constituyen una problem\u00e1tica ligada a nuestro tiempo. El aumento significativo de casos, la gravedad, la larga duraci\u00f3n, la tendencia a la cronificaci\u00f3n, la necesidad de tratamiento multidisciplinar y la frecuente hospitalizaci\u00f3n de las personas afectadas, lo convierte en un problema relevante de salud p\u00fablica.<\/p>\n<p>&nbsp;<\/p>\n<p>En ese sentido, las profesionales de la salud destacaron que la alimentaci\u00f3n va mucho m\u00e1s a all\u00e1 de lo que comemos, es fundamental para mantener la salud y poder desarrollar plenamente nuestras vidas. Resulta imprescindible<strong> ser conscientes de lo que estamos consumiendo diariamente y ser libres de elegir qu\u00e9 alimentos ofrecerle a nuestro cuerpo, para poder lograr el m\u00e1ximo bienestar sin querer cumplir con un modelo de cuerpo hegem\u00f3nico.<\/strong><\/p>\n<p>&nbsp;<\/p>\n<p>En esa l\u00ednea, contextualizaron la problem\u00e1tica e informaron que<strong> Argentina ocupa el segundo lugar en prevalencia de trastornos alimentarios,<\/strong> que hay un aumento en la poblaci\u00f3n que tiene obesidad y sobrepeso, lo cual se observa en la poblaci\u00f3n adulta pero tambi\u00e9n en ni\u00f1os y adolescentes. \u201cEsta es una de las consecuencias de la pandemia, incluso tambi\u00e9n se ven muchos casos e hipertensi\u00f3n y diabetes en edades m\u00e1s tempranas\u201d sostuvo Marina Gamondi.<\/p>\n<p>&nbsp;<\/p>\n<p><img data-recalc-dims=\"1\" loading=\"lazy\" decoding=\"async\" class=\"alignnone size-large wp-image-95071\" src=\"https:\/\/i0.wp.com\/cdnoticias.com\/wp-content\/uploads\/2023\/09\/Charla-Coopelectric-LALCEC-01.jpeg?resize=800%2C600&#038;ssl=1\" alt=\"\" width=\"800\" height=\"600\" srcset=\"https:\/\/i0.wp.com\/cdnoticias.com\/wp-content\/uploads\/2023\/09\/Charla-Coopelectric-LALCEC-01.jpeg?resize=1024%2C768&amp;ssl=1 1024w, https:\/\/i0.wp.com\/cdnoticias.com\/wp-content\/uploads\/2023\/09\/Charla-Coopelectric-LALCEC-01.jpeg?resize=300%2C225&amp;ssl=1 300w, https:\/\/i0.wp.com\/cdnoticias.com\/wp-content\/uploads\/2023\/09\/Charla-Coopelectric-LALCEC-01.jpeg?resize=768%2C576&amp;ssl=1 768w, https:\/\/i0.wp.com\/cdnoticias.com\/wp-content\/uploads\/2023\/09\/Charla-Coopelectric-LALCEC-01.jpeg?w=1280&amp;ssl=1 1280w\" sizes=\"auto, (max-width: 800px) 100vw, 800px\" \/><\/p>\n<p>&nbsp;<\/p>\n<p>Tambi\u00e9n abordaron los nuevos paradigmas alimentarios y \u201cdietas de moda\u201d como la cetog\u00e9nica o keto y el ayuno intermitente, explicando las caracter\u00edsticas de cada una y lo que generan en el organismo.<strong> \u201cRecomendamos que las personas realicen las consultas m\u00e9dicas pertinentes para que los planes de alimentaci\u00f3n sean saludables y se ajusten a lo que cada uno necesita\u201d<\/strong> se\u00f1alaron.<\/p>\n<p>&nbsp;<\/p>\n<p>Seg\u00fan las estad\u00edsticas brindadas, en nuestro pa\u00eds <strong>el 70 % de la poblaci\u00f3n no est\u00e1 conforme con su peso corporal<\/strong> y eso tiene que ver con las redes sociales, las publicidades y los cuerpos considerados hegem\u00f3nicos. \u201cCada cuerpo es \u00fanico y singular para cada persona, pero a\u00fan as\u00ed es una construcci\u00f3n social porque nacemos y crecemos en un contexto hist\u00f3rico y cultural que nos hace creer que hay un determinado est\u00e1ndar de cuerpo para que alguien sea considerado bello y sano\u201d y luego a\u00f1adi\u00f3 \u201cla gordofobia es un fen\u00f3meno social y cultural conocido por el odio, el rechazo y las violencias que sufren las personas por el solo hecho de ser gordas. Esto se desprende del contexto en el que vivimos y no se tienen en cuenta los factores econ\u00f3micos, hist\u00f3ricos, culturales, emocionales que llevan a que las personas engorden, y mucho menos c\u00f3mo esa discriminaci\u00f3n va a repercutir en las personas de manera negativa a nivel mental, emocional y f\u00edsico\u201d.<\/p>\n<p>&nbsp;<\/p>\n<p>El INADI indica que <strong>la segunda causa de discriminaci\u00f3n en Argentina es el sobrepeso y la obesidad<\/strong>, especialmente entre j\u00f3venes de 18 y 30 a\u00f1os. \u201cEsto termina generando en las personas un sentimiento de culpa, de autorechazo y de verg\u00fcenza que impacta negativamente y muchas veces las lleva a incurrir en modas alimentarias sin tener realmente una consciencia o educaci\u00f3n sobre nuestra alimentaci\u00f3n\u201d explic\u00f3 la Dra. Nogal.<\/p>\n<p>&nbsp;<\/p>\n<p>Finalmente, las disertantes se refirieron a la alimentaci\u00f3n consciente y a los beneficios que ello genera para la poblaci\u00f3n y luego respondieron gran cantidad de consultas que fueron realizas por el p\u00fablico presente.<\/p>\n<p>&nbsp;<\/p>\n<p>Desde el Consejo de Administraci\u00f3n de Coopelectric subrayaron que<strong> \u201cse trat\u00f3 de una charla de actualidad muy enriquecedora que contribuy\u00f3 a generar conciencia sobre la alimentaci\u00f3n y la diversidad corporal. Es fundamental acceder a educaci\u00f3n alimentaria porque somos agentes multiplicadores en nuestras familias y entorno en general\u201d.<\/strong><\/p>\n","protected":false},"excerpt":{"rendered":"<p>Fue dictada por la licenciada Marina Gamondi y la doctora Victoria Nogal y organizada por Coopelectric y LALCEC.<\/p>\n","protected":false},"author":2,"featured_media":95070,"comment_status":"closed","ping_status":"closed","sticky":false,"template":"","format":"standard","meta":{"_jetpack_memberships_contains_paid_content":false,"footnotes":""},"categories":[5,1],"tags":[],"class_list":["post-95069","post","type-post","status-publish","format-standard","has-post-thumbnail","hentry","category-informacion-general","category-portada"],"jetpack_featured_media_url":"https:\/\/i0.wp.com\/cdnoticias.com\/wp-content\/uploads\/2023\/09\/Charla-Coopelectric-LALCEC-03.jpeg?fit=1600%2C1200&ssl=1","jetpack_sharing_enabled":true,"_links":{"self":[{"href":"https:\/\/cdnoticias.com\/index.php\/wp-json\/wp\/v2\/posts\/95069","targetHints":{"allow":["GET"]}}],"collection":[{"href":"https:\/\/cdnoticias.com\/index.php\/wp-json\/wp\/v2\/posts"}],"about":[{"href":"https:\/\/cdnoticias.com\/index.php\/wp-json\/wp\/v2\/types\/post"}],"author":[{"embeddable":true,"href":"https:\/\/cdnoticias.com\/index.php\/wp-json\/wp\/v2\/users\/2"}],"replies":[{"embeddable":true,"href":"https:\/\/cdnoticias.com\/index.php\/wp-json\/wp\/v2\/comments?post=95069"}],"version-history":[{"count":0,"href":"https:\/\/cdnoticias.com\/index.php\/wp-json\/wp\/v2\/posts\/95069\/revisions"}],"wp:featuredmedia":[{"embeddable":true,"href":"https:\/\/cdnoticias.com\/index.php\/wp-json\/wp\/v2\/media\/95070"}],"wp:attachment":[{"href":"https:\/\/cdnoticias.com\/index.php\/wp-json\/wp\/v2\/media?parent=95069"}],"wp:term":[{"taxonomy":"category","embeddable":true,"href":"https:\/\/cdnoticias.com\/index.php\/wp-json\/wp\/v2\/categories?post=95069"},{"taxonomy":"post_tag","embeddable":true,"href":"https:\/\/cdnoticias.com\/index.php\/wp-json\/wp\/v2\/tags?post=95069"}],"curies":[{"name":"wp","href":"https:\/\/api.w.org\/{rel}","templated":true}]}}