{"id":95053,"date":"2023-09-02T19:49:57","date_gmt":"2023-09-02T22:49:57","guid":{"rendered":"https:\/\/www.centraldenoticias.com.ar\/?p=95053"},"modified":"2023-09-03T08:35:19","modified_gmt":"2023-09-03T11:35:19","slug":"detuvieron-a-un-hombre-por-venta-de-cocaina-y-marihuana","status":"publish","type":"post","link":"https:\/\/cdnoticias.com\/index.php\/2023\/09\/02\/detuvieron-a-un-hombre-por-venta-de-cocaina-y-marihuana\/","title":{"rendered":"Detuvieron a un hombre por venta de coca\u00edna y marihuana"},"content":{"rendered":"<p>Fue tras un allanamiento de Polic\u00eda Federal en una vivienda ubicada en Hornos al 1600. Adem\u00e1s, encontraron dinero en efectivo, celulares, y una moto que se utilizar\u00eda para realizar \u201cdelivery\u201d de droga.<!--more--><\/p>\n<hr \/>\n<p>Este \u00faltimo viernes, <strong>un hombre fue detenido por personal de Polic\u00eda Federal tras allanar su domicilio y secuestrar una importante cantidad de droga destinada para la venta<\/strong>, adem\u00e1s de elementos que reforzaron la hip\u00f3tesis de los agentes que investigan el hecho.<\/p>\n<p>&nbsp;<\/p>\n<p>Seg\u00fan fue informado oficialmente, una investigaci\u00f3n de la brigada de la Divisi\u00f3n Unidad Operativa Federal local <strong>dio cuenta que en una vivienda ubicada en Hornos al 1600 se vend\u00edan estupefacientes.<\/strong><\/p>\n<p>&nbsp;<\/p>\n<p><img data-recalc-dims=\"1\" loading=\"lazy\" decoding=\"async\" class=\"alignnone size-full wp-image-95055\" src=\"https:\/\/i0.wp.com\/cdnoticias.com\/wp-content\/uploads\/2023\/09\/WhatsApp-Image-2023-09-02-at-17.48.58-1.jpeg?resize=725%2C417&#038;ssl=1\" alt=\"\" width=\"725\" height=\"417\" srcset=\"https:\/\/i0.wp.com\/cdnoticias.com\/wp-content\/uploads\/2023\/09\/WhatsApp-Image-2023-09-02-at-17.48.58-1.jpeg?w=725&amp;ssl=1 725w, https:\/\/i0.wp.com\/cdnoticias.com\/wp-content\/uploads\/2023\/09\/WhatsApp-Image-2023-09-02-at-17.48.58-1.jpeg?resize=300%2C173&amp;ssl=1 300w\" sizes=\"auto, (max-width: 725px) 100vw, 725px\" \/><\/p>\n<p>&nbsp;<\/p>\n<p>El acusado era un hombre que habitaba dicha vivienda y que se <strong>dedicar\u00eda a la comercializaci\u00f3n de drogas en ese domicilio y tambi\u00e9n mediante la modalidad \u201cdelivery\u201d.<\/strong> Todo esto motiv\u00f3 a la intervenci\u00f3n de la UFI N\u00b019 a cargo del doctor Lucas Moyano.<\/p>\n<p>&nbsp;<\/p>\n<p>Tras corroborar la figura delictiva en actuaciones a cargo del jefe de la DUOF, el comisario Adri\u00e1n Messineo, se solicit\u00f3 la orden de allanamiento en la vivienda. Fue aprobada por la titular del Juzgado de Garant\u00edas N\u00b01, Fabiana San Rom\u00e1n, el procedimiento tuvo lugar el \u00faltimo viernes.<\/p>\n<p>&nbsp;<\/p>\n<p><img data-recalc-dims=\"1\" loading=\"lazy\" decoding=\"async\" class=\"alignnone size-full wp-image-95054\" src=\"https:\/\/i0.wp.com\/cdnoticias.com\/wp-content\/uploads\/2023\/09\/WhatsApp-Image-2023-09-02-at-17.48.58.jpeg?resize=428%2C269&#038;ssl=1\" alt=\"\" width=\"428\" height=\"269\" srcset=\"https:\/\/i0.wp.com\/cdnoticias.com\/wp-content\/uploads\/2023\/09\/WhatsApp-Image-2023-09-02-at-17.48.58.jpeg?w=428&amp;ssl=1 428w, https:\/\/i0.wp.com\/cdnoticias.com\/wp-content\/uploads\/2023\/09\/WhatsApp-Image-2023-09-02-at-17.48.58.jpeg?resize=300%2C189&amp;ssl=1 300w\" sizes=\"auto, (max-width: 428px) 100vw, 428px\" \/><\/p>\n<p>&nbsp;<\/p>\n<blockquote><p>All\u00ed, se encontr\u00f3 una \u201cimportante cantidad\u201d de coca\u00edna, picadura de marihuana, dinero en efectivo, tel\u00e9fonos celulares, una moto marca Honda 250cc y otros elementos de inter\u00e9s para la causa.<\/p><\/blockquote>\n<p>&nbsp;<\/p>\n<p>El<strong> acusado qued\u00f3 detenido y alojado en la sede de la Polic\u00eda Federal <\/strong>de nuestra ciudad<strong>.<\/strong><\/p>\n","protected":false},"excerpt":{"rendered":"<p>Fue tras un allanamiento de Polic\u00eda Federal en una vivienda ubicada en Hornos al 1600. Adem\u00e1s, encontraron dinero en efectivo,<\/p>\n","protected":false},"author":2,"featured_media":95056,"comment_status":"closed","ping_status":"closed","sticky":false,"template":"","format":"standard","meta":{"_jetpack_memberships_contains_paid_content":false,"footnotes":""},"categories":[14,1],"tags":[],"class_list":["post-95053","post","type-post","status-publish","format-standard","has-post-thumbnail","hentry","category-policiales","category-portada"],"jetpack_featured_media_url":"https:\/\/i0.wp.com\/cdnoticias.com\/wp-content\/uploads\/2023\/09\/WhatsApp-Image-2023-09-02-at-17.48.59.jpeg?fit=680%2C378&ssl=1","jetpack_sharing_enabled":true,"_links":{"self":[{"href":"https:\/\/cdnoticias.com\/index.php\/wp-json\/wp\/v2\/posts\/95053","targetHints":{"allow":["GET"]}}],"collection":[{"href":"https:\/\/cdnoticias.com\/index.php\/wp-json\/wp\/v2\/posts"}],"about":[{"href":"https:\/\/cdnoticias.com\/index.php\/wp-json\/wp\/v2\/types\/post"}],"author":[{"embeddable":true,"href":"https:\/\/cdnoticias.com\/index.php\/wp-json\/wp\/v2\/users\/2"}],"replies":[{"embeddable":true,"href":"https:\/\/cdnoticias.com\/index.php\/wp-json\/wp\/v2\/comments?post=95053"}],"version-history":[{"count":0,"href":"https:\/\/cdnoticias.com\/index.php\/wp-json\/wp\/v2\/posts\/95053\/revisions"}],"wp:featuredmedia":[{"embeddable":true,"href":"https:\/\/cdnoticias.com\/index.php\/wp-json\/wp\/v2\/media\/95056"}],"wp:attachment":[{"href":"https:\/\/cdnoticias.com\/index.php\/wp-json\/wp\/v2\/media?parent=95053"}],"wp:term":[{"taxonomy":"category","embeddable":true,"href":"https:\/\/cdnoticias.com\/index.php\/wp-json\/wp\/v2\/categories?post=95053"},{"taxonomy":"post_tag","embeddable":true,"href":"https:\/\/cdnoticias.com\/index.php\/wp-json\/wp\/v2\/tags?post=95053"}],"curies":[{"name":"wp","href":"https:\/\/api.w.org\/{rel}","templated":true}]}}