{"id":95049,"date":"2023-09-02T19:14:39","date_gmt":"2023-09-02T22:14:39","guid":{"rendered":"https:\/\/www.centraldenoticias.com.ar\/?p=95049"},"modified":"2023-09-02T19:14:39","modified_gmt":"2023-09-02T22:14:39","slug":"se-realizaran-actividades-virtuales-por-la-semana-de-la-epilepsia","status":"publish","type":"post","link":"https:\/\/cdnoticias.com\/index.php\/2023\/09\/02\/se-realizaran-actividades-virtuales-por-la-semana-de-la-epilepsia\/","title":{"rendered":"Se realizar\u00e1n actividades virtuales por la Semana de la Epilepsia"},"content":{"rendered":"<p>Ser\u00e1 desde el 4 de septiembre, organizado por Espacio Epilepsia, una plataforma que informa, educa y visibiliza una problem\u00e1tica que afecta a 1 de cada 100 personas a nivel mundial.<!--more--><\/p>\n<hr \/>\n<p>Este lunes 4 de septiembre<strong> comenzar\u00e1 la Semana Latinoamericana de la Epilepsia, uno de los eventos m\u00e1s importantes para concientizar sobre esta enfermedad que afecta a 1 de cada 100 personas a nivel mundial.<\/strong><\/p>\n<p>&nbsp;<\/p>\n<p>Est\u00e1 organizado por <strong>Espacio Epilepsia<\/strong>, una plataforma digital que<strong> informa, educa y visibiliza la enfermedad, comparte informaci\u00f3n y aprovecha la oportunidad para disipar algunas dudas ante una enfermedad estigmatizada por la sociedad.<\/strong><\/p>\n<p>&nbsp;<\/p>\n<p>En esta ocasi\u00f3n, habr\u00e1 varios eventos virtuales con la participaci\u00f3n de universidades de todo el pa\u00eds, y adem\u00e1s una marat\u00f3n solidaria de la Universidad Siglo XXI.<\/p>\n<p>Los eventos virtuales ser\u00e1n los siguientes:<\/p>\n<p><span style=\"text-decoration: underline;\"><strong>Campa\u00f1a Virtual en Espacio Epilepsia Suma M\u00e1s del 4 al 9 de Septiembre<\/strong><\/span><\/p>\n<p>Del 4 al 9 de septiembre estaremos realizando una Campa\u00f1a desde nuestra red social Instagram, reflexionando sobre las peque\u00f1as acciones que podemos realizar como agentes de cambio. Tambi\u00e9n estaremos compartiendo novedades que incluyen herramientas, flyers y muchas sorpresas m\u00e1s! @espaciodeepilepsia<\/p>\n<p><span style=\"text-decoration: underline;\"><strong>Semana de la Epilepsia, del 4 al 9 de Septiembre<\/strong><\/span><\/p>\n<p>&nbsp;<\/p>\n<p>Junto a la<strong> Sociedad Neurol\u00f3gica Argentina<\/strong> estaremos participando en la Semana de la Epilepsia,, un espacio para compartir charlas en vivo junto a destacados Neur\u00f3logos\/as de Argentina.<\/p>\n<p>Fecha: Martes 5 de Septiembre a las 18.30 hs<\/p>\n<p><strong>Encuentro virtual entre Espacio Epilepsia y la Sociedad Neurol\u00f3gica Argentina<\/strong> con la charla sobre &#8220;Epilepsia y Salud Mental&#8221;: participar\u00e1n la Dra. D&#8217;Alessio Luciana y la Dra. Papayannis Cristina.<\/p>\n<p>Fecha: Viernes 8 de Septiembre a las 18.30 horas<\/p>\n<p><strong>Encuentro virtual entre Espacio Epilepsia y la Sociedad Neurol\u00f3gica Argentina<\/strong> con la charla: &#8220;ABC de la epilepsia en la primera consulta&#8221;: participar\u00e1n el Dr. Facundo Latini y la Dra. Ayelen Pacheco.<\/p>\n<p>Para seguir el minuto a minuto de estos eventos nos encontramos en las redes:<\/p>\n<p>@espaciodeepilepsia<br \/>\n@semana_de_la_epilepsia<br \/>\n@yes_ilae<br \/>\n@lace.epilepsia<br \/>\n@sna_argentina<\/p>\n<p><span style=\"text-decoration: underline;\"><strong>Jornadas de Kinesiolog\u00eda y Epilepsia<\/strong><\/span><\/p>\n<p>Fecha: 13 de Septiembre de 9 a 12 hs<\/p>\n<p>Junto a la<strong> Universidad Nacional de C\u00f3rdoba se llevar\u00e1 adelante una Jornada virtual de epilepsia y Kinesiolog\u00eda junto a la Facultad de Kinesiolog\u00eda de la Universidad Nacional de C\u00f3rdoba.<\/strong><\/p>\n<p>Durante una jornada, estaremos informando sobre la <strong>vinculaci\u00f3n entre kinesiolog\u00eda y epilepsia: Primeros auxilios en epilepsia, la importancia de los tratamientos de kinesiolog\u00eda despu\u00e9s de una crisis convulsiva, dispositivos de bioingenier\u00eda utilizados en epilepsia y dise\u00f1o centrado en el paciente.<\/strong><\/p>\n<p>Para seguir el minuto a minuto de estos eventos nos encontramos en las redes:<\/p>\n<p>@espaciodeepilepsia<\/p>\n<p>&nbsp;<\/p>\n<p><img data-recalc-dims=\"1\" loading=\"lazy\" decoding=\"async\" class=\"alignnone size-large wp-image-95051\" src=\"https:\/\/i0.wp.com\/cdnoticias.com\/wp-content\/uploads\/2023\/09\/WhatsApp-Image-2023-08-25-at-18.51.09.jpeg?resize=800%2C979&#038;ssl=1\" alt=\"\" width=\"800\" height=\"979\" srcset=\"https:\/\/i0.wp.com\/cdnoticias.com\/wp-content\/uploads\/2023\/09\/WhatsApp-Image-2023-08-25-at-18.51.09.jpeg?resize=837%2C1024&amp;ssl=1 837w, https:\/\/i0.wp.com\/cdnoticias.com\/wp-content\/uploads\/2023\/09\/WhatsApp-Image-2023-08-25-at-18.51.09.jpeg?resize=245%2C300&amp;ssl=1 245w, https:\/\/i0.wp.com\/cdnoticias.com\/wp-content\/uploads\/2023\/09\/WhatsApp-Image-2023-08-25-at-18.51.09.jpeg?resize=768%2C940&amp;ssl=1 768w, https:\/\/i0.wp.com\/cdnoticias.com\/wp-content\/uploads\/2023\/09\/WhatsApp-Image-2023-08-25-at-18.51.09.jpeg?w=904&amp;ssl=1 904w\" sizes=\"auto, (max-width: 800px) 100vw, 800px\" \/><\/p>\n<p><strong>Eventos presenciales:<\/strong><\/p>\n<p><span style=\"text-decoration: underline;\"><strong>8\u00b0 Marat\u00f3n Solidaria Universidad Siglo 21<\/strong><\/span><\/p>\n<p>Como Fundaci\u00f3n vamos a estar participando en la 8va marat\u00f3n de la Universidad Siglo 21 en C\u00f3rdoba. Estaremos apoyando este evento y tambi\u00e9n compartiendo informaci\u00f3n, stickers y aprovechando esta oportunidad para conocernos m\u00e1s. \u00bfCu\u00e1ndo? Domingo 10 de septiembre a partir de 8.30 horas<\/p>\n<p>Ubicaci\u00f3n: Universidad Siglo 21, 8555 De los Latinos C\u00f3rdoba, C\u00f3rdoba.<\/p>\n<p>Objetivo de la 8va Marat\u00f3n: <strong>Recaudar fondos que ser\u00e1n destinados a acompa\u00f1ar el trabajo diario que realiza Cruz Roja Argentina en el Campamento Humanitario en el norte de Salta<\/strong>. El objetivo es que cada vez m\u00e1s personas puedan acceder al #Agua Segura de forma sostenible.<\/p>\n<p><strong>La entrada al evento es libre y gratuita.<\/strong><\/p>\n<p>S\u00ed quer\u00e9s participar de la marat\u00f3n <a href=\"https:\/\/www.eventbrite.com.ar\/e\/8-maraton-solidaria-universidad-siglo-21-tickets-661434738107\" target=\"_blank\" rel=\"noopener\">consegu\u00ed tu entrada en el siguiente enlace.\u00a0<\/a><\/p>\n<p>@lasiglo21<br \/>\n@cruzrojaarg<br \/>\n@espaciodeepilepsia<\/p>\n","protected":false},"excerpt":{"rendered":"<p>Ser\u00e1 desde el 4 de septiembre, organizado por Espacio Epilepsia, una plataforma que informa, educa y visibiliza una problem\u00e1tica que<\/p>\n","protected":false},"author":2,"featured_media":95050,"comment_status":"closed","ping_status":"closed","sticky":false,"template":"","format":"standard","meta":{"_jetpack_memberships_contains_paid_content":false,"footnotes":""},"categories":[6,1],"tags":[],"class_list":["post-95049","post","type-post","status-publish","format-standard","has-post-thumbnail","hentry","category-nacionales","category-portada"],"jetpack_featured_media_url":"https:\/\/i0.wp.com\/cdnoticias.com\/wp-content\/uploads\/2023\/09\/Semana-de-la-epilepsia-RAFFO.png?fit=1080%2C592&ssl=1","jetpack_sharing_enabled":true,"_links":{"self":[{"href":"https:\/\/cdnoticias.com\/index.php\/wp-json\/wp\/v2\/posts\/95049","targetHints":{"allow":["GET"]}}],"collection":[{"href":"https:\/\/cdnoticias.com\/index.php\/wp-json\/wp\/v2\/posts"}],"about":[{"href":"https:\/\/cdnoticias.com\/index.php\/wp-json\/wp\/v2\/types\/post"}],"author":[{"embeddable":true,"href":"https:\/\/cdnoticias.com\/index.php\/wp-json\/wp\/v2\/users\/2"}],"replies":[{"embeddable":true,"href":"https:\/\/cdnoticias.com\/index.php\/wp-json\/wp\/v2\/comments?post=95049"}],"version-history":[{"count":0,"href":"https:\/\/cdnoticias.com\/index.php\/wp-json\/wp\/v2\/posts\/95049\/revisions"}],"wp:featuredmedia":[{"embeddable":true,"href":"https:\/\/cdnoticias.com\/index.php\/wp-json\/wp\/v2\/media\/95050"}],"wp:attachment":[{"href":"https:\/\/cdnoticias.com\/index.php\/wp-json\/wp\/v2\/media?parent=95049"}],"wp:term":[{"taxonomy":"category","embeddable":true,"href":"https:\/\/cdnoticias.com\/index.php\/wp-json\/wp\/v2\/categories?post=95049"},{"taxonomy":"post_tag","embeddable":true,"href":"https:\/\/cdnoticias.com\/index.php\/wp-json\/wp\/v2\/tags?post=95049"}],"curies":[{"name":"wp","href":"https:\/\/api.w.org\/{rel}","templated":true}]}}