{"id":95046,"date":"2023-09-02T18:48:54","date_gmt":"2023-09-02T21:48:54","guid":{"rendered":"https:\/\/www.centraldenoticias.com.ar\/?p=95046"},"modified":"2023-09-02T18:48:54","modified_gmt":"2023-09-02T21:48:54","slug":"coscia-celeste-arouxet-es-funcional-a-la-campora","status":"publish","type":"post","link":"https:\/\/cdnoticias.com\/index.php\/2023\/09\/02\/coscia-celeste-arouxet-es-funcional-a-la-campora\/","title":{"rendered":"Coscia: &#8220;Celeste Arouxet es funcional a La C\u00e1mpora&#8221;"},"content":{"rendered":"<p>El concejal oficialista se\u00f1al\u00f3 que la edil de Ahora Olavarr\u00eda \u201cdicen ser diferentes, pero son lo mismo&#8221; en referencia a Uni\u00f3n por la Patria. <!--more--><\/p>\n<hr \/>\n<p>Este s\u00e1bado, <strong>el concejal de Juntos Carlos \u201cTano\u201d Coscia, sali\u00f3 al cruce de Celeste Arouxet en el marco de la campa\u00f1a electoral y dijo que \u201ces funcional a La C\u00e1mpora\u201d en el Concejo Deliberante.<\/strong><\/p>\n<p>&nbsp;<\/p>\n<blockquote><p>\u201cLa concejal de Ahora Olavarr\u00eda, Celeste Arouxet, aspira a la intendencia de Olavarr\u00eda y proclama ser una opci\u00f3n diferente, que hace &#8216;pol\u00edtica de la buena&#8217;, sin embargo es dif\u00edcil dejar pasar cu\u00e1ntos proyectos presentados al HCD por el bloque Frente de Todos \u2013identificados con La C\u00e1mpora- ha acompa\u00f1ado&#8221;.<\/p><\/blockquote>\n<p>Asimismo, se\u00f1al\u00f3 que <em>&#8220;son llamativas las veces que ha manifestado estar de acuerdo con dicho bloque, ahora llamado \u201cUni\u00f3n por la Patria\u201d, aunque el cambio de nombre no significa que no pertenezcan al espacio conducido por Cristina Fern\u00e1ndez de Kirchner y que <strong>su candidato a intendente, Maximiliano Wesner, comparta boleta con Sergio Massa&#8221;.<\/strong><\/em><\/p>\n<p><em>&#8220;Durante el a\u00f1o 2022, en el que Celeste Arouxet ingres\u00f3 al Honorable Concejo Deliberante con bloque propio, obstaculiz\u00f3 junto al bloque Frente de Todos proyectos importantes como pedidos de informes al Ministerio de Seguridad bonaerense acerca de cu\u00e1ntos patrulleros se destinan al partido de Olavarr\u00eda, o solicitudes de informaci\u00f3n acerca del estado de la obra de la Facultad de Ciencias de la Salud, durante tantos meses inconclusa y tambi\u00e9n cada presupuesto municipal presentado fue rechazado desde su banca\u201d.<\/em><\/p>\n<p>&nbsp;<\/p>\n<p>Con el mismo tono de dureza, Coscia analiz\u00f3 que \u201c<em>mirando hacia sesiones pasadas, la inclinaci\u00f3n ideol\u00f3gica de Arouxet ha sido camporista. Imposible olvidar cuando, siguiendo a los concejales de La C\u00e1mpora, se retir\u00f3 del recinto en plena sesi\u00f3n ordinaria&#8221;.<\/em><\/p>\n<p>Para cerrar, insisti\u00f3 otra vez en se\u00f1alar que<em> &#8220;<strong>Celeste Arouxet es funcional a La C\u00e1mpora dentro del Concejo Deliberante y tambi\u00e9n lo es desde su candidatura a Intendente de Olavarr\u00eda, dicen ser diferentes, pero son lo mismo&#8221;.<\/strong><\/em><\/p>\n","protected":false},"excerpt":{"rendered":"<p>El concejal oficialista se\u00f1al\u00f3 que la edil de Ahora Olavarr\u00eda \u201cdicen ser diferentes, pero son lo mismo&#8221; en referencia a<\/p>\n","protected":false},"author":2,"featured_media":95047,"comment_status":"closed","ping_status":"closed","sticky":false,"template":"","format":"standard","meta":{"_jetpack_memberships_contains_paid_content":false,"footnotes":""},"categories":[4,1],"tags":[],"class_list":["post-95046","post","type-post","status-publish","format-standard","has-post-thumbnail","hentry","category-politica","category-portada"],"jetpack_featured_media_url":"https:\/\/i0.wp.com\/cdnoticias.com\/wp-content\/uploads\/2023\/09\/WhatsApp-Image-2023-09-02-at-10.06.43.jpeg?fit=1600%2C1069&ssl=1","jetpack_sharing_enabled":true,"_links":{"self":[{"href":"https:\/\/cdnoticias.com\/index.php\/wp-json\/wp\/v2\/posts\/95046","targetHints":{"allow":["GET"]}}],"collection":[{"href":"https:\/\/cdnoticias.com\/index.php\/wp-json\/wp\/v2\/posts"}],"about":[{"href":"https:\/\/cdnoticias.com\/index.php\/wp-json\/wp\/v2\/types\/post"}],"author":[{"embeddable":true,"href":"https:\/\/cdnoticias.com\/index.php\/wp-json\/wp\/v2\/users\/2"}],"replies":[{"embeddable":true,"href":"https:\/\/cdnoticias.com\/index.php\/wp-json\/wp\/v2\/comments?post=95046"}],"version-history":[{"count":0,"href":"https:\/\/cdnoticias.com\/index.php\/wp-json\/wp\/v2\/posts\/95046\/revisions"}],"wp:featuredmedia":[{"embeddable":true,"href":"https:\/\/cdnoticias.com\/index.php\/wp-json\/wp\/v2\/media\/95047"}],"wp:attachment":[{"href":"https:\/\/cdnoticias.com\/index.php\/wp-json\/wp\/v2\/media?parent=95046"}],"wp:term":[{"taxonomy":"category","embeddable":true,"href":"https:\/\/cdnoticias.com\/index.php\/wp-json\/wp\/v2\/categories?post=95046"},{"taxonomy":"post_tag","embeddable":true,"href":"https:\/\/cdnoticias.com\/index.php\/wp-json\/wp\/v2\/tags?post=95046"}],"curies":[{"name":"wp","href":"https:\/\/api.w.org\/{rel}","templated":true}]}}