{"id":95043,"date":"2023-09-02T17:47:01","date_gmt":"2023-09-02T20:47:01","guid":{"rendered":"https:\/\/www.centraldenoticias.com.ar\/?p=95043"},"modified":"2023-09-02T19:50:12","modified_gmt":"2023-09-02T22:50:12","slug":"sacheri-estara-presente-en-la-apertura-de-libros-en-olavarria","status":"publish","type":"post","link":"https:\/\/cdnoticias.com\/index.php\/2023\/09\/02\/sacheri-estara-presente-en-la-apertura-de-libros-en-olavarria\/","title":{"rendered":"Sacheri estar\u00e1 presente en la apertura de \u201cLibros en Olavarr\u00eda\u201d"},"content":{"rendered":"<p>La feria se desarrollar\u00e1 del 13 al 17 de septiembre en el Centro Cultural San Jos\u00e9. Presentar\u00e1 su \u00faltimo libro \u201cNosotros dos en la tormenta\u201d.<!--more--><\/p>\n<hr \/>\n<p>En el marco de la <strong>feria \u201cLibros en Olavarr\u00eda\u201d se confirm\u00f3 que Eduardo Sacheri ser\u00e1 el escritor que estar\u00e1 presente en la apertura del evento<\/strong> que se desarrollar\u00e1 del 13 al 17 de septiembre en el Centro Cultural Municipal San Jos\u00e9.<\/p>\n<p>&nbsp;<\/p>\n<p>Sacheri llegar\u00e1 a Olavarr\u00eda para la presentaci\u00f3n de su \u00faltimo libro <strong><em>\u201cNosotros dos en la tormenta\u201d<\/em><\/strong>: una novela situada en los a\u00f1os 70 de la Argentina, previo a la dictadura militar.<\/p>\n<p>&nbsp;<\/p>\n<blockquote><p>Ser\u00e1 el mi\u00e9rcoles 13 de septiembre, d\u00eda en el que tambi\u00e9n se presentar\u00e1 la escritora local Andrea Milano.<\/p><\/blockquote>\n<p>&nbsp;<\/p>\n<p>Ser\u00e1 esta la <strong>edici\u00f3n N\u00b027 de la Feria del Libro que contar\u00e1 con m\u00faltiples y diversas propuestas<\/strong>: talleres, charlas, actividades, m\u00fasica y contar\u00e1 con la presencia de figuras locales, regionales y nacionales.<\/p>\n","protected":false},"excerpt":{"rendered":"<p>La feria se desarrollar\u00e1 del 13 al 17 de septiembre en el Centro Cultural San Jos\u00e9. Presentar\u00e1 su \u00faltimo libro<\/p>\n","protected":false},"author":2,"featured_media":95044,"comment_status":"closed","ping_status":"closed","sticky":false,"template":"","format":"standard","meta":{"_jetpack_memberships_contains_paid_content":false,"footnotes":""},"categories":[9,1],"tags":[],"class_list":["post-95043","post","type-post","status-publish","format-standard","has-post-thumbnail","hentry","category-cultura","category-portada"],"jetpack_featured_media_url":"https:\/\/i0.wp.com\/cdnoticias.com\/wp-content\/uploads\/2023\/09\/sacheri.jpg?fit=1024%2C683&ssl=1","jetpack_sharing_enabled":true,"_links":{"self":[{"href":"https:\/\/cdnoticias.com\/index.php\/wp-json\/wp\/v2\/posts\/95043","targetHints":{"allow":["GET"]}}],"collection":[{"href":"https:\/\/cdnoticias.com\/index.php\/wp-json\/wp\/v2\/posts"}],"about":[{"href":"https:\/\/cdnoticias.com\/index.php\/wp-json\/wp\/v2\/types\/post"}],"author":[{"embeddable":true,"href":"https:\/\/cdnoticias.com\/index.php\/wp-json\/wp\/v2\/users\/2"}],"replies":[{"embeddable":true,"href":"https:\/\/cdnoticias.com\/index.php\/wp-json\/wp\/v2\/comments?post=95043"}],"version-history":[{"count":0,"href":"https:\/\/cdnoticias.com\/index.php\/wp-json\/wp\/v2\/posts\/95043\/revisions"}],"wp:featuredmedia":[{"embeddable":true,"href":"https:\/\/cdnoticias.com\/index.php\/wp-json\/wp\/v2\/media\/95044"}],"wp:attachment":[{"href":"https:\/\/cdnoticias.com\/index.php\/wp-json\/wp\/v2\/media?parent=95043"}],"wp:term":[{"taxonomy":"category","embeddable":true,"href":"https:\/\/cdnoticias.com\/index.php\/wp-json\/wp\/v2\/categories?post=95043"},{"taxonomy":"post_tag","embeddable":true,"href":"https:\/\/cdnoticias.com\/index.php\/wp-json\/wp\/v2\/tags?post=95043"}],"curies":[{"name":"wp","href":"https:\/\/api.w.org\/{rel}","templated":true}]}}