{"id":95041,"date":"2023-09-03T08:34:59","date_gmt":"2023-09-03T11:34:59","guid":{"rendered":"https:\/\/www.centraldenoticias.com.ar\/?p=95041"},"modified":"2023-09-03T10:39:08","modified_gmt":"2023-09-03T13:39:08","slug":"mercado-laboral-articular-la-oferta-y-la-demanda-es-importante-porque-hay-buena-oferta-educativa-en-olavarria","status":"publish","type":"post","link":"https:\/\/cdnoticias.com\/index.php\/2023\/09\/03\/mercado-laboral-articular-la-oferta-y-la-demanda-es-importante-porque-hay-buena-oferta-educativa-en-olavarria\/","title":{"rendered":"Mercado laboral: \u201cArticular la oferta y la demanda es importante porque hay buena oferta educativa en Olavarr\u00eda\u201d"},"content":{"rendered":"<p>Lo destac\u00f3 el secretario de Desarrollo Econ\u00f3mico municipal, Julio Valetutto, en la Expo Formaci\u00f3n + Empleo. Los cambios en la demanda y los desaf\u00edos para las empresas.<\/p>\n<p><!--more--><\/p>\n<hr \/>\n<p><strong>D\u00edas pasados se llev\u00f3 adelante la Expo Formaci\u00f3n + Empleo<\/strong> con la <a href=\"https:\/\/cdnoticias.com\/index.php\/2023\/08\/30\/expo-formacion-empleo-1200-estudiantes-participaron-de-la-jornada\/\" target=\"_blank\" rel=\"noopener\">participaci\u00f3n de unos 1200 estudiantes de Olavarr\u00eda<\/a>. <strong>Central de Noticias<\/strong> estuvo en el CEMO donde dialog\u00f3 con el <strong>secretario de Desarrollo Econ\u00f3mico municipal, Julio Valetutto<\/strong>.<\/p>\n<p>&nbsp;<\/p>\n<p><strong>\u201cEs invitar a los chicos de quinto a\u00f1o de los colegios que est\u00e1n pensando en su futuro<\/strong>, en su vocaci\u00f3n, en c\u00f3mo se van a relacionar con el mundo del trabajo.<strong> Invitar a las empresas de la ciudad y a las instituciones educativas para que justamente puedan mostrar su oferta<\/strong>, la oferta que hay en el Partido de Olavarr\u00eda, para que los chicos sigan estudiando ac\u00e1. O para que <strong>sepan tambi\u00e9n en el mercado laboral, qu\u00e9 oportunidades van a tener<\/strong>, qu\u00e9 puestos se requieren, qu\u00e9 habilidades son necesarias, c\u00f3mo encarar la vida laboral\u201d resumi\u00f3 sobre el objetivo de la exposici\u00f3n.<\/p>\n<p>&nbsp;<\/p>\n<blockquote><p>Acerca de la actualidad de la demanda laboral en Olavarr\u00eda, Valetutto se\u00f1al\u00f3 que \u201cse necesitan o se piden perfiles calificados de varios rubros. Hemos trabajado para suplementar algunas capacidades que hacen falta en la ciudad, como con las carreras de TUDAI (Tecnicatura Universitaria en Desarrollo de Aplicaciones Inform\u00e1ticas) o las carreras del mundo digital, y tambi\u00e9n en otros rubros. Por suerte hay rubros que tienen actividad y necesitan gente. Y los chicos se tienen que preparar para eso. Desde nuestro lado, tratar de alentarlos a que se encaminen en lo m\u00e1s requerido\u201d.<\/p><\/blockquote>\n<p>&nbsp;<\/p>\n<p>En ese contexto, el funcionario fue consultado por la <a href=\"https:\/\/cdnoticias.com\/index.php\/2023\/08\/26\/iteco-lanzo-una-nueva-oferta-academica\/\" target=\"_blank\" rel=\"noopener\">nueva carrera que present\u00f3 el Instituto Tecnol\u00f3gico de Olavarr\u00eda (ITECO)<\/a> la semana pasada: <strong>Tecnicatura Superior en Gesti\u00f3n Ambiental y Salud<\/strong>. \u201cEstamos armando la lista de interesados para estudiarla y la lista de docentes. Tiene que ver con <strong>necesidades que nos transmite el mercado laboral y requerimientos que creemos que son importantes poder cubrir con olavarrienses<\/strong>. As\u00ed que el ITECO, que es una instituci\u00f3n tan linda y tan flexible, con tanta vocaci\u00f3n de trabajar en el entorno productivo local, est\u00e1 avanzando con esa carrera que creemos que hace falta y que va a formar a muchas personas para cubrir las necesidades que nos transmiten los empresarios\u201d explic\u00f3.<\/p>\n<p>&nbsp;<\/p>\n<p><img data-recalc-dims=\"1\" loading=\"lazy\" decoding=\"async\" class=\"size-full wp-image-94754 aligncenter\" src=\"https:\/\/i0.wp.com\/cdnoticias.com\/wp-content\/uploads\/2023\/08\/expo-empleo-18.jpg?resize=800%2C445&#038;ssl=1\" alt=\"\" width=\"800\" height=\"445\" srcset=\"https:\/\/i0.wp.com\/cdnoticias.com\/wp-content\/uploads\/2023\/08\/expo-empleo-18.jpg?w=800&amp;ssl=1 800w, https:\/\/i0.wp.com\/cdnoticias.com\/wp-content\/uploads\/2023\/08\/expo-empleo-18.jpg?resize=300%2C167&amp;ssl=1 300w, https:\/\/i0.wp.com\/cdnoticias.com\/wp-content\/uploads\/2023\/08\/expo-empleo-18.jpg?resize=768%2C427&amp;ssl=1 768w\" sizes=\"auto, (max-width: 800px) 100vw, 800px\" \/><\/p>\n<p>&nbsp;<\/p>\n<p>El titular de Desarrollo Econ\u00f3mico local defini\u00f3 que <strong>\u201cestamos en momentos donde los j\u00f3venes tienen una manera mucho m\u00e1s libre o m\u00e1s distinta de pensar<\/strong>. Est\u00e1n busc\u00e1ndose, est\u00e1n tratando de encontrarse y de ver qu\u00e9 les gusta. Nosotros encontramos que son muy inteligentes, que est\u00e1n realmente escuch\u00e1ndose a s\u00ed mismos y que, aunque parezca que no tienen rumbo muchas veces o los empresarios nos dicen que no cumplen con alg\u00fan horario o con alguna cosa, <strong>es parte de un cambio generacional y que hay muchos chicos muy comprometidos\u201d<\/strong>.<\/p>\n<p>&nbsp;<\/p>\n<p><strong>La preferencia se mantiene en el mundo digital<\/strong>, \u201clo que tiene que ver con el <strong>ingreso en d\u00f3lares<\/strong>, pero tambi\u00e9n con que les gusta <strong>la programaci\u00f3n<\/strong> o creen que les gusta\u201d. En ese contexto resalt\u00f3 la oferta educativa local.<\/p>\n<p>&nbsp;<\/p>\n<blockquote><p>Dentro de ella, afirm\u00f3 que \u201chay una oferta de la Universidad Nacional del Centro muy buena que siempre cubre un mont\u00f3n de cuestiones muy importantes y adem\u00e1s es estrat\u00e9gico que tengamos las carreras de la Universidad ac\u00e1 en Olavarr\u00eda. Despu\u00e9s hay instituciones que tienen carreras intermedias que tambi\u00e9n son muy \u00fatiles. Articular la oferta y la demanda es importante porque hay buena oferta educativa en Olavarr\u00eda. Podr\u00eda ser que faltan algunas cosas, pero en general estamos bien y los chicos por ah\u00ed no la conocen y los padres tampoco. Entonces se pierden de hacer algo que les puede llegar a gustar o servir porque no lo vieron a tiempo o no se les despert\u00f3 la vocaci\u00f3n a tiempo.\u201d<\/p><\/blockquote>\n<p>&nbsp;<\/p>\n<p>Tambi\u00e9n valor\u00f3 <strong>la posibilidad de inserci\u00f3n laboral para los j\u00f3venes en Olavarr\u00eda<\/strong>, \u201clas empresas los reciben con buena predisposici\u00f3n, tienen buena voluntad y creemos que incluso hasta en \u00e1mbitos de salud, como en el Hospital, los chicos van a ver de qu\u00e9 se trata y los reciben muy contentos, los adultos lo toman con mucha generosidad. As\u00ed que es algo lindo y que hay que replicar lo m\u00e1ximo posible\u201d.<\/p>\n<p>&nbsp;<\/p>\n<p><img data-recalc-dims=\"1\" loading=\"lazy\" decoding=\"async\" class=\"size-full wp-image-94744 aligncenter\" src=\"https:\/\/i0.wp.com\/cdnoticias.com\/wp-content\/uploads\/2023\/08\/expo-empleo-08.jpg?resize=800%2C445&#038;ssl=1\" alt=\"\" width=\"800\" height=\"445\" srcset=\"https:\/\/i0.wp.com\/cdnoticias.com\/wp-content\/uploads\/2023\/08\/expo-empleo-08.jpg?w=800&amp;ssl=1 800w, https:\/\/i0.wp.com\/cdnoticias.com\/wp-content\/uploads\/2023\/08\/expo-empleo-08.jpg?resize=300%2C167&amp;ssl=1 300w, https:\/\/i0.wp.com\/cdnoticias.com\/wp-content\/uploads\/2023\/08\/expo-empleo-08.jpg?resize=768%2C427&amp;ssl=1 768w\" sizes=\"auto, (max-width: 800px) 100vw, 800px\" \/><\/p>\n<p>&nbsp;<\/p>\n<p>Entre los cambios que muestran quienes se insertan en el mercado laboral se destaca la <strong>alta rotaci\u00f3n<\/strong>. \u201cPara m\u00ed no representa un problema. S\u00ed que es un cambio tan grande despu\u00e9s de la pandemia que genera que algunas cosas sean dif\u00edciles de articular\u201d dijo Julio Valetutto, quien aclar\u00f3 que no es un planteo exclusivo de los j\u00f3venes. <strong>\u201cLos chicos y los grandes, ahora por ah\u00ed nos cuentan que necesitan m\u00e1s homeoffice que aumentos de sueldo. Entonces, quieren trabajar desde la casa, quieren tener libertad, quieren poder viajar o conocer cosas\u201d<\/strong> advirti\u00f3.<\/p>\n<p>&nbsp;<\/p>\n<p>Tuvo en cuenta que no todos los rubros pueden adaptarse a un requerimiento de ese tipo, pero igualmente se aplican cambios. <strong>\u201cMuchas empresas de manufactura de Olavarr\u00eda no est\u00e1n trabajando los s\u00e1bados<\/strong>, por ejemplo, para darles un d\u00eda libre o un fin de semana entero. Y eso genera un buen ambiente laboral. Hay muchas cosas que est\u00e1n pasando que son interesantes\u201d expres\u00f3 Valetutto.<\/p>\n<p>&nbsp;<\/p>\n<blockquote><p>\u201cLas personas en general -y los j\u00f3venes particularmente- est\u00e1n valorando mucho su tiempo y su experiencia en el trabajo al margen de su remuneraci\u00f3n econ\u00f3mica. Entonces, eso genera un desaf\u00edo. Pero bueno, vemos en muchas empresas que lo est\u00e1n usando o lo est\u00e1n trabajando de una manera positiva y que le est\u00e1n dando buenos resultados. En otras s\u00ed, es m\u00e1s dif\u00edcil y les genera ausentismo, o m\u00e1s rotaci\u00f3n\u201d contrast\u00f3.<\/p><\/blockquote>\n<p>&nbsp;<\/p>\n<p>En la interpretaci\u00f3n del secretario municipal, <strong>\u201ces un desaf\u00edo que no vamos a poder evitar<\/strong>. Hay que tratar de ser creativos y trabajar juntos porque no creo que se vaya a revertir la tendencia. Cada vez va a ser mayor y por eso es que las empresas de software o las empresas que trabajan con lo intangible tienen m\u00e1s ventajas. Y las que sean de manufactura, por ejemplo, van a tener m\u00e1s desaf\u00edos. Pero bueno, ah\u00ed vamos todos juntos\u201d.<\/p>\n<p>&nbsp;<\/p>\n<blockquote class=\"wp-embedded-content\" data-secret=\"rAchOxFIaL\"><p><a href=\"https:\/\/cdnoticias.com\/index.php\/2023\/08\/10\/la-direccion-de-empleo-destaco-el-aumento-de-la-demanda-laboral-en-olavarria\/\">La Direcci\u00f3n de Empleo destac\u00f3 el aumento de la demanda laboral en Olavarr\u00eda<\/a><\/p><\/blockquote>\n<p><iframe loading=\"lazy\" class=\"wp-embedded-content\" sandbox=\"allow-scripts\" security=\"restricted\" style=\"position: absolute; clip: rect(1px, 1px, 1px, 1px);\" title=\"&#8220;La Direcci\u00f3n de Empleo destac\u00f3 el aumento de la demanda laboral en Olavarr\u00eda&#8221; &#8212; Central de Noticias | Olavarr\u00eda\" src=\"https:\/\/cdnoticias.com\/index.php\/2023\/08\/10\/la-direccion-de-empleo-destaco-el-aumento-de-la-demanda-laboral-en-olavarria\/embed\/#?secret=GXup5QwDLz#?secret=rAchOxFIaL\" data-secret=\"rAchOxFIaL\" width=\"600\" height=\"338\" frameborder=\"0\" marginwidth=\"0\" marginheight=\"0\" scrolling=\"no\"><\/iframe><\/p>\n<p>&nbsp;<\/p>\n","protected":false},"excerpt":{"rendered":"<p>Lo destac\u00f3 el secretario de Desarrollo Econ\u00f3mico municipal, Julio Valetutto, en la Expo Formaci\u00f3n + Empleo. Los cambios en la<\/p>\n","protected":false},"author":4,"featured_media":94736,"comment_status":"closed","ping_status":"closed","sticky":false,"template":"","format":"standard","meta":{"_jetpack_memberships_contains_paid_content":false,"footnotes":""},"categories":[5,1],"tags":[],"class_list":["post-95041","post","type-post","status-publish","format-standard","has-post-thumbnail","hentry","category-informacion-general","category-portada"],"jetpack_featured_media_url":"https:\/\/i0.wp.com\/cdnoticias.com\/wp-content\/uploads\/2023\/08\/expo-empleo-00.jpg?fit=800%2C445&ssl=1","jetpack_sharing_enabled":true,"_links":{"self":[{"href":"https:\/\/cdnoticias.com\/index.php\/wp-json\/wp\/v2\/posts\/95041","targetHints":{"allow":["GET"]}}],"collection":[{"href":"https:\/\/cdnoticias.com\/index.php\/wp-json\/wp\/v2\/posts"}],"about":[{"href":"https:\/\/cdnoticias.com\/index.php\/wp-json\/wp\/v2\/types\/post"}],"author":[{"embeddable":true,"href":"https:\/\/cdnoticias.com\/index.php\/wp-json\/wp\/v2\/users\/4"}],"replies":[{"embeddable":true,"href":"https:\/\/cdnoticias.com\/index.php\/wp-json\/wp\/v2\/comments?post=95041"}],"version-history":[{"count":0,"href":"https:\/\/cdnoticias.com\/index.php\/wp-json\/wp\/v2\/posts\/95041\/revisions"}],"wp:featuredmedia":[{"embeddable":true,"href":"https:\/\/cdnoticias.com\/index.php\/wp-json\/wp\/v2\/media\/94736"}],"wp:attachment":[{"href":"https:\/\/cdnoticias.com\/index.php\/wp-json\/wp\/v2\/media?parent=95041"}],"wp:term":[{"taxonomy":"category","embeddable":true,"href":"https:\/\/cdnoticias.com\/index.php\/wp-json\/wp\/v2\/categories?post=95041"},{"taxonomy":"post_tag","embeddable":true,"href":"https:\/\/cdnoticias.com\/index.php\/wp-json\/wp\/v2\/tags?post=95041"}],"curies":[{"name":"wp","href":"https:\/\/api.w.org\/{rel}","templated":true}]}}