{"id":95034,"date":"2023-09-02T14:06:42","date_gmt":"2023-09-02T17:06:42","guid":{"rendered":"https:\/\/www.centraldenoticias.com.ar\/?p=95034"},"modified":"2023-09-02T20:49:12","modified_gmt":"2023-09-02T23:49:12","slug":"maxi-wesner-se-muestra-en-la-campana-junto-a-rodriguez-y-parra","status":"publish","type":"post","link":"https:\/\/cdnoticias.com\/index.php\/2023\/09\/02\/maxi-wesner-se-muestra-en-la-campana-junto-a-rodriguez-y-parra\/","title":{"rendered":"Maxi Wesner se muestra en la campa\u00f1a junto a Rodr\u00edguez y Parra"},"content":{"rendered":"<p>&#8220;Tenemos que seguir trabajando con seriedad, compromiso y mucha escucha&#8221;, expres\u00f3 el candidato de Uni\u00f3n por la Patria, en recorrida por dos barrios. <!--more--><\/p>\n<hr \/>\n<p>Este s\u00e1bado, <strong>el candidato a intendente Maximiliano Wesner volvi\u00f3 a reunir a cientos de vecinos en la plaza de Avenida Col\u00f3n y Moya.<\/strong> De la jornada tambi\u00e9n participaron los candidatos en las PASO de Uni\u00f3n por la Patria <strong>Eduardo Rodr\u00edguez y Hern\u00e1n Parra.<\/strong><\/p>\n<p>&nbsp;<\/p>\n<blockquote><p>&#8220;Con Eduardo y Hern\u00e1n somos parte del mismo espacio. La verdadera unidad es con los vecinos&#8221;, asegur\u00f3 Maximiliano Wesner.<\/p><\/blockquote>\n<p>&nbsp;<\/p>\n<p>Durante la jornada <strong>se reparti\u00f3 por los barrios Hip\u00f3lito Yrigoyen y Luj\u00e1n un folleto de agradecimiento, acompa\u00f1ado con un c\u00f3digo QR en el que se puede acceder a la plataforma de gobierno de Wesner.<\/strong><\/p>\n<p>&nbsp;<\/p>\n<p><em>&#8220;Son cada vez m\u00e1s vecinos y vecinas que se quieren sumar. Tenemos que seguir trabajando con seriedad, compromiso y mucha escucha para poder generar una plataforma cada vez m\u00e1s amplia&#8221;<\/em>, remarc\u00f3 el candidato.<\/p>\n<p>&nbsp;<\/p>\n<p><img data-recalc-dims=\"1\" loading=\"lazy\" decoding=\"async\" class=\"alignnone size-large wp-image-95035\" src=\"https:\/\/i0.wp.com\/cdnoticias.com\/wp-content\/uploads\/2023\/09\/WhatsApp-Image-2023-09-02-at-13.47.28.jpeg?resize=800%2C532&#038;ssl=1\" alt=\"\" width=\"800\" height=\"532\" srcset=\"https:\/\/i0.wp.com\/cdnoticias.com\/wp-content\/uploads\/2023\/09\/WhatsApp-Image-2023-09-02-at-13.47.28.jpeg?resize=1024%2C681&amp;ssl=1 1024w, https:\/\/i0.wp.com\/cdnoticias.com\/wp-content\/uploads\/2023\/09\/WhatsApp-Image-2023-09-02-at-13.47.28.jpeg?resize=300%2C200&amp;ssl=1 300w, https:\/\/i0.wp.com\/cdnoticias.com\/wp-content\/uploads\/2023\/09\/WhatsApp-Image-2023-09-02-at-13.47.28.jpeg?resize=768%2C511&amp;ssl=1 768w, https:\/\/i0.wp.com\/cdnoticias.com\/wp-content\/uploads\/2023\/09\/WhatsApp-Image-2023-09-02-at-13.47.28.jpeg?resize=272%2C182&amp;ssl=1 272w, https:\/\/i0.wp.com\/cdnoticias.com\/wp-content\/uploads\/2023\/09\/WhatsApp-Image-2023-09-02-at-13.47.28.jpeg?w=1400&amp;ssl=1 1400w\" sizes=\"auto, (max-width: 800px) 100vw, 800px\" \/><\/p>\n<p>&nbsp;<\/p>\n<p>Luego de convocar a los referentes de los tres espacios que participaron en las PASO de UxP,<strong> Wesner llam\u00f3 a construir una &#8220;unidad de trabajo y acci\u00f3n, coordinar actividades, reuniones y crear un dispositivo que est\u00e9 activo las 24 horas&#8221;.<\/strong><\/p>\n<p>&nbsp;<\/p>\n<p>Por su parte, <strong>Eduardo Rodr\u00edguez manifest\u00f3<\/strong>: <em>&#8220;Ya tuvimos reuniones con todo el equipo de campa\u00f1a para sumarnos al trabajo de Uni\u00f3n por la Patria con el objetivo de que Maxi sea el pr\u00f3ximo intendente de Olavarr\u00eda&#8221;.<\/em><\/p>\n<p>&nbsp;<\/p>\n<blockquote><p>&#8220;Nuestra idea es hacer nuestro aporte. Vemos una muy buena predisposici\u00f3n y apertura por parte de Maxi&#8221;, subray\u00f3 el dirigente.<\/p><\/blockquote>\n<p>&nbsp;<\/p>\n<p>En tanto, <strong>Hern\u00e1n Parra asegur\u00f3<\/strong>: <em>&#8220;La gente nos puso en el lugar de acompa\u00f1ar al candidato ganador y eso es lo que vamos a hacer. Ya tuvimos reuniones y <strong>con el tiempo madurar\u00e1 una mayor integraci\u00f3n porque hay muchas propuestas coincidentes y sabemos que las diferencias est\u00e1n del otro lado<\/strong>&#8220;.<\/em><\/p>\n","protected":false},"excerpt":{"rendered":"<p>&#8220;Tenemos que seguir trabajando con seriedad, compromiso y mucha escucha&#8221;, expres\u00f3 el candidato de Uni\u00f3n por la Patria, en recorrida<\/p>\n","protected":false},"author":2,"featured_media":95036,"comment_status":"closed","ping_status":"closed","sticky":false,"template":"","format":"standard","meta":{"_jetpack_memberships_contains_paid_content":false,"footnotes":""},"categories":[4,1],"tags":[],"class_list":["post-95034","post","type-post","status-publish","format-standard","has-post-thumbnail","hentry","category-politica","category-portada"],"jetpack_featured_media_url":"https:\/\/i0.wp.com\/cdnoticias.com\/wp-content\/uploads\/2023\/09\/WhatsApp-Image-2023-09-02-at-13.47.27.jpeg?fit=1400%2C931&ssl=1","jetpack_sharing_enabled":true,"_links":{"self":[{"href":"https:\/\/cdnoticias.com\/index.php\/wp-json\/wp\/v2\/posts\/95034","targetHints":{"allow":["GET"]}}],"collection":[{"href":"https:\/\/cdnoticias.com\/index.php\/wp-json\/wp\/v2\/posts"}],"about":[{"href":"https:\/\/cdnoticias.com\/index.php\/wp-json\/wp\/v2\/types\/post"}],"author":[{"embeddable":true,"href":"https:\/\/cdnoticias.com\/index.php\/wp-json\/wp\/v2\/users\/2"}],"replies":[{"embeddable":true,"href":"https:\/\/cdnoticias.com\/index.php\/wp-json\/wp\/v2\/comments?post=95034"}],"version-history":[{"count":0,"href":"https:\/\/cdnoticias.com\/index.php\/wp-json\/wp\/v2\/posts\/95034\/revisions"}],"wp:featuredmedia":[{"embeddable":true,"href":"https:\/\/cdnoticias.com\/index.php\/wp-json\/wp\/v2\/media\/95036"}],"wp:attachment":[{"href":"https:\/\/cdnoticias.com\/index.php\/wp-json\/wp\/v2\/media?parent=95034"}],"wp:term":[{"taxonomy":"category","embeddable":true,"href":"https:\/\/cdnoticias.com\/index.php\/wp-json\/wp\/v2\/categories?post=95034"},{"taxonomy":"post_tag","embeddable":true,"href":"https:\/\/cdnoticias.com\/index.php\/wp-json\/wp\/v2\/tags?post=95034"}],"curies":[{"name":"wp","href":"https:\/\/api.w.org\/{rel}","templated":true}]}}