{"id":9503,"date":"2020-12-21T08:43:44","date_gmt":"2020-12-21T11:43:44","guid":{"rendered":"http:\/\/www.centraldenoticias.com.ar\/?p=9503"},"modified":"2020-12-21T08:43:44","modified_gmt":"2020-12-21T11:43:44","slug":"se-suspendio-la-fiesta-de-los-reyes-magos-de-sierras-bayas","status":"publish","type":"post","link":"https:\/\/cdnoticias.com\/index.php\/2020\/12\/21\/se-suspendio-la-fiesta-de-los-reyes-magos-de-sierras-bayas\/","title":{"rendered":"Se suspendi\u00f3 la Fiesta de los Reyes Magos de Sierras Bayas"},"content":{"rendered":"<p class=\"western\">La comisi\u00f3n organizadora de la tradicional festividad anunci\u00f3 que no se realizar\u00e1 el pr\u00f3ximo 5 de enero. Se montar\u00e1 el pesebre y habr\u00e1 un mensaje por redes sociales.<!--more--><\/p>\n<hr \/>\n<p class=\"western\"><strong>La comisi\u00f3n organizadora de la tradicional Fiesta de los Reyes Magos de Sierras Bayas anunci\u00f3 que no se realizar\u00e1 la pr\u00f3xima edici\u00f3n del 5 de enero.<\/strong><\/p>\n<p class=\"western\"><strong>Ver\u00f3nica Ruybal<\/strong>, integrante de la organizaci\u00f3n confirm\u00f3 a <strong>Central de Noticias<\/strong> la decisi\u00f3n y adelant\u00f3 la modalidad que tendr\u00e1 la jornada de este a\u00f1o.<\/p>\n<blockquote>\n<p class=\"western\">En este sentido, indic\u00f3 que se montar\u00e1 el pesebre en la bicisenda frente a la parroquia Cristo Rey. \u201cSe hicieron im\u00e1genes en tama\u00f1o real de Jos\u00e9, Mar\u00eda y el ni\u00f1o Dios\u201d adelant\u00f3 para adem\u00e1s, solicitar especialmente a los vecinos que se cuide el pesebre que se armar\u00e1.<\/p>\n<\/blockquote>\n<p class=\"western\"><strong>En la p\u00e1gina de Facebook de la Fiesta se ir\u00e1n publicando im\u00e1genes y pasajes de otras fiestas anteriores<\/strong>, y a su vez se invitar\u00e1 a todos los que a\u00f1o a a\u00f1o visitan Sierras Bayas para celebrar la llegada de los Reyes <strong>\u201cque suban fotos de c\u00f3mo preparan todo para la llegada de los magos de oriente\u201d<\/strong> cont\u00f3.<\/p>\n<p class=\"western\">El d\u00eda 5 de enero, por el mismo medio, <strong>los Reyes dejar\u00e1n un mensaje grabado<\/strong> y con ello cerrar\u00e1 el festejo.<\/p>\n<p class=\"western\">A ra\u00edz de la situaci\u00f3n sanitaria por la pandemia, en este a\u00f1o se defini\u00f3 posponer la fiesta como se ha realizado en m\u00e1s de 50 ediciones y no tendr\u00e1 lugar el tradicional festival con la presentaci\u00f3n del pesebre, la bajada de los Reyes desde las sierras para la entrega de los regalos a los ni\u00f1os y el cierre con un show de m\u00fasica en la localidad serrana.<\/p>\n","protected":false},"excerpt":{"rendered":"<p>La comisi\u00f3n organizadora de la tradicional festividad anunci\u00f3 que no se realizar\u00e1 el pr\u00f3ximo 5 de enero. Se montar\u00e1 el<\/p>\n","protected":false},"author":4,"featured_media":9504,"comment_status":"closed","ping_status":"closed","sticky":false,"template":"","format":"standard","meta":{"_jetpack_memberships_contains_paid_content":false,"footnotes":""},"categories":[9,1],"tags":[],"class_list":["post-9503","post","type-post","status-publish","format-standard","has-post-thumbnail","hentry","category-cultura","category-portada"],"jetpack_featured_media_url":"https:\/\/i0.wp.com\/cdnoticias.com\/wp-content\/uploads\/2020\/12\/sierras-bayas-web.jpg?fit=1000%2C558&ssl=1","jetpack_sharing_enabled":true,"_links":{"self":[{"href":"https:\/\/cdnoticias.com\/index.php\/wp-json\/wp\/v2\/posts\/9503","targetHints":{"allow":["GET"]}}],"collection":[{"href":"https:\/\/cdnoticias.com\/index.php\/wp-json\/wp\/v2\/posts"}],"about":[{"href":"https:\/\/cdnoticias.com\/index.php\/wp-json\/wp\/v2\/types\/post"}],"author":[{"embeddable":true,"href":"https:\/\/cdnoticias.com\/index.php\/wp-json\/wp\/v2\/users\/4"}],"replies":[{"embeddable":true,"href":"https:\/\/cdnoticias.com\/index.php\/wp-json\/wp\/v2\/comments?post=9503"}],"version-history":[{"count":0,"href":"https:\/\/cdnoticias.com\/index.php\/wp-json\/wp\/v2\/posts\/9503\/revisions"}],"wp:featuredmedia":[{"embeddable":true,"href":"https:\/\/cdnoticias.com\/index.php\/wp-json\/wp\/v2\/media\/9504"}],"wp:attachment":[{"href":"https:\/\/cdnoticias.com\/index.php\/wp-json\/wp\/v2\/media?parent=9503"}],"wp:term":[{"taxonomy":"category","embeddable":true,"href":"https:\/\/cdnoticias.com\/index.php\/wp-json\/wp\/v2\/categories?post=9503"},{"taxonomy":"post_tag","embeddable":true,"href":"https:\/\/cdnoticias.com\/index.php\/wp-json\/wp\/v2\/tags?post=9503"}],"curies":[{"name":"wp","href":"https:\/\/api.w.org\/{rel}","templated":true}]}}