{"id":95025,"date":"2023-09-02T09:24:10","date_gmt":"2023-09-02T12:24:10","guid":{"rendered":"https:\/\/www.centraldenoticias.com.ar\/?p=95025"},"modified":"2023-09-02T09:24:10","modified_gmt":"2023-09-02T12:24:10","slug":"hilario-galli-critico-a-kreplak-y-denuncio-una-baja-consecutiva-del-cud","status":"publish","type":"post","link":"https:\/\/cdnoticias.com\/index.php\/2023\/09\/02\/hilario-galli-critico-a-kreplak-y-denuncio-una-baja-consecutiva-del-cud\/","title":{"rendered":"Hilario Galli critic\u00f3 a Kreplak y denunci\u00f3 una \u201cbaja consecutiva\u201d del CUD"},"content":{"rendered":"<p>Se\u00f1al\u00f3 que a pesar de \u201chaber aumentado sistem\u00e1ticamente las prestaciones sanitarias municipales\u201d la coparticipaci\u00f3n \u201ces cada vez menor\u201d. Incluso, se\u00f1al\u00f3 una \u201cinexplicable\u201d ca\u00edda en 2023.<!--more--><\/p>\n<hr \/>\n<p>Luego de las cr\u00edticas de la Provincia por la decisi\u00f3n del intendente Galli de dejar de cobrar a los vecinos de Olavarr\u00eda que utilizan el sistema de salud local con carnet de condici\u00f3n 2 y 3,<strong> el secretario de Gobierno (y candidato a concejal) Hilario Galli respondi\u00f3 a dichas cr\u00edticas y se\u00f1al\u00f3 que el Partido lleva tres a\u00f1os de baja consecutiva del CUD. La \u00faltima, dijo, es \u201cinexplicable\u201d.<\/strong><\/p>\n<p>&nbsp;<\/p>\n<p>Tras \u201cense\u00f1arle\u201d algunos n\u00fameros, el funcionario Galli le se\u00f1al\u00f3 a Kreplak que<em> \u201cpara el per\u00edodo 20\/21 registramos 604.136 consultas, para el 21\/22 854.539 y para el 22\/23 1.216.142\u201d.<\/em><\/p>\n<p>&nbsp;<\/p>\n<p>Y aclar\u00f3: <strong><em>\u201cc\u00f3mo las consultas no son lo \u00fanico que computa el CUD, si tomamos tambi\u00e9n los egresos, pacientes por d\u00eda y porcentaje ocupacional tuvimos un 39,29% de incremento del 20\/21 al 21\/22 y del 41,27% del 21\/22 al 22\/23\u201d.<\/em><\/strong><\/p>\n<p>&nbsp;<\/p>\n<blockquote><p>\u201cA\u00fan as\u00ed, la participaci\u00f3n de salud en el CUD global en dichos periodos fue de 44,63% en 2021, 40,5% en 2022 y 37,7% en 2023\u201d esta \u00faltima fue catalogada como una \u201cinexplicable ca\u00edda\u201d.<\/p><\/blockquote>\n<p>&nbsp;<\/p>\n<p>Luego, Hilario Galli continu\u00f3 con los datos pero se meti\u00f3 en arena m\u00e1s pol\u00edtica: tras indicar que tom\u00f3 \u201cel crecimiento del pa\u00eds que ustedes cuentan\u201d confirm\u00f3 que en 2022 <strong><em>\u201cnos ingresaron $1.548M en concepto de CUD salud, y al 31 de julio de este a\u00f1o s\u00f3lo $1.361M\u201d.<\/em><\/strong><\/p>\n<p>&nbsp;<\/p>\n<p>En cifras,<em> \u201crepresenta en mismo t\u00e9rmino s\u00f3lo un 51% de aumento, cuando en igual per\u00edodo la inflaci\u00f3n acumulada representa un 60,2% (sin contar el 41,27% de aumento en las prestaciones)\u201d.<\/em><\/p>\n<p>&nbsp;<\/p>\n<blockquote><p>\u201cSer\u00eda interesante que el Ministro le cuente a los olavarrienses por qu\u00e9 a pesar de haber aumentado sistem\u00e1ticamente las prestaciones sanitarias municipales (IOMA y PAMI retir\u00e1ndose del privado), el dinero que llega por coparticipaci\u00f3n cada vez es menor\u201d.<\/p><\/blockquote>\n<p>&nbsp;<\/p>\n<p>Adem\u00e1s, pidi\u00f3 que Kreplak explique <strong><em>\u201cpor qu\u00e9 a pesar del \u2018crecimiento econ\u00f3mico\u2019 el CUD recibido por nuestra ciudad solo registra un aumento interanual de 91% con niveles inflacionarios de 120%\u201d.<\/em><\/strong><\/p>\n<p>&nbsp;<\/p>\n<p>Finalmente acus\u00f3 a Kreplak de emitir \u201crelatos sin contenido\u201d dado que<strong> present\u00f3 \u201cdatos de respaldo\u201d sobre sus dichos.<\/strong> \u201cMientras tanto vamos a seguir trabajando para que todos los olavarrienses est\u00e9n todos los d\u00edas un poco mejor, a pesar del desastre que hicieron en estos 4 a\u00f1os\u201d cerr\u00f3.<\/p>\n","protected":false},"excerpt":{"rendered":"<p>Se\u00f1al\u00f3 que a pesar de \u201chaber aumentado sistem\u00e1ticamente las prestaciones sanitarias municipales\u201d la coparticipaci\u00f3n \u201ces cada vez menor\u201d. Incluso, se\u00f1al\u00f3<\/p>\n","protected":false},"author":2,"featured_media":93843,"comment_status":"closed","ping_status":"closed","sticky":false,"template":"","format":"standard","meta":{"_jetpack_memberships_contains_paid_content":false,"footnotes":""},"categories":[4,1],"tags":[],"class_list":["post-95025","post","type-post","status-publish","format-standard","has-post-thumbnail","hentry","category-politica","category-portada"],"jetpack_featured_media_url":"https:\/\/i0.wp.com\/cdnoticias.com\/wp-content\/uploads\/2023\/08\/galli-hilario-ezequiel.jpg?fit=1000%2C556&ssl=1","jetpack_sharing_enabled":true,"_links":{"self":[{"href":"https:\/\/cdnoticias.com\/index.php\/wp-json\/wp\/v2\/posts\/95025","targetHints":{"allow":["GET"]}}],"collection":[{"href":"https:\/\/cdnoticias.com\/index.php\/wp-json\/wp\/v2\/posts"}],"about":[{"href":"https:\/\/cdnoticias.com\/index.php\/wp-json\/wp\/v2\/types\/post"}],"author":[{"embeddable":true,"href":"https:\/\/cdnoticias.com\/index.php\/wp-json\/wp\/v2\/users\/2"}],"replies":[{"embeddable":true,"href":"https:\/\/cdnoticias.com\/index.php\/wp-json\/wp\/v2\/comments?post=95025"}],"version-history":[{"count":0,"href":"https:\/\/cdnoticias.com\/index.php\/wp-json\/wp\/v2\/posts\/95025\/revisions"}],"wp:featuredmedia":[{"embeddable":true,"href":"https:\/\/cdnoticias.com\/index.php\/wp-json\/wp\/v2\/media\/93843"}],"wp:attachment":[{"href":"https:\/\/cdnoticias.com\/index.php\/wp-json\/wp\/v2\/media?parent=95025"}],"wp:term":[{"taxonomy":"category","embeddable":true,"href":"https:\/\/cdnoticias.com\/index.php\/wp-json\/wp\/v2\/categories?post=95025"},{"taxonomy":"post_tag","embeddable":true,"href":"https:\/\/cdnoticias.com\/index.php\/wp-json\/wp\/v2\/tags?post=95025"}],"curies":[{"name":"wp","href":"https:\/\/api.w.org\/{rel}","templated":true}]}}