{"id":95023,"date":"2023-09-02T09:23:45","date_gmt":"2023-09-02T12:23:45","guid":{"rendered":"https:\/\/www.centraldenoticias.com.ar\/?p=95023"},"modified":"2023-09-02T11:14:21","modified_gmt":"2023-09-02T14:14:21","slug":"el-hospital-publico-ya-esta-financiado-por-la-coparticipacion-provincial","status":"publish","type":"post","link":"https:\/\/cdnoticias.com\/index.php\/2023\/09\/02\/el-hospital-publico-ya-esta-financiado-por-la-coparticipacion-provincial\/","title":{"rendered":"\u201cEl hospital p\u00fablico ya est\u00e1 financiado por la coparticipaci\u00f3n provincial\u201d"},"content":{"rendered":"<p>El ministro de Salud de la Provincia, Nicol\u00e1s Kreplak, cruz\u00f3 al Intendente Galli luego del anuncio de que las personas con carnet de condici\u00f3n 2 y 3 no abonar\u00e1n ning\u00fan cargo por la atenci\u00f3n. Dijo que fue notificado hace 3 meses para interrumpir el cobro.<!--more--><\/p>\n<hr \/>\n<p>Tras el <strong>anuncio del intendente Galli en el cese del cobro a las personas que tienen carnet condici\u00f3n 2 y 3 en el sistema de Salud de Olavarr\u00eda, el ministro de Salud de la Provincia, Nicol\u00e1s Kreplak, sali\u00f3 al cruce a se\u00f1alar que la Provincia hizo un pedido de cese de cobro por el acceso a la salud<\/strong> y que ello es por el financiamiento de la Coparticipaci\u00f3n provincial.<\/p>\n<p>&nbsp;<\/p>\n<p>Galli se\u00f1al\u00f3 que con la decisi\u00f3n de equiparar los carnet de condici\u00f3n 2 y 3 a los de condici\u00f3n 1 se beneficiar\u00edan m\u00e1s de 22 mil vecinos de todo el partido, y que la decisi\u00f3n se tomaba por la \u201cprofunda\u201d crisis econ\u00f3mica nacional.<\/p>\n<p>&nbsp;<\/p>\n<blockquote class=\"wp-embedded-content\" data-secret=\"sF6r9Zpmww\"><p><a href=\"https:\/\/cdnoticias.com\/index.php\/2023\/09\/01\/ezequiel-galli-anuncio-atencion-gratis-en-el-hospital-para-usuarios-de-carnet-condicion-2-y-3\/\">Ezequiel Galli anunci\u00f3 atenci\u00f3n gratis en el Hospital para usuarios de carnet condici\u00f3n 2 y 3<\/a><\/p><\/blockquote>\n<p><iframe loading=\"lazy\" class=\"wp-embedded-content\" sandbox=\"allow-scripts\" security=\"restricted\" style=\"position: absolute; clip: rect(1px, 1px, 1px, 1px);\" title=\"&#8220;Ezequiel Galli anunci\u00f3 atenci\u00f3n gratis en el Hospital para usuarios de carnet condici\u00f3n 2 y 3&#8221; &#8212; Central de Noticias | Olavarr\u00eda\" src=\"https:\/\/cdnoticias.com\/index.php\/2023\/09\/01\/ezequiel-galli-anuncio-atencion-gratis-en-el-hospital-para-usuarios-de-carnet-condicion-2-y-3\/embed\/#?secret=B8uQrDMwBZ#?secret=sF6r9Zpmww\" data-secret=\"sF6r9Zpmww\" width=\"600\" height=\"338\" frameborder=\"0\" marginwidth=\"0\" marginheight=\"0\" scrolling=\"no\"><\/iframe><\/p>\n<p>&nbsp;<\/p>\n<p>&nbsp;<\/p>\n<p>Kreplak utiliz\u00f3 sus redes sociales, tom\u00f3 el mensaje que dej\u00f3 el intendente Galli con el secretario de Salud Germ\u00e1n Caputo y dej\u00f3 en claro que <strong>desde el Ministerio de Salud<em> \u201cnotificamos hace 3 meses a Olavarr\u00eda para que interrumpa el cobro por el acceso a la salud y lo siguen haciendo. Es inadmisible\u201d.<\/em><\/strong><\/p>\n<p>&nbsp;<\/p>\n<p>Denunci\u00f3, a su vez, que<strong><em> \u201ca\u00fan hay gente con deudas por atenciones\u201d<\/em><\/strong> y que<strong><em> \u201cel hospital p\u00fablico ya est\u00e1 financiado por la coparticipaci\u00f3n provincial\u201d<\/em><\/strong> bas\u00e1ndose en el ingreso por CUD (Coeficiente \u00fanico de distribuci\u00f3n).<\/p>\n<p>&nbsp;<\/p>\n<p><strong><em>\u201cNo debe cobrar\u201d<\/em> <\/strong>cerr\u00f3 el funcionario bonaerense en su explicaci\u00f3n y pedido desde la Provincia a la comuna.<\/p>\n","protected":false},"excerpt":{"rendered":"<p>El ministro de Salud de la Provincia, Nicol\u00e1s Kreplak, cruz\u00f3 al Intendente Galli luego del anuncio de que las personas<\/p>\n","protected":false},"author":2,"featured_media":33631,"comment_status":"closed","ping_status":"closed","sticky":false,"template":"","format":"standard","meta":{"_jetpack_memberships_contains_paid_content":false,"footnotes":""},"categories":[4,1],"tags":[],"class_list":["post-95023","post","type-post","status-publish","format-standard","has-post-thumbnail","hentry","category-politica","category-portada"],"jetpack_featured_media_url":"https:\/\/i0.wp.com\/cdnoticias.com\/wp-content\/uploads\/2021\/09\/Nicolas-Kreplak.jpg?fit=1280%2C855&ssl=1","jetpack_sharing_enabled":true,"_links":{"self":[{"href":"https:\/\/cdnoticias.com\/index.php\/wp-json\/wp\/v2\/posts\/95023","targetHints":{"allow":["GET"]}}],"collection":[{"href":"https:\/\/cdnoticias.com\/index.php\/wp-json\/wp\/v2\/posts"}],"about":[{"href":"https:\/\/cdnoticias.com\/index.php\/wp-json\/wp\/v2\/types\/post"}],"author":[{"embeddable":true,"href":"https:\/\/cdnoticias.com\/index.php\/wp-json\/wp\/v2\/users\/2"}],"replies":[{"embeddable":true,"href":"https:\/\/cdnoticias.com\/index.php\/wp-json\/wp\/v2\/comments?post=95023"}],"version-history":[{"count":0,"href":"https:\/\/cdnoticias.com\/index.php\/wp-json\/wp\/v2\/posts\/95023\/revisions"}],"wp:featuredmedia":[{"embeddable":true,"href":"https:\/\/cdnoticias.com\/index.php\/wp-json\/wp\/v2\/media\/33631"}],"wp:attachment":[{"href":"https:\/\/cdnoticias.com\/index.php\/wp-json\/wp\/v2\/media?parent=95023"}],"wp:term":[{"taxonomy":"category","embeddable":true,"href":"https:\/\/cdnoticias.com\/index.php\/wp-json\/wp\/v2\/categories?post=95023"},{"taxonomy":"post_tag","embeddable":true,"href":"https:\/\/cdnoticias.com\/index.php\/wp-json\/wp\/v2\/tags?post=95023"}],"curies":[{"name":"wp","href":"https:\/\/api.w.org\/{rel}","templated":true}]}}