{"id":95020,"date":"2023-09-02T08:28:16","date_gmt":"2023-09-02T11:28:16","guid":{"rendered":"https:\/\/www.centraldenoticias.com.ar\/?p=95020"},"modified":"2023-09-02T08:28:16","modified_gmt":"2023-09-02T11:28:16","slug":"yolanda-mafalda-lucchetti-viuda-de-porcel-yoli-q-e-p-d","status":"publish","type":"post","link":"https:\/\/cdnoticias.com\/index.php\/2023\/09\/02\/yolanda-mafalda-lucchetti-viuda-de-porcel-yoli-q-e-p-d\/","title":{"rendered":"Yolanda Mafalda Lucchetti viuda de Porcel \u201cYoli\u201d (Q.E.P.D.)"},"content":{"rendered":"<p>Falleci\u00f3 en Olavarr\u00eda el 2 de septiembre de 2023 a los 93 a\u00f1os. Su hijo Juan Alberto Porcel; su hija pol\u00edtica Beatriz Ser\u00e1fica Martini; sus nietos Mar\u00eda del Mar, Juan Mart\u00edn y Mar\u00eda Sol Porcel; su nieto pol\u00edtico Adri\u00e1n Serrese; sus bisnietas Carol y Chiara; su sobrina Mirta Porcel; su hija del coraz\u00f3n Guadalupe Sotto y dem\u00e1s deudos participan su fallecimiento.<\/p>\n<p>Sus restos ser\u00e1n velados en la sala de Espa\u00f1a 2942 departamento \u201cD\u201d, su responso ser\u00e1 en la Iglesia Monte Viggiano este s\u00e1bado a las 14:00 e inhumados en el Cementerio Loma de Paz a las 14:30 horas. Servicio adherido a Coopelectric.<\/p>\n<p>Nacida en Sierra Chica, vecina de Microcentro, jubilada y pensionada.<\/p>\n","protected":false},"excerpt":{"rendered":"<p>Falleci\u00f3 en Olavarr\u00eda el 2 de septiembre de 2023 a los 93 a\u00f1os. Su hijo Juan Alberto Porcel; su hija<\/p>\n","protected":false},"author":2,"featured_media":67646,"comment_status":"closed","ping_status":"closed","sticky":false,"template":"","format":"standard","meta":{"_jetpack_memberships_contains_paid_content":false,"footnotes":""},"categories":[10],"tags":[],"class_list":["post-95020","post","type-post","status-publish","format-standard","has-post-thumbnail","hentry","category-necrologicas"],"jetpack_featured_media_url":"https:\/\/i0.wp.com\/cdnoticias.com\/wp-content\/uploads\/2022\/10\/necrologicas-390-x-240.jpg?fit=390%2C240&ssl=1","jetpack_sharing_enabled":true,"_links":{"self":[{"href":"https:\/\/cdnoticias.com\/index.php\/wp-json\/wp\/v2\/posts\/95020","targetHints":{"allow":["GET"]}}],"collection":[{"href":"https:\/\/cdnoticias.com\/index.php\/wp-json\/wp\/v2\/posts"}],"about":[{"href":"https:\/\/cdnoticias.com\/index.php\/wp-json\/wp\/v2\/types\/post"}],"author":[{"embeddable":true,"href":"https:\/\/cdnoticias.com\/index.php\/wp-json\/wp\/v2\/users\/2"}],"replies":[{"embeddable":true,"href":"https:\/\/cdnoticias.com\/index.php\/wp-json\/wp\/v2\/comments?post=95020"}],"version-history":[{"count":0,"href":"https:\/\/cdnoticias.com\/index.php\/wp-json\/wp\/v2\/posts\/95020\/revisions"}],"wp:featuredmedia":[{"embeddable":true,"href":"https:\/\/cdnoticias.com\/index.php\/wp-json\/wp\/v2\/media\/67646"}],"wp:attachment":[{"href":"https:\/\/cdnoticias.com\/index.php\/wp-json\/wp\/v2\/media?parent=95020"}],"wp:term":[{"taxonomy":"category","embeddable":true,"href":"https:\/\/cdnoticias.com\/index.php\/wp-json\/wp\/v2\/categories?post=95020"},{"taxonomy":"post_tag","embeddable":true,"href":"https:\/\/cdnoticias.com\/index.php\/wp-json\/wp\/v2\/tags?post=95020"}],"curies":[{"name":"wp","href":"https:\/\/api.w.org\/{rel}","templated":true}]}}